{"id":125,"date":"2019-06-07T13:58:37","date_gmt":"2019-06-07T12:58:37","guid":{"rendered":"http:\/\/www.afaraba.org\/blog\/?p=125"},"modified":"2020-11-20T10:24:34","modified_gmt":"2020-11-20T09:24:34","slug":"visita-al-cre-alzheimer","status":"publish","type":"post","link":"http:\/\/www.afaraba.org\/blog\/index.php\/2019\/06\/07\/visita-al-cre-alzheimer\/","title":{"rendered":"VISITA AL CRE ALZHEIMER"},"content":{"rendered":"\n<h3 style=\"text-align:center\">Tras el \u00e9xito de la visita de 3 profesionales en 2018 al Centro de Referencia Estatal  de Atenci\u00f3n a Personas con Enfermedad de Alzheimer y otras Demencias del Imserso en Salamanca, este 2019 han sido 10 los miembros del equipo profesional que han acudido a este centro el pasado viernes<\/h3>\n\n\n\n<div class=\"wp-block-image\"><figure class=\"aligncenter is-resized\"><img loading=\"lazy\" src=\"http:\/\/www.afaraba.org\/blog\/wp-content\/uploads\/2019\/06\/WhatsApp-Image-2019-06-07-at-21.47.03-1024x497.jpeg\" alt=\"\" class=\"wp-image-128\" width=\"467\" height=\"227\" srcset=\"http:\/\/www.afaraba.org\/blog\/wp-content\/uploads\/2019\/06\/WhatsApp-Image-2019-06-07-at-21.47.03-1024x497.jpeg 1024w, http:\/\/www.afaraba.org\/blog\/wp-content\/uploads\/2019\/06\/WhatsApp-Image-2019-06-07-at-21.47.03-300x146.jpeg 300w, http:\/\/www.afaraba.org\/blog\/wp-content\/uploads\/2019\/06\/WhatsApp-Image-2019-06-07-at-21.47.03-768x373.jpeg 768w, http:\/\/www.afaraba.org\/blog\/wp-content\/uploads\/2019\/06\/WhatsApp-Image-2019-06-07-at-21.47.03-1200x583.jpeg 1200w, http:\/\/www.afaraba.org\/blog\/wp-content\/uploads\/2019\/06\/WhatsApp-Image-2019-06-07-at-21.47.03.jpeg 1600w\" sizes=\"(max-width: 467px) 85vw, 467px\" \/><\/figure><\/div>\n\n\n\n<p>Trat\u00e1ndose de un recurso especializado en la investigaci\u00f3n, an\u00e1lisis, evaluaci\u00f3n y conocimiento de las mejores f\u00f3rmulas para la atenci\u00f3n sociosanitaria de los afectados, nos interesaba conocer c\u00f3mo se trabaja prestando especial inter\u00e9s a las terapias no farmacol\u00f3gicas m\u00e1s innovadoras. Fue una jornada estupenda que adem\u00e1s compartimos con profesionales de AFA C\u00c1CERES por lo que pudimos intercambiar experiencias y generar nuevas ideas adem\u00e1s salir con m\u00e1s ilusi\u00f3n todav\u00eda, de la que llev\u00e1bamos. <\/p>\n","protected":false},"excerpt":{"rendered":"<p>Tras el \u00e9xito de la visita de 3 profesionales en 2018 al Centro de Referencia Estatal de Atenci\u00f3n a Personas con Enfermedad de Alzheimer y otras Demencias del Imserso en Salamanca, este 2019 han sido 10 los miembros del equipo profesional que han acudido a este centro el pasado viernes Trat\u00e1ndose de un recurso especializado &hellip; <a href=\"http:\/\/www.afaraba.org\/blog\/index.php\/2019\/06\/07\/visita-al-cre-alzheimer\/\" class=\"more-link\">Continuar leyendo<span class=\"screen-reader-text\"> \u00abVISITA AL CRE ALZHEIMER\u00bb<\/span><\/a><\/p>\n","protected":false},"author":1,"featured_media":0,"comment_status":"open","ping_status":"open","sticky":false,"template":"","format":"standard","meta":{"om_disable_all_campaigns":false,"_monsterinsights_skip_tracking":false,"_monsterinsights_sitenote_active":false,"_monsterinsights_sitenote_note":"","_monsterinsights_sitenote_category":0,"_uf_show_specific_survey":0,"_uf_disable_surveys":false},"categories":[5],"tags":[8,54,53,51,52,56,55,57,24],"aioseo_notices":[],"yoast_head":"<!-- This site is optimized with the Yoast SEO plugin v20.4 - https:\/\/yoast.com\/wordpress\/plugins\/seo\/ -->\n<title>VISITA AL CRE ALZHEIMER - AFARABA<\/title>\n<meta name=\"robots\" content=\"index, follow, max-snippet:-1, max-image-preview:large, max-video-preview:-1\" \/>\n<link rel=\"canonical\" href=\"http:\/\/www.afaraba.org\/blog\/index.php\/2019\/06\/07\/visita-al-cre-alzheimer\/\" \/>\n<meta property=\"og:locale\" content=\"es_ES\" \/>\n<meta property=\"og:type\" content=\"article\" \/>\n<meta property=\"og:title\" content=\"VISITA AL CRE ALZHEIMER - AFARABA\" \/>\n<meta property=\"og:description\" content=\"Tras el \u00e9xito de la visita de 3 profesionales en 2018 al Centro de Referencia Estatal de Atenci\u00f3n a Personas con Enfermedad de Alzheimer y otras Demencias del Imserso en Salamanca, este 2019 han sido 10 los miembros del equipo profesional que han acudido a este centro el pasado viernes Trat\u00e1ndose de un recurso especializado &hellip; Continuar leyendo &quot;VISITA AL CRE ALZHEIMER&quot;\" \/>\n<meta property=\"og:url\" content=\"http:\/\/www.afaraba.org\/blog\/index.php\/2019\/06\/07\/visita-al-cre-alzheimer\/\" \/>\n<meta property=\"og:site_name\" content=\"AFARABA\" \/>\n<meta property=\"article:published_time\" content=\"2019-06-07T12:58:37+00:00\" \/>\n<meta property=\"article:modified_time\" content=\"2020-11-20T09:24:34+00:00\" \/>\n<meta property=\"og:image\" content=\"http:\/\/www.afaraba.org\/blog\/wp-content\/uploads\/2019\/06\/WhatsApp-Image-2019-06-07-at-21.47.03-1024x497.jpeg\" \/>\n<meta name=\"author\" content=\"admin\" \/>\n<meta name=\"twitter:card\" content=\"summary_large_image\" \/>\n<meta name=\"twitter:label1\" content=\"Escrito por\" \/>\n\t<meta name=\"twitter:data1\" content=\"admin\" \/>\n\t<meta name=\"twitter:label2\" content=\"Tiempo de lectura\" \/>\n\t<meta name=\"twitter:data2\" content=\"1 minuto\" \/>\n<script type=\"application\/ld+json\" class=\"yoast-schema-graph\">{\"@context\":\"https:\/\/schema.org\",\"@graph\":[{\"@type\":\"Article\",\"@id\":\"http:\/\/www.afaraba.org\/blog\/index.php\/2019\/06\/07\/visita-al-cre-alzheimer\/#article\",\"isPartOf\":{\"@id\":\"http:\/\/www.afaraba.org\/blog\/index.php\/2019\/06\/07\/visita-al-cre-alzheimer\/\"},\"author\":{\"name\":\"admin\",\"@id\":\"https:\/\/www.afaraba.org\/blog\/#\/schema\/person\/4a0ab48b67420072f420109f30843c71\"},\"headline\":\"VISITA AL CRE ALZHEIMER\",\"datePublished\":\"2019-06-07T12:58:37+00:00\",\"dateModified\":\"2020-11-20T09:24:34+00:00\",\"mainEntityOfPage\":{\"@id\":\"http:\/\/www.afaraba.org\/blog\/index.php\/2019\/06\/07\/visita-al-cre-alzheimer\/\"},\"wordCount\":139,\"commentCount\":0,\"publisher\":{\"@id\":\"https:\/\/www.afaraba.org\/blog\/#organization\"},\"keywords\":[\"afaraba\",\"ATENCI\u00d3N PERSONAS CON ENFERMEDAD DE ALZHEIMEY OTRAS DEMENCIAS\",\"CENTRO DE REFERENCIA ESTATAL\",\"CRE\",\"CRE ALZHEIMER\",\"EQUIPO PROFESIONAL\",\"INSERSO SALAMANCA\",\"VITORIA\",\"vitoria gasteiz\"],\"articleSection\":[\"FORMACI\u00d3N\"],\"inLanguage\":\"es\",\"potentialAction\":[{\"@type\":\"CommentAction\",\"name\":\"Comment\",\"target\":[\"http:\/\/www.afaraba.org\/blog\/index.php\/2019\/06\/07\/visita-al-cre-alzheimer\/#respond\"]}]},{\"@type\":\"WebPage\",\"@id\":\"http:\/\/www.afaraba.org\/blog\/index.php\/2019\/06\/07\/visita-al-cre-alzheimer\/\",\"url\":\"http:\/\/www.afaraba.org\/blog\/index.php\/2019\/06\/07\/visita-al-cre-alzheimer\/\",\"name\":\"VISITA AL CRE ALZHEIMER - AFARABA\",\"isPartOf\":{\"@id\":\"https:\/\/www.afaraba.org\/blog\/#website\"},\"datePublished\":\"2019-06-07T12:58:37+00:00\",\"dateModified\":\"2020-11-20T09:24:34+00:00\",\"breadcrumb\":{\"@id\":\"http:\/\/www.afaraba.org\/blog\/index.php\/2019\/06\/07\/visita-al-cre-alzheimer\/#breadcrumb\"},\"inLanguage\":\"es\",\"potentialAction\":[{\"@type\":\"ReadAction\",\"target\":[\"http:\/\/www.afaraba.org\/blog\/index.php\/2019\/06\/07\/visita-al-cre-alzheimer\/\"]}]},{\"@type\":\"BreadcrumbList\",\"@id\":\"http:\/\/www.afaraba.org\/blog\/index.php\/2019\/06\/07\/visita-al-cre-alzheimer\/#breadcrumb\",\"itemListElement\":[{\"@type\":\"ListItem\",\"position\":1,\"name\":\"Portada\",\"item\":\"https:\/\/www.afaraba.org\/blog\/\"},{\"@type\":\"ListItem\",\"position\":2,\"name\":\"VISITA AL CRE ALZHEIMER\"}]},{\"@type\":\"WebSite\",\"@id\":\"https:\/\/www.afaraba.org\/blog\/#website\",\"url\":\"https:\/\/www.afaraba.org\/blog\/\",\"name\":\"AFARABA\",\"description\":\"BLOG AFARABA\",\"publisher\":{\"@id\":\"https:\/\/www.afaraba.org\/blog\/#organization\"},\"potentialAction\":[{\"@type\":\"SearchAction\",\"target\":{\"@type\":\"EntryPoint\",\"urlTemplate\":\"https:\/\/www.afaraba.org\/blog\/?s={search_term_string}\"},\"query-input\":\"required name=search_term_string\"}],\"inLanguage\":\"es\"},{\"@type\":\"Organization\",\"@id\":\"https:\/\/www.afaraba.org\/blog\/#organization\",\"name\":\"AFARABA\",\"url\":\"https:\/\/www.afaraba.org\/blog\/\",\"logo\":{\"@type\":\"ImageObject\",\"inLanguage\":\"es\",\"@id\":\"https:\/\/www.afaraba.org\/blog\/#\/schema\/logo\/image\/\",\"url\":\"http:\/\/www.afaraba.org\/blog\/wp-content\/uploads\/2020\/11\/cropped-AFA_HC-BLOG2.jpg\",\"contentUrl\":\"http:\/\/www.afaraba.org\/blog\/wp-content\/uploads\/2020\/11\/cropped-AFA_HC-BLOG2.jpg\",\"width\":240,\"height\":89,\"caption\":\"AFARABA\"},\"image\":{\"@id\":\"https:\/\/www.afaraba.org\/blog\/#\/schema\/logo\/image\/\"}},{\"@type\":\"Person\",\"@id\":\"https:\/\/www.afaraba.org\/blog\/#\/schema\/person\/4a0ab48b67420072f420109f30843c71\",\"name\":\"admin\",\"image\":{\"@type\":\"ImageObject\",\"inLanguage\":\"es\",\"@id\":\"https:\/\/www.afaraba.org\/blog\/#\/schema\/person\/image\/\",\"url\":\"http:\/\/0.gravatar.com\/avatar\/c2318eff2fb6ce04ef6dca732184cc5b?s=96&d=mm&r=g\",\"contentUrl\":\"http:\/\/0.gravatar.com\/avatar\/c2318eff2fb6ce04ef6dca732184cc5b?s=96&d=mm&r=g\",\"caption\":\"admin\"},\"url\":\"http:\/\/www.afaraba.org\/blog\/index.php\/author\/admin\/\"}]}<\/script>\n<!-- \/ Yoast SEO plugin. -->","yoast_head_json":{"title":"VISITA AL CRE ALZHEIMER - AFARABA","robots":{"index":"index","follow":"follow","max-snippet":"max-snippet:-1","max-image-preview":"max-image-preview:large","max-video-preview":"max-video-preview:-1"},"canonical":"http:\/\/www.afaraba.org\/blog\/index.php\/2019\/06\/07\/visita-al-cre-alzheimer\/","og_locale":"es_ES","og_type":"article","og_title":"VISITA AL CRE ALZHEIMER - AFARABA","og_description":"Tras el \u00e9xito de la visita de 3 profesionales en 2018 al Centro de Referencia Estatal de Atenci\u00f3n a Personas con Enfermedad de Alzheimer y otras Demencias del Imserso en Salamanca, este 2019 han sido 10 los miembros del equipo profesional que han acudido a este centro el pasado viernes Trat\u00e1ndose de un recurso especializado &hellip; Continuar leyendo \"VISITA AL CRE ALZHEIMER\"","og_url":"http:\/\/www.afaraba.org\/blog\/index.php\/2019\/06\/07\/visita-al-cre-alzheimer\/","og_site_name":"AFARABA","article_published_time":"2019-06-07T12:58:37+00:00","article_modified_time":"2020-11-20T09:24:34+00:00","og_image":[{"url":"http:\/\/www.afaraba.org\/blog\/wp-content\/uploads\/2019\/06\/WhatsApp-Image-2019-06-07-at-21.47.03-1024x497.jpeg"}],"author":"admin","twitter_card":"summary_large_image","twitter_misc":{"Escrito por":"admin","Tiempo de lectura":"1 minuto"},"schema":{"@context":"https:\/\/schema.org","@graph":[{"@type":"Article","@id":"http:\/\/www.afaraba.org\/blog\/index.php\/2019\/06\/07\/visita-al-cre-alzheimer\/#article","isPartOf":{"@id":"http:\/\/www.afaraba.org\/blog\/index.php\/2019\/06\/07\/visita-al-cre-alzheimer\/"},"author":{"name":"admin","@id":"https:\/\/www.afaraba.org\/blog\/#\/schema\/person\/4a0ab48b67420072f420109f30843c71"},"headline":"VISITA AL CRE ALZHEIMER","datePublished":"2019-06-07T12:58:37+00:00","dateModified":"2020-11-20T09:24:34+00:00","mainEntityOfPage":{"@id":"http:\/\/www.afaraba.org\/blog\/index.php\/2019\/06\/07\/visita-al-cre-alzheimer\/"},"wordCount":139,"commentCount":0,"publisher":{"@id":"https:\/\/www.afaraba.org\/blog\/#organization"},"keywords":["afaraba","ATENCI\u00d3N PERSONAS CON ENFERMEDAD DE ALZHEIMEY OTRAS DEMENCIAS","CENTRO DE REFERENCIA ESTATAL","CRE","CRE ALZHEIMER","EQUIPO PROFESIONAL","INSERSO SALAMANCA","VITORIA","vitoria gasteiz"],"articleSection":["FORMACI\u00d3N"],"inLanguage":"es","potentialAction":[{"@type":"CommentAction","name":"Comment","target":["http:\/\/www.afaraba.org\/blog\/index.php\/2019\/06\/07\/visita-al-cre-alzheimer\/#respond"]}]},{"@type":"WebPage","@id":"http:\/\/www.afaraba.org\/blog\/index.php\/2019\/06\/07\/visita-al-cre-alzheimer\/","url":"http:\/\/www.afaraba.org\/blog\/index.php\/2019\/06\/07\/visita-al-cre-alzheimer\/","name":"VISITA AL CRE ALZHEIMER - AFARABA","isPartOf":{"@id":"https:\/\/www.afaraba.org\/blog\/#website"},"datePublished":"2019-06-07T12:58:37+00:00","dateModified":"2020-11-20T09:24:34+00:00","breadcrumb":{"@id":"http:\/\/www.afaraba.org\/blog\/index.php\/2019\/06\/07\/visita-al-cre-alzheimer\/#breadcrumb"},"inLanguage":"es","potentialAction":[{"@type":"ReadAction","target":["http:\/\/www.afaraba.org\/blog\/index.php\/2019\/06\/07\/visita-al-cre-alzheimer\/"]}]},{"@type":"BreadcrumbList","@id":"http:\/\/www.afaraba.org\/blog\/index.php\/2019\/06\/07\/visita-al-cre-alzheimer\/#breadcrumb","itemListElement":[{"@type":"ListItem","position":1,"name":"Portada","item":"https:\/\/www.afaraba.org\/blog\/"},{"@type":"ListItem","position":2,"name":"VISITA AL CRE ALZHEIMER"}]},{"@type":"WebSite","@id":"https:\/\/www.afaraba.org\/blog\/#website","url":"https:\/\/www.afaraba.org\/blog\/","name":"AFARABA","description":"BLOG AFARABA","publisher":{"@id":"https:\/\/www.afaraba.org\/blog\/#organization"},"potentialAction":[{"@type":"SearchAction","target":{"@type":"EntryPoint","urlTemplate":"https:\/\/www.afaraba.org\/blog\/?s={search_term_string}"},"query-input":"required name=search_term_string"}],"inLanguage":"es"},{"@type":"Organization","@id":"https:\/\/www.afaraba.org\/blog\/#organization","name":"AFARABA","url":"https:\/\/www.afaraba.org\/blog\/","logo":{"@type":"ImageObject","inLanguage":"es","@id":"https:\/\/www.afaraba.org\/blog\/#\/schema\/logo\/image\/","url":"http:\/\/www.afaraba.org\/blog\/wp-content\/uploads\/2020\/11\/cropped-AFA_HC-BLOG2.jpg","contentUrl":"http:\/\/www.afaraba.org\/blog\/wp-content\/uploads\/2020\/11\/cropped-AFA_HC-BLOG2.jpg","width":240,"height":89,"caption":"AFARABA"},"image":{"@id":"https:\/\/www.afaraba.org\/blog\/#\/schema\/logo\/image\/"}},{"@type":"Person","@id":"https:\/\/www.afaraba.org\/blog\/#\/schema\/person\/4a0ab48b67420072f420109f30843c71","name":"admin","image":{"@type":"ImageObject","inLanguage":"es","@id":"https:\/\/www.afaraba.org\/blog\/#\/schema\/person\/image\/","url":"http:\/\/0.gravatar.com\/avatar\/c2318eff2fb6ce04ef6dca732184cc5b?s=96&d=mm&r=g","contentUrl":"http:\/\/0.gravatar.com\/avatar\/c2318eff2fb6ce04ef6dca732184cc5b?s=96&d=mm&r=g","caption":"admin"},"url":"http:\/\/www.afaraba.org\/blog\/index.php\/author\/admin\/"}]}},"_links":{"self":[{"href":"http:\/\/www.afaraba.org\/blog\/index.php\/wp-json\/wp\/v2\/posts\/125"}],"collection":[{"href":"http:\/\/www.afaraba.org\/blog\/index.php\/wp-json\/wp\/v2\/posts"}],"about":[{"href":"http:\/\/www.afaraba.org\/blog\/index.php\/wp-json\/wp\/v2\/types\/post"}],"author":[{"embeddable":true,"href":"http:\/\/www.afaraba.org\/blog\/index.php\/wp-json\/wp\/v2\/users\/1"}],"replies":[{"embeddable":true,"href":"http:\/\/www.afaraba.org\/blog\/index.php\/wp-json\/wp\/v2\/comments?post=125"}],"version-history":[{"count":3,"href":"http:\/\/www.afaraba.org\/blog\/index.php\/wp-json\/wp\/v2\/posts\/125\/revisions"}],"predecessor-version":[{"id":169,"href":"http:\/\/www.afaraba.org\/blog\/index.php\/wp-json\/wp\/v2\/posts\/125\/revisions\/169"}],"wp:attachment":[{"href":"http:\/\/www.afaraba.org\/blog\/index.php\/wp-json\/wp\/v2\/media?parent=125"}],"wp:term":[{"taxonomy":"category","embeddable":true,"href":"http:\/\/www.afaraba.org\/blog\/index.php\/wp-json\/wp\/v2\/categories?post=125"},{"taxonomy":"post_tag","embeddable":true,"href":"http:\/\/www.afaraba.org\/blog\/index.php\/wp-json\/wp\/v2\/tags?post=125"}],"curies":[{"name":"wp","href":"https:\/\/api.w.org\/{rel}","templated":true}]}}