{"id":132,"date":"2019-06-13T22:55:59","date_gmt":"2019-06-13T21:55:59","guid":{"rendered":"http:\/\/www.afaraba.org\/blog\/?p=132"},"modified":"2020-11-20T10:24:21","modified_gmt":"2020-11-20T09:24:21","slug":"jornada-anual-de-convivencia","status":"publish","type":"post","link":"http:\/\/www.afaraba.org\/blog\/index.php\/2019\/06\/13\/jornada-anual-de-convivencia\/","title":{"rendered":"JORNADA ANUAL DE CONVIVENCIA"},"content":{"rendered":"\n<h3>Un a\u00f1o m\u00e1s hemos organizado esta actividad,&nbsp;para juntarnos y disfrutar de un d\u00eda diferente con nuestros Asociados. El destino elegido este a\u00f1o&nbsp; Ezkio-Itsaso y Tolosa.<\/h3>\n\n\n\n<div class=\"wp-block-image\"><figure class=\"aligncenter is-resized\"><img loading=\"lazy\" src=\"http:\/\/www.afaraba.org\/blog\/wp-content\/uploads\/2019\/06\/WhatsApp-Image-2019-06-13-at-11.11.46-1024x768.jpeg\" alt=\"\" class=\"wp-image-133\" width=\"349\" height=\"263\" srcset=\"http:\/\/www.afaraba.org\/blog\/wp-content\/uploads\/2019\/06\/WhatsApp-Image-2019-06-13-at-11.11.46-1024x768.jpeg 1024w, http:\/\/www.afaraba.org\/blog\/wp-content\/uploads\/2019\/06\/WhatsApp-Image-2019-06-13-at-11.11.46-300x225.jpeg 300w, http:\/\/www.afaraba.org\/blog\/wp-content\/uploads\/2019\/06\/WhatsApp-Image-2019-06-13-at-11.11.46-768x576.jpeg 768w, http:\/\/www.afaraba.org\/blog\/wp-content\/uploads\/2019\/06\/WhatsApp-Image-2019-06-13-at-11.11.46-1200x900.jpeg 1200w, http:\/\/www.afaraba.org\/blog\/wp-content\/uploads\/2019\/06\/WhatsApp-Image-2019-06-13-at-11.11.46.jpeg 1600w\" sizes=\"(max-width: 349px) 85vw, 349px\" \/><\/figure><\/div>\n\n\n\n<p>&nbsp;<strong>Comenzamos la jornada visitando el Caser\u00edo-Museo Igartubeiti en Ezkio-Itsaso, un caser\u00edo lagar del siglo XVI que re\u00fane un conjunto de valores culturales hist\u00f3rico, arquitect\u00f3nico y simb\u00f3lico que hacen de \u00e9l un elemento clave del patrimonio vasco.  <\/strong><\/p>\n\n\n\n<div class=\"wp-block-image\"><figure class=\"aligncenter is-resized\"><img loading=\"lazy\" src=\"http:\/\/www.afaraba.org\/blog\/wp-content\/uploads\/2019\/06\/WhatsApp-Image-2019-06-13-at-11.11.50-1024x768.jpeg\" alt=\"\" class=\"wp-image-134\" width=\"410\" height=\"308\" srcset=\"http:\/\/www.afaraba.org\/blog\/wp-content\/uploads\/2019\/06\/WhatsApp-Image-2019-06-13-at-11.11.50-1024x768.jpeg 1024w, http:\/\/www.afaraba.org\/blog\/wp-content\/uploads\/2019\/06\/WhatsApp-Image-2019-06-13-at-11.11.50-300x225.jpeg 300w, http:\/\/www.afaraba.org\/blog\/wp-content\/uploads\/2019\/06\/WhatsApp-Image-2019-06-13-at-11.11.50-768x576.jpeg 768w, http:\/\/www.afaraba.org\/blog\/wp-content\/uploads\/2019\/06\/WhatsApp-Image-2019-06-13-at-11.11.50-1200x900.jpeg 1200w, http:\/\/www.afaraba.org\/blog\/wp-content\/uploads\/2019\/06\/WhatsApp-Image-2019-06-13-at-11.11.50.jpeg 1600w\" sizes=\"(max-width: 410px) 85vw, 410px\" \/><\/figure><\/div>\n\n\n\n<p style=\"text-align:left\"> <strong>Seguidamente visitamos la Ermita de la Antigua, considerada como \u2018la catedral de las ermitas vascas\u2019 que, con un exterior austero, sorprende en su interior con una extraordinaria cubierta de madera de roble que forman un complejo entramado de vigas y tirantes, como si de la construcci\u00f3n de un barco se tratara.   <\/strong><\/p>\n\n\n\n<div class=\"wp-block-image\"><figure class=\"aligncenter is-resized\"><img loading=\"lazy\" src=\"http:\/\/www.afaraba.org\/blog\/wp-content\/uploads\/2019\/06\/WhatsApp-Image-2019-06-13-at-18.30.13-1024x768.jpeg\" alt=\"\" class=\"wp-image-136\" width=\"476\" height=\"357\" srcset=\"http:\/\/www.afaraba.org\/blog\/wp-content\/uploads\/2019\/06\/WhatsApp-Image-2019-06-13-at-18.30.13-1024x768.jpeg 1024w, http:\/\/www.afaraba.org\/blog\/wp-content\/uploads\/2019\/06\/WhatsApp-Image-2019-06-13-at-18.30.13-300x225.jpeg 300w, http:\/\/www.afaraba.org\/blog\/wp-content\/uploads\/2019\/06\/WhatsApp-Image-2019-06-13-at-18.30.13-768x576.jpeg 768w, http:\/\/www.afaraba.org\/blog\/wp-content\/uploads\/2019\/06\/WhatsApp-Image-2019-06-13-at-18.30.13-1200x900.jpeg 1200w, http:\/\/www.afaraba.org\/blog\/wp-content\/uploads\/2019\/06\/WhatsApp-Image-2019-06-13-at-18.30.13.jpeg 1600w\" sizes=\"(max-width: 476px) 85vw, 476px\" \/><\/figure><\/div>\n\n\n\n<p style=\"text-align:left\"><strong>Adem\u00e1s pudimos degustar una&nbsp;riquisima comida en el Restaurante Aitxuri en Legazpi, finalmente nos desplazamos hasta Tolosa para conocer el Topic (Centro Internacional del T\u00edtere), un original museo que se visita como si de un juego se tratase, donde la curiosidad y la complicidad son fundamentales.&nbsp;&nbsp;&nbsp; <\/strong><\/p>\n\n\n\n<div class=\"wp-block-image\"><figure class=\"aligncenter is-resized\"><img loading=\"lazy\" src=\"http:\/\/www.afaraba.org\/blog\/wp-content\/uploads\/2019\/06\/WhatsApp-Image-2019-06-13-at-17.14.38-768x1024.jpeg\" alt=\"\" class=\"wp-image-135\" width=\"315\" height=\"420\" srcset=\"http:\/\/www.afaraba.org\/blog\/wp-content\/uploads\/2019\/06\/WhatsApp-Image-2019-06-13-at-17.14.38-768x1024.jpeg 768w, http:\/\/www.afaraba.org\/blog\/wp-content\/uploads\/2019\/06\/WhatsApp-Image-2019-06-13-at-17.14.38-225x300.jpeg 225w, http:\/\/www.afaraba.org\/blog\/wp-content\/uploads\/2019\/06\/WhatsApp-Image-2019-06-13-at-17.14.38.jpeg 1200w\" sizes=\"(max-width: 315px) 85vw, 315px\" \/><\/figure><\/div>\n\n\n\n<p><\/p>\n","protected":false},"excerpt":{"rendered":"<p>Un a\u00f1o m\u00e1s hemos organizado esta actividad,&nbsp;para juntarnos y disfrutar de un d\u00eda diferente con nuestros Asociados. El destino elegido este a\u00f1o&nbsp; Ezkio-Itsaso y Tolosa. &nbsp;Comenzamos la jornada visitando el Caser\u00edo-Museo Igartubeiti en Ezkio-Itsaso, un caser\u00edo lagar del siglo XVI que re\u00fane un conjunto de valores culturales hist\u00f3rico, arquitect\u00f3nico y simb\u00f3lico que hacen de \u00e9l &hellip; <a href=\"http:\/\/www.afaraba.org\/blog\/index.php\/2019\/06\/13\/jornada-anual-de-convivencia\/\" class=\"more-link\">Continuar leyendo<span class=\"screen-reader-text\"> \u00abJORNADA ANUAL DE CONVIVENCIA\u00bb<\/span><\/a><\/p>\n","protected":false},"author":1,"featured_media":0,"comment_status":"open","ping_status":"open","sticky":false,"template":"","format":"standard","meta":{"om_disable_all_campaigns":false,"_monsterinsights_skip_tracking":false,"_monsterinsights_sitenote_active":false,"_monsterinsights_sitenote_note":"","_monsterinsights_sitenote_category":0,"_uf_show_specific_survey":0,"_uf_disable_surveys":false},"categories":[59],"tags":[8,32,10,67,66,9,64,62,60,63,61,65],"aioseo_notices":[],"yoast_head":"<!-- This site is optimized with the Yoast SEO plugin v20.4 - https:\/\/yoast.com\/wordpress\/plugins\/seo\/ -->\n<title>JORNADA ANUAL DE CONVIVENCIA - AFARABA<\/title>\n<meta name=\"robots\" content=\"index, follow, max-snippet:-1, max-image-preview:large, max-video-preview:-1\" \/>\n<link rel=\"canonical\" href=\"http:\/\/www.afaraba.org\/blog\/index.php\/2019\/06\/13\/jornada-anual-de-convivencia\/\" \/>\n<meta property=\"og:locale\" content=\"es_ES\" \/>\n<meta property=\"og:type\" content=\"article\" \/>\n<meta property=\"og:title\" content=\"JORNADA ANUAL DE CONVIVENCIA - AFARABA\" \/>\n<meta property=\"og:description\" content=\"Un a\u00f1o m\u00e1s hemos organizado esta actividad,&nbsp;para juntarnos y disfrutar de un d\u00eda diferente con nuestros Asociados. El destino elegido este a\u00f1o&nbsp; Ezkio-Itsaso y Tolosa. &nbsp;Comenzamos la jornada visitando el Caser\u00edo-Museo Igartubeiti en Ezkio-Itsaso, un caser\u00edo lagar del siglo XVI que re\u00fane un conjunto de valores culturales hist\u00f3rico, arquitect\u00f3nico y simb\u00f3lico que hacen de \u00e9l &hellip; Continuar leyendo &quot;JORNADA ANUAL DE CONVIVENCIA&quot;\" \/>\n<meta property=\"og:url\" content=\"http:\/\/www.afaraba.org\/blog\/index.php\/2019\/06\/13\/jornada-anual-de-convivencia\/\" \/>\n<meta property=\"og:site_name\" content=\"AFARABA\" \/>\n<meta property=\"article:published_time\" content=\"2019-06-13T21:55:59+00:00\" \/>\n<meta property=\"article:modified_time\" content=\"2020-11-20T09:24:21+00:00\" \/>\n<meta property=\"og:image\" content=\"http:\/\/www.afaraba.org\/blog\/wp-content\/uploads\/2019\/06\/WhatsApp-Image-2019-06-13-at-11.11.46-1024x768.jpeg\" \/>\n<meta name=\"author\" content=\"admin\" \/>\n<meta name=\"twitter:card\" content=\"summary_large_image\" \/>\n<meta name=\"twitter:label1\" content=\"Escrito por\" \/>\n\t<meta name=\"twitter:data1\" content=\"admin\" \/>\n\t<meta name=\"twitter:label2\" content=\"Tiempo de lectura\" \/>\n\t<meta name=\"twitter:data2\" content=\"1 minuto\" \/>\n<script type=\"application\/ld+json\" class=\"yoast-schema-graph\">{\"@context\":\"https:\/\/schema.org\",\"@graph\":[{\"@type\":\"Article\",\"@id\":\"http:\/\/www.afaraba.org\/blog\/index.php\/2019\/06\/13\/jornada-anual-de-convivencia\/#article\",\"isPartOf\":{\"@id\":\"http:\/\/www.afaraba.org\/blog\/index.php\/2019\/06\/13\/jornada-anual-de-convivencia\/\"},\"author\":{\"name\":\"admin\",\"@id\":\"https:\/\/www.afaraba.org\/blog\/#\/schema\/person\/4a0ab48b67420072f420109f30843c71\"},\"headline\":\"JORNADA ANUAL DE CONVIVENCIA\",\"datePublished\":\"2019-06-13T21:55:59+00:00\",\"dateModified\":\"2020-11-20T09:24:21+00:00\",\"mainEntityOfPage\":{\"@id\":\"http:\/\/www.afaraba.org\/blog\/index.php\/2019\/06\/13\/jornada-anual-de-convivencia\/\"},\"wordCount\":183,\"commentCount\":0,\"publisher\":{\"@id\":\"https:\/\/www.afaraba.org\/blog\/#organization\"},\"keywords\":[\"afaraba\",\"Alava\",\"Alzheimer\",\"ASOCIACION\",\"CENTRO INTERNACIONAL DEL TITERE\",\"Demencias\",\"ERMITA DE LA ANTIGUA\",\"EZKIO-ITSASO\",\"JORNADA ANUAL CONVIVENCIA\",\"MUSEO IGARTUBEITI\",\"TOLOSA\",\"TOPIC\"],\"articleSection\":[\"ACTIVIDADES\"],\"inLanguage\":\"es\",\"potentialAction\":[{\"@type\":\"CommentAction\",\"name\":\"Comment\",\"target\":[\"http:\/\/www.afaraba.org\/blog\/index.php\/2019\/06\/13\/jornada-anual-de-convivencia\/#respond\"]}]},{\"@type\":\"WebPage\",\"@id\":\"http:\/\/www.afaraba.org\/blog\/index.php\/2019\/06\/13\/jornada-anual-de-convivencia\/\",\"url\":\"http:\/\/www.afaraba.org\/blog\/index.php\/2019\/06\/13\/jornada-anual-de-convivencia\/\",\"name\":\"JORNADA ANUAL DE CONVIVENCIA - AFARABA\",\"isPartOf\":{\"@id\":\"https:\/\/www.afaraba.org\/blog\/#website\"},\"datePublished\":\"2019-06-13T21:55:59+00:00\",\"dateModified\":\"2020-11-20T09:24:21+00:00\",\"breadcrumb\":{\"@id\":\"http:\/\/www.afaraba.org\/blog\/index.php\/2019\/06\/13\/jornada-anual-de-convivencia\/#breadcrumb\"},\"inLanguage\":\"es\",\"potentialAction\":[{\"@type\":\"ReadAction\",\"target\":[\"http:\/\/www.afaraba.org\/blog\/index.php\/2019\/06\/13\/jornada-anual-de-convivencia\/\"]}]},{\"@type\":\"BreadcrumbList\",\"@id\":\"http:\/\/www.afaraba.org\/blog\/index.php\/2019\/06\/13\/jornada-anual-de-convivencia\/#breadcrumb\",\"itemListElement\":[{\"@type\":\"ListItem\",\"position\":1,\"name\":\"Portada\",\"item\":\"https:\/\/www.afaraba.org\/blog\/\"},{\"@type\":\"ListItem\",\"position\":2,\"name\":\"JORNADA ANUAL DE CONVIVENCIA\"}]},{\"@type\":\"WebSite\",\"@id\":\"https:\/\/www.afaraba.org\/blog\/#website\",\"url\":\"https:\/\/www.afaraba.org\/blog\/\",\"name\":\"AFARABA\",\"description\":\"BLOG AFARABA\",\"publisher\":{\"@id\":\"https:\/\/www.afaraba.org\/blog\/#organization\"},\"potentialAction\":[{\"@type\":\"SearchAction\",\"target\":{\"@type\":\"EntryPoint\",\"urlTemplate\":\"https:\/\/www.afaraba.org\/blog\/?s={search_term_string}\"},\"query-input\":\"required name=search_term_string\"}],\"inLanguage\":\"es\"},{\"@type\":\"Organization\",\"@id\":\"https:\/\/www.afaraba.org\/blog\/#organization\",\"name\":\"AFARABA\",\"url\":\"https:\/\/www.afaraba.org\/blog\/\",\"logo\":{\"@type\":\"ImageObject\",\"inLanguage\":\"es\",\"@id\":\"https:\/\/www.afaraba.org\/blog\/#\/schema\/logo\/image\/\",\"url\":\"http:\/\/www.afaraba.org\/blog\/wp-content\/uploads\/2020\/11\/cropped-AFA_HC-BLOG2.jpg\",\"contentUrl\":\"http:\/\/www.afaraba.org\/blog\/wp-content\/uploads\/2020\/11\/cropped-AFA_HC-BLOG2.jpg\",\"width\":240,\"height\":89,\"caption\":\"AFARABA\"},\"image\":{\"@id\":\"https:\/\/www.afaraba.org\/blog\/#\/schema\/logo\/image\/\"}},{\"@type\":\"Person\",\"@id\":\"https:\/\/www.afaraba.org\/blog\/#\/schema\/person\/4a0ab48b67420072f420109f30843c71\",\"name\":\"admin\",\"image\":{\"@type\":\"ImageObject\",\"inLanguage\":\"es\",\"@id\":\"https:\/\/www.afaraba.org\/blog\/#\/schema\/person\/image\/\",\"url\":\"http:\/\/0.gravatar.com\/avatar\/c2318eff2fb6ce04ef6dca732184cc5b?s=96&d=mm&r=g\",\"contentUrl\":\"http:\/\/0.gravatar.com\/avatar\/c2318eff2fb6ce04ef6dca732184cc5b?s=96&d=mm&r=g\",\"caption\":\"admin\"},\"url\":\"http:\/\/www.afaraba.org\/blog\/index.php\/author\/admin\/\"}]}<\/script>\n<!-- \/ Yoast SEO plugin. -->","yoast_head_json":{"title":"JORNADA ANUAL DE CONVIVENCIA - AFARABA","robots":{"index":"index","follow":"follow","max-snippet":"max-snippet:-1","max-image-preview":"max-image-preview:large","max-video-preview":"max-video-preview:-1"},"canonical":"http:\/\/www.afaraba.org\/blog\/index.php\/2019\/06\/13\/jornada-anual-de-convivencia\/","og_locale":"es_ES","og_type":"article","og_title":"JORNADA ANUAL DE CONVIVENCIA - AFARABA","og_description":"Un a\u00f1o m\u00e1s hemos organizado esta actividad,&nbsp;para juntarnos y disfrutar de un d\u00eda diferente con nuestros Asociados. El destino elegido este a\u00f1o&nbsp; Ezkio-Itsaso y Tolosa. &nbsp;Comenzamos la jornada visitando el Caser\u00edo-Museo Igartubeiti en Ezkio-Itsaso, un caser\u00edo lagar del siglo XVI que re\u00fane un conjunto de valores culturales hist\u00f3rico, arquitect\u00f3nico y simb\u00f3lico que hacen de \u00e9l &hellip; Continuar leyendo \"JORNADA ANUAL DE CONVIVENCIA\"","og_url":"http:\/\/www.afaraba.org\/blog\/index.php\/2019\/06\/13\/jornada-anual-de-convivencia\/","og_site_name":"AFARABA","article_published_time":"2019-06-13T21:55:59+00:00","article_modified_time":"2020-11-20T09:24:21+00:00","og_image":[{"url":"http:\/\/www.afaraba.org\/blog\/wp-content\/uploads\/2019\/06\/WhatsApp-Image-2019-06-13-at-11.11.46-1024x768.jpeg"}],"author":"admin","twitter_card":"summary_large_image","twitter_misc":{"Escrito por":"admin","Tiempo de lectura":"1 minuto"},"schema":{"@context":"https:\/\/schema.org","@graph":[{"@type":"Article","@id":"http:\/\/www.afaraba.org\/blog\/index.php\/2019\/06\/13\/jornada-anual-de-convivencia\/#article","isPartOf":{"@id":"http:\/\/www.afaraba.org\/blog\/index.php\/2019\/06\/13\/jornada-anual-de-convivencia\/"},"author":{"name":"admin","@id":"https:\/\/www.afaraba.org\/blog\/#\/schema\/person\/4a0ab48b67420072f420109f30843c71"},"headline":"JORNADA ANUAL DE CONVIVENCIA","datePublished":"2019-06-13T21:55:59+00:00","dateModified":"2020-11-20T09:24:21+00:00","mainEntityOfPage":{"@id":"http:\/\/www.afaraba.org\/blog\/index.php\/2019\/06\/13\/jornada-anual-de-convivencia\/"},"wordCount":183,"commentCount":0,"publisher":{"@id":"https:\/\/www.afaraba.org\/blog\/#organization"},"keywords":["afaraba","Alava","Alzheimer","ASOCIACION","CENTRO INTERNACIONAL DEL TITERE","Demencias","ERMITA DE LA ANTIGUA","EZKIO-ITSASO","JORNADA ANUAL CONVIVENCIA","MUSEO IGARTUBEITI","TOLOSA","TOPIC"],"articleSection":["ACTIVIDADES"],"inLanguage":"es","potentialAction":[{"@type":"CommentAction","name":"Comment","target":["http:\/\/www.afaraba.org\/blog\/index.php\/2019\/06\/13\/jornada-anual-de-convivencia\/#respond"]}]},{"@type":"WebPage","@id":"http:\/\/www.afaraba.org\/blog\/index.php\/2019\/06\/13\/jornada-anual-de-convivencia\/","url":"http:\/\/www.afaraba.org\/blog\/index.php\/2019\/06\/13\/jornada-anual-de-convivencia\/","name":"JORNADA ANUAL DE CONVIVENCIA - AFARABA","isPartOf":{"@id":"https:\/\/www.afaraba.org\/blog\/#website"},"datePublished":"2019-06-13T21:55:59+00:00","dateModified":"2020-11-20T09:24:21+00:00","breadcrumb":{"@id":"http:\/\/www.afaraba.org\/blog\/index.php\/2019\/06\/13\/jornada-anual-de-convivencia\/#breadcrumb"},"inLanguage":"es","potentialAction":[{"@type":"ReadAction","target":["http:\/\/www.afaraba.org\/blog\/index.php\/2019\/06\/13\/jornada-anual-de-convivencia\/"]}]},{"@type":"BreadcrumbList","@id":"http:\/\/www.afaraba.org\/blog\/index.php\/2019\/06\/13\/jornada-anual-de-convivencia\/#breadcrumb","itemListElement":[{"@type":"ListItem","position":1,"name":"Portada","item":"https:\/\/www.afaraba.org\/blog\/"},{"@type":"ListItem","position":2,"name":"JORNADA ANUAL DE CONVIVENCIA"}]},{"@type":"WebSite","@id":"https:\/\/www.afaraba.org\/blog\/#website","url":"https:\/\/www.afaraba.org\/blog\/","name":"AFARABA","description":"BLOG AFARABA","publisher":{"@id":"https:\/\/www.afaraba.org\/blog\/#organization"},"potentialAction":[{"@type":"SearchAction","target":{"@type":"EntryPoint","urlTemplate":"https:\/\/www.afaraba.org\/blog\/?s={search_term_string}"},"query-input":"required name=search_term_string"}],"inLanguage":"es"},{"@type":"Organization","@id":"https:\/\/www.afaraba.org\/blog\/#organization","name":"AFARABA","url":"https:\/\/www.afaraba.org\/blog\/","logo":{"@type":"ImageObject","inLanguage":"es","@id":"https:\/\/www.afaraba.org\/blog\/#\/schema\/logo\/image\/","url":"http:\/\/www.afaraba.org\/blog\/wp-content\/uploads\/2020\/11\/cropped-AFA_HC-BLOG2.jpg","contentUrl":"http:\/\/www.afaraba.org\/blog\/wp-content\/uploads\/2020\/11\/cropped-AFA_HC-BLOG2.jpg","width":240,"height":89,"caption":"AFARABA"},"image":{"@id":"https:\/\/www.afaraba.org\/blog\/#\/schema\/logo\/image\/"}},{"@type":"Person","@id":"https:\/\/www.afaraba.org\/blog\/#\/schema\/person\/4a0ab48b67420072f420109f30843c71","name":"admin","image":{"@type":"ImageObject","inLanguage":"es","@id":"https:\/\/www.afaraba.org\/blog\/#\/schema\/person\/image\/","url":"http:\/\/0.gravatar.com\/avatar\/c2318eff2fb6ce04ef6dca732184cc5b?s=96&d=mm&r=g","contentUrl":"http:\/\/0.gravatar.com\/avatar\/c2318eff2fb6ce04ef6dca732184cc5b?s=96&d=mm&r=g","caption":"admin"},"url":"http:\/\/www.afaraba.org\/blog\/index.php\/author\/admin\/"}]}},"_links":{"self":[{"href":"http:\/\/www.afaraba.org\/blog\/index.php\/wp-json\/wp\/v2\/posts\/132"}],"collection":[{"href":"http:\/\/www.afaraba.org\/blog\/index.php\/wp-json\/wp\/v2\/posts"}],"about":[{"href":"http:\/\/www.afaraba.org\/blog\/index.php\/wp-json\/wp\/v2\/types\/post"}],"author":[{"embeddable":true,"href":"http:\/\/www.afaraba.org\/blog\/index.php\/wp-json\/wp\/v2\/users\/1"}],"replies":[{"embeddable":true,"href":"http:\/\/www.afaraba.org\/blog\/index.php\/wp-json\/wp\/v2\/comments?post=132"}],"version-history":[{"count":7,"href":"http:\/\/www.afaraba.org\/blog\/index.php\/wp-json\/wp\/v2\/posts\/132\/revisions"}],"predecessor-version":[{"id":178,"href":"http:\/\/www.afaraba.org\/blog\/index.php\/wp-json\/wp\/v2\/posts\/132\/revisions\/178"}],"wp:attachment":[{"href":"http:\/\/www.afaraba.org\/blog\/index.php\/wp-json\/wp\/v2\/media?parent=132"}],"wp:term":[{"taxonomy":"category","embeddable":true,"href":"http:\/\/www.afaraba.org\/blog\/index.php\/wp-json\/wp\/v2\/categories?post=132"},{"taxonomy":"post_tag","embeddable":true,"href":"http:\/\/www.afaraba.org\/blog\/index.php\/wp-json\/wp\/v2\/tags?post=132"}],"curies":[{"name":"wp","href":"https:\/\/api.w.org\/{rel}","templated":true}]}}