{"id":216,"date":"2019-09-05T13:15:28","date_gmt":"2019-09-05T12:15:28","guid":{"rendered":"http:\/\/www.afaraba.org\/blog\/?p=216"},"modified":"2020-11-20T10:23:26","modified_gmt":"2020-11-20T09:23:26","slug":"el-5-de-septiembre-nos-reunimos-afaraba-afagi-y-afabizkaia-con-betion-y-h-enea-para-trasladarles-las-necesidades-que-vemos-en-nuestro-colectivo-y-la-manera-de-adecuar-su-servicio-a-dichas-necesidade","status":"publish","type":"post","link":"http:\/\/www.afaraba.org\/blog\/index.php\/2019\/09\/05\/el-5-de-septiembre-nos-reunimos-afaraba-afagi-y-afabizkaia-con-betion-y-h-enea-para-trasladarles-las-necesidades-que-vemos-en-nuestro-colectivo-y-la-manera-de-adecuar-su-servicio-a-dichas-necesidade\/","title":{"rendered":"AFARABA, AFAGI Y AFABIZKAIA con BetiOn y H-Enea"},"content":{"rendered":"\n<h3>El 5 de septiembre, nos reunimos AFARABA, AFAGI Y AFABIZKAIA con BetiOn y H-Enea para trasladarles las necesidades que vemos en nuestro colectivo y la manera de adecuar su servicio a dichas necesidades<\/h3>\n\n\n\n<p>\u00a0Ha sido una reuni\u00f3n muy productiva ya que se ha trabajado sobre:<\/p>\n\n\n\n<p> &#8211; Consensuar los ajustes y\/o necesidades de adaptaci\u00f3n del Servicio de Teleasistencia betiON a las personas con Alzheimer y sus familiares y posterior validaci\u00f3n en un piloto llevado a cabo en todos los territorios. <\/p>\n\n\n\n<p> &#8211; Valorar las v\u00edas de derivaci\u00f3n y coordinaci\u00f3n entre betiON y las AFAs.  <\/p>\n\n\n\n<p>&#8211; Conocer las habilidades y pautas de comportamiento del personal que trabaja con personas de demencia y estudiar futuras colaboraciones de formaci\u00f3n y sensibilizaci\u00f3n  <\/p>\n\n\n\n<p><\/p>\n\n\n\n<p><\/p>\n\n\n\n<ul class=\"wp-container-2 wp-block-gallery-1 wp-block-gallery columns-1 is-cropped\"><li class=\"blocks-gallery-item\"><figure><img loading=\"lazy\" width=\"1024\" height=\"577\" src=\"http:\/\/www.afaraba.org\/blog\/wp-content\/uploads\/2019\/10\/betion-1024x577.jpg\" alt=\"\" data-id=\"219\" data-link=\"http:\/\/www.afaraba.org\/blog\/?attachment_id=219\" class=\"wp-image-219\" srcset=\"http:\/\/www.afaraba.org\/blog\/wp-content\/uploads\/2019\/10\/betion-1024x577.jpg 1024w, http:\/\/www.afaraba.org\/blog\/wp-content\/uploads\/2019\/10\/betion-300x169.jpg 300w, http:\/\/www.afaraba.org\/blog\/wp-content\/uploads\/2019\/10\/betion-768x433.jpg 768w, http:\/\/www.afaraba.org\/blog\/wp-content\/uploads\/2019\/10\/betion.jpg 1163w\" sizes=\"(max-width: 709px) 85vw, (max-width: 909px) 67vw, (max-width: 1362px) 62vw, 840px\" \/><\/figure><\/li><\/ul>\n","protected":false},"excerpt":{"rendered":"<p>El 5 de septiembre, nos reunimos AFARABA, AFAGI Y AFABIZKAIA con BetiOn y H-Enea para trasladarles las necesidades que vemos en nuestro colectivo y la manera de adecuar su servicio a dichas necesidades \u00a0Ha sido una reuni\u00f3n muy productiva ya que se ha trabajado sobre: &#8211; Consensuar los ajustes y\/o necesidades de adaptaci\u00f3n del Servicio &hellip; <a href=\"http:\/\/www.afaraba.org\/blog\/index.php\/2019\/09\/05\/el-5-de-septiembre-nos-reunimos-afaraba-afagi-y-afabizkaia-con-betion-y-h-enea-para-trasladarles-las-necesidades-que-vemos-en-nuestro-colectivo-y-la-manera-de-adecuar-su-servicio-a-dichas-necesidade\/\" class=\"more-link\">Continuar leyendo<span class=\"screen-reader-text\"> \u00abAFARABA, AFAGI Y AFABIZKAIA con BetiOn y H-Enea\u00bb<\/span><\/a><\/p>\n","protected":false},"author":1,"featured_media":0,"comment_status":"open","ping_status":"open","sticky":false,"template":"","format":"standard","meta":{"om_disable_all_campaigns":false,"_monsterinsights_skip_tracking":false,"_monsterinsights_sitenote_active":false,"_monsterinsights_sitenote_note":"","_monsterinsights_sitenote_category":0,"_uf_show_specific_survey":0,"_uf_disable_surveys":false},"categories":[109],"tags":[],"aioseo_notices":[],"yoast_head":"<!-- This site is optimized with the Yoast SEO plugin v20.4 - https:\/\/yoast.com\/wordpress\/plugins\/seo\/ -->\n<title>AFARABA, AFAGI Y AFABIZKAIA con BetiOn y H-Enea - AFARABA<\/title>\n<meta name=\"robots\" content=\"index, follow, max-snippet:-1, max-image-preview:large, max-video-preview:-1\" \/>\n<link rel=\"canonical\" href=\"http:\/\/www.afaraba.org\/blog\/index.php\/2019\/09\/05\/el-5-de-septiembre-nos-reunimos-afaraba-afagi-y-afabizkaia-con-betion-y-h-enea-para-trasladarles-las-necesidades-que-vemos-en-nuestro-colectivo-y-la-manera-de-adecuar-su-servicio-a-dichas-necesidade\/\" \/>\n<meta property=\"og:locale\" content=\"es_ES\" \/>\n<meta property=\"og:type\" content=\"article\" \/>\n<meta property=\"og:title\" content=\"AFARABA, AFAGI Y AFABIZKAIA con BetiOn y H-Enea - AFARABA\" \/>\n<meta property=\"og:description\" content=\"El 5 de septiembre, nos reunimos AFARABA, AFAGI Y AFABIZKAIA con BetiOn y H-Enea para trasladarles las necesidades que vemos en nuestro colectivo y la manera de adecuar su servicio a dichas necesidades \u00a0Ha sido una reuni\u00f3n muy productiva ya que se ha trabajado sobre: &#8211; Consensuar los ajustes y\/o necesidades de adaptaci\u00f3n del Servicio &hellip; Continuar leyendo &quot;AFARABA, AFAGI Y AFABIZKAIA con BetiOn y H-Enea&quot;\" \/>\n<meta property=\"og:url\" content=\"http:\/\/www.afaraba.org\/blog\/index.php\/2019\/09\/05\/el-5-de-septiembre-nos-reunimos-afaraba-afagi-y-afabizkaia-con-betion-y-h-enea-para-trasladarles-las-necesidades-que-vemos-en-nuestro-colectivo-y-la-manera-de-adecuar-su-servicio-a-dichas-necesidade\/\" \/>\n<meta property=\"og:site_name\" content=\"AFARABA\" \/>\n<meta property=\"article:published_time\" content=\"2019-09-05T12:15:28+00:00\" \/>\n<meta property=\"article:modified_time\" content=\"2020-11-20T09:23:26+00:00\" \/>\n<meta property=\"og:image\" content=\"http:\/\/www.afaraba.org\/blog\/wp-content\/uploads\/2019\/10\/betion-1024x577.jpg\" \/>\n<meta name=\"author\" content=\"admin\" \/>\n<meta name=\"twitter:card\" content=\"summary_large_image\" \/>\n<meta name=\"twitter:label1\" content=\"Escrito por\" \/>\n\t<meta name=\"twitter:data1\" content=\"admin\" \/>\n\t<meta name=\"twitter:label2\" content=\"Tiempo de lectura\" \/>\n\t<meta name=\"twitter:data2\" content=\"1 minuto\" \/>\n<script type=\"application\/ld+json\" class=\"yoast-schema-graph\">{\"@context\":\"https:\/\/schema.org\",\"@graph\":[{\"@type\":\"Article\",\"@id\":\"http:\/\/www.afaraba.org\/blog\/index.php\/2019\/09\/05\/el-5-de-septiembre-nos-reunimos-afaraba-afagi-y-afabizkaia-con-betion-y-h-enea-para-trasladarles-las-necesidades-que-vemos-en-nuestro-colectivo-y-la-manera-de-adecuar-su-servicio-a-dichas-necesidade\/#article\",\"isPartOf\":{\"@id\":\"http:\/\/www.afaraba.org\/blog\/index.php\/2019\/09\/05\/el-5-de-septiembre-nos-reunimos-afaraba-afagi-y-afabizkaia-con-betion-y-h-enea-para-trasladarles-las-necesidades-que-vemos-en-nuestro-colectivo-y-la-manera-de-adecuar-su-servicio-a-dichas-necesidade\/\"},\"author\":{\"name\":\"admin\",\"@id\":\"https:\/\/www.afaraba.org\/blog\/#\/schema\/person\/4a0ab48b67420072f420109f30843c71\"},\"headline\":\"AFARABA, AFAGI Y AFABIZKAIA con BetiOn y H-Enea\",\"datePublished\":\"2019-09-05T12:15:28+00:00\",\"dateModified\":\"2020-11-20T09:23:26+00:00\",\"mainEntityOfPage\":{\"@id\":\"http:\/\/www.afaraba.org\/blog\/index.php\/2019\/09\/05\/el-5-de-septiembre-nos-reunimos-afaraba-afagi-y-afabizkaia-con-betion-y-h-enea-para-trasladarles-las-necesidades-que-vemos-en-nuestro-colectivo-y-la-manera-de-adecuar-su-servicio-a-dichas-necesidade\/\"},\"wordCount\":132,\"commentCount\":0,\"publisher\":{\"@id\":\"https:\/\/www.afaraba.org\/blog\/#organization\"},\"articleSection\":[\"COLABORACI\u00d3N\"],\"inLanguage\":\"es\",\"potentialAction\":[{\"@type\":\"CommentAction\",\"name\":\"Comment\",\"target\":[\"http:\/\/www.afaraba.org\/blog\/index.php\/2019\/09\/05\/el-5-de-septiembre-nos-reunimos-afaraba-afagi-y-afabizkaia-con-betion-y-h-enea-para-trasladarles-las-necesidades-que-vemos-en-nuestro-colectivo-y-la-manera-de-adecuar-su-servicio-a-dichas-necesidade\/#respond\"]}]},{\"@type\":\"WebPage\",\"@id\":\"http:\/\/www.afaraba.org\/blog\/index.php\/2019\/09\/05\/el-5-de-septiembre-nos-reunimos-afaraba-afagi-y-afabizkaia-con-betion-y-h-enea-para-trasladarles-las-necesidades-que-vemos-en-nuestro-colectivo-y-la-manera-de-adecuar-su-servicio-a-dichas-necesidade\/\",\"url\":\"http:\/\/www.afaraba.org\/blog\/index.php\/2019\/09\/05\/el-5-de-septiembre-nos-reunimos-afaraba-afagi-y-afabizkaia-con-betion-y-h-enea-para-trasladarles-las-necesidades-que-vemos-en-nuestro-colectivo-y-la-manera-de-adecuar-su-servicio-a-dichas-necesidade\/\",\"name\":\"AFARABA, AFAGI Y AFABIZKAIA con BetiOn y H-Enea - AFARABA\",\"isPartOf\":{\"@id\":\"https:\/\/www.afaraba.org\/blog\/#website\"},\"datePublished\":\"2019-09-05T12:15:28+00:00\",\"dateModified\":\"2020-11-20T09:23:26+00:00\",\"breadcrumb\":{\"@id\":\"http:\/\/www.afaraba.org\/blog\/index.php\/2019\/09\/05\/el-5-de-septiembre-nos-reunimos-afaraba-afagi-y-afabizkaia-con-betion-y-h-enea-para-trasladarles-las-necesidades-que-vemos-en-nuestro-colectivo-y-la-manera-de-adecuar-su-servicio-a-dichas-necesidade\/#breadcrumb\"},\"inLanguage\":\"es\",\"potentialAction\":[{\"@type\":\"ReadAction\",\"target\":[\"http:\/\/www.afaraba.org\/blog\/index.php\/2019\/09\/05\/el-5-de-septiembre-nos-reunimos-afaraba-afagi-y-afabizkaia-con-betion-y-h-enea-para-trasladarles-las-necesidades-que-vemos-en-nuestro-colectivo-y-la-manera-de-adecuar-su-servicio-a-dichas-necesidade\/\"]}]},{\"@type\":\"BreadcrumbList\",\"@id\":\"http:\/\/www.afaraba.org\/blog\/index.php\/2019\/09\/05\/el-5-de-septiembre-nos-reunimos-afaraba-afagi-y-afabizkaia-con-betion-y-h-enea-para-trasladarles-las-necesidades-que-vemos-en-nuestro-colectivo-y-la-manera-de-adecuar-su-servicio-a-dichas-necesidade\/#breadcrumb\",\"itemListElement\":[{\"@type\":\"ListItem\",\"position\":1,\"name\":\"Portada\",\"item\":\"https:\/\/www.afaraba.org\/blog\/\"},{\"@type\":\"ListItem\",\"position\":2,\"name\":\"AFARABA, AFAGI Y AFABIZKAIA con BetiOn y H-Enea\"}]},{\"@type\":\"WebSite\",\"@id\":\"https:\/\/www.afaraba.org\/blog\/#website\",\"url\":\"https:\/\/www.afaraba.org\/blog\/\",\"name\":\"AFARABA\",\"description\":\"BLOG AFARABA\",\"publisher\":{\"@id\":\"https:\/\/www.afaraba.org\/blog\/#organization\"},\"potentialAction\":[{\"@type\":\"SearchAction\",\"target\":{\"@type\":\"EntryPoint\",\"urlTemplate\":\"https:\/\/www.afaraba.org\/blog\/?s={search_term_string}\"},\"query-input\":\"required name=search_term_string\"}],\"inLanguage\":\"es\"},{\"@type\":\"Organization\",\"@id\":\"https:\/\/www.afaraba.org\/blog\/#organization\",\"name\":\"AFARABA\",\"url\":\"https:\/\/www.afaraba.org\/blog\/\",\"logo\":{\"@type\":\"ImageObject\",\"inLanguage\":\"es\",\"@id\":\"https:\/\/www.afaraba.org\/blog\/#\/schema\/logo\/image\/\",\"url\":\"http:\/\/www.afaraba.org\/blog\/wp-content\/uploads\/2020\/11\/cropped-AFA_HC-BLOG2.jpg\",\"contentUrl\":\"http:\/\/www.afaraba.org\/blog\/wp-content\/uploads\/2020\/11\/cropped-AFA_HC-BLOG2.jpg\",\"width\":240,\"height\":89,\"caption\":\"AFARABA\"},\"image\":{\"@id\":\"https:\/\/www.afaraba.org\/blog\/#\/schema\/logo\/image\/\"}},{\"@type\":\"Person\",\"@id\":\"https:\/\/www.afaraba.org\/blog\/#\/schema\/person\/4a0ab48b67420072f420109f30843c71\",\"name\":\"admin\",\"image\":{\"@type\":\"ImageObject\",\"inLanguage\":\"es\",\"@id\":\"https:\/\/www.afaraba.org\/blog\/#\/schema\/person\/image\/\",\"url\":\"http:\/\/0.gravatar.com\/avatar\/c2318eff2fb6ce04ef6dca732184cc5b?s=96&d=mm&r=g\",\"contentUrl\":\"http:\/\/0.gravatar.com\/avatar\/c2318eff2fb6ce04ef6dca732184cc5b?s=96&d=mm&r=g\",\"caption\":\"admin\"},\"url\":\"http:\/\/www.afaraba.org\/blog\/index.php\/author\/admin\/\"}]}<\/script>\n<!-- \/ Yoast SEO plugin. -->","yoast_head_json":{"title":"AFARABA, AFAGI Y AFABIZKAIA con BetiOn y H-Enea - AFARABA","robots":{"index":"index","follow":"follow","max-snippet":"max-snippet:-1","max-image-preview":"max-image-preview:large","max-video-preview":"max-video-preview:-1"},"canonical":"http:\/\/www.afaraba.org\/blog\/index.php\/2019\/09\/05\/el-5-de-septiembre-nos-reunimos-afaraba-afagi-y-afabizkaia-con-betion-y-h-enea-para-trasladarles-las-necesidades-que-vemos-en-nuestro-colectivo-y-la-manera-de-adecuar-su-servicio-a-dichas-necesidade\/","og_locale":"es_ES","og_type":"article","og_title":"AFARABA, AFAGI Y AFABIZKAIA con BetiOn y H-Enea - AFARABA","og_description":"El 5 de septiembre, nos reunimos AFARABA, AFAGI Y AFABIZKAIA con BetiOn y H-Enea para trasladarles las necesidades que vemos en nuestro colectivo y la manera de adecuar su servicio a dichas necesidades \u00a0Ha sido una reuni\u00f3n muy productiva ya que se ha trabajado sobre: &#8211; Consensuar los ajustes y\/o necesidades de adaptaci\u00f3n del Servicio &hellip; Continuar leyendo \"AFARABA, AFAGI Y AFABIZKAIA con BetiOn y H-Enea\"","og_url":"http:\/\/www.afaraba.org\/blog\/index.php\/2019\/09\/05\/el-5-de-septiembre-nos-reunimos-afaraba-afagi-y-afabizkaia-con-betion-y-h-enea-para-trasladarles-las-necesidades-que-vemos-en-nuestro-colectivo-y-la-manera-de-adecuar-su-servicio-a-dichas-necesidade\/","og_site_name":"AFARABA","article_published_time":"2019-09-05T12:15:28+00:00","article_modified_time":"2020-11-20T09:23:26+00:00","og_image":[{"url":"http:\/\/www.afaraba.org\/blog\/wp-content\/uploads\/2019\/10\/betion-1024x577.jpg"}],"author":"admin","twitter_card":"summary_large_image","twitter_misc":{"Escrito por":"admin","Tiempo de lectura":"1 minuto"},"schema":{"@context":"https:\/\/schema.org","@graph":[{"@type":"Article","@id":"http:\/\/www.afaraba.org\/blog\/index.php\/2019\/09\/05\/el-5-de-septiembre-nos-reunimos-afaraba-afagi-y-afabizkaia-con-betion-y-h-enea-para-trasladarles-las-necesidades-que-vemos-en-nuestro-colectivo-y-la-manera-de-adecuar-su-servicio-a-dichas-necesidade\/#article","isPartOf":{"@id":"http:\/\/www.afaraba.org\/blog\/index.php\/2019\/09\/05\/el-5-de-septiembre-nos-reunimos-afaraba-afagi-y-afabizkaia-con-betion-y-h-enea-para-trasladarles-las-necesidades-que-vemos-en-nuestro-colectivo-y-la-manera-de-adecuar-su-servicio-a-dichas-necesidade\/"},"author":{"name":"admin","@id":"https:\/\/www.afaraba.org\/blog\/#\/schema\/person\/4a0ab48b67420072f420109f30843c71"},"headline":"AFARABA, AFAGI Y AFABIZKAIA con BetiOn y H-Enea","datePublished":"2019-09-05T12:15:28+00:00","dateModified":"2020-11-20T09:23:26+00:00","mainEntityOfPage":{"@id":"http:\/\/www.afaraba.org\/blog\/index.php\/2019\/09\/05\/el-5-de-septiembre-nos-reunimos-afaraba-afagi-y-afabizkaia-con-betion-y-h-enea-para-trasladarles-las-necesidades-que-vemos-en-nuestro-colectivo-y-la-manera-de-adecuar-su-servicio-a-dichas-necesidade\/"},"wordCount":132,"commentCount":0,"publisher":{"@id":"https:\/\/www.afaraba.org\/blog\/#organization"},"articleSection":["COLABORACI\u00d3N"],"inLanguage":"es","potentialAction":[{"@type":"CommentAction","name":"Comment","target":["http:\/\/www.afaraba.org\/blog\/index.php\/2019\/09\/05\/el-5-de-septiembre-nos-reunimos-afaraba-afagi-y-afabizkaia-con-betion-y-h-enea-para-trasladarles-las-necesidades-que-vemos-en-nuestro-colectivo-y-la-manera-de-adecuar-su-servicio-a-dichas-necesidade\/#respond"]}]},{"@type":"WebPage","@id":"http:\/\/www.afaraba.org\/blog\/index.php\/2019\/09\/05\/el-5-de-septiembre-nos-reunimos-afaraba-afagi-y-afabizkaia-con-betion-y-h-enea-para-trasladarles-las-necesidades-que-vemos-en-nuestro-colectivo-y-la-manera-de-adecuar-su-servicio-a-dichas-necesidade\/","url":"http:\/\/www.afaraba.org\/blog\/index.php\/2019\/09\/05\/el-5-de-septiembre-nos-reunimos-afaraba-afagi-y-afabizkaia-con-betion-y-h-enea-para-trasladarles-las-necesidades-que-vemos-en-nuestro-colectivo-y-la-manera-de-adecuar-su-servicio-a-dichas-necesidade\/","name":"AFARABA, AFAGI Y AFABIZKAIA con BetiOn y H-Enea - AFARABA","isPartOf":{"@id":"https:\/\/www.afaraba.org\/blog\/#website"},"datePublished":"2019-09-05T12:15:28+00:00","dateModified":"2020-11-20T09:23:26+00:00","breadcrumb":{"@id":"http:\/\/www.afaraba.org\/blog\/index.php\/2019\/09\/05\/el-5-de-septiembre-nos-reunimos-afaraba-afagi-y-afabizkaia-con-betion-y-h-enea-para-trasladarles-las-necesidades-que-vemos-en-nuestro-colectivo-y-la-manera-de-adecuar-su-servicio-a-dichas-necesidade\/#breadcrumb"},"inLanguage":"es","potentialAction":[{"@type":"ReadAction","target":["http:\/\/www.afaraba.org\/blog\/index.php\/2019\/09\/05\/el-5-de-septiembre-nos-reunimos-afaraba-afagi-y-afabizkaia-con-betion-y-h-enea-para-trasladarles-las-necesidades-que-vemos-en-nuestro-colectivo-y-la-manera-de-adecuar-su-servicio-a-dichas-necesidade\/"]}]},{"@type":"BreadcrumbList","@id":"http:\/\/www.afaraba.org\/blog\/index.php\/2019\/09\/05\/el-5-de-septiembre-nos-reunimos-afaraba-afagi-y-afabizkaia-con-betion-y-h-enea-para-trasladarles-las-necesidades-que-vemos-en-nuestro-colectivo-y-la-manera-de-adecuar-su-servicio-a-dichas-necesidade\/#breadcrumb","itemListElement":[{"@type":"ListItem","position":1,"name":"Portada","item":"https:\/\/www.afaraba.org\/blog\/"},{"@type":"ListItem","position":2,"name":"AFARABA, AFAGI Y AFABIZKAIA con BetiOn y H-Enea"}]},{"@type":"WebSite","@id":"https:\/\/www.afaraba.org\/blog\/#website","url":"https:\/\/www.afaraba.org\/blog\/","name":"AFARABA","description":"BLOG AFARABA","publisher":{"@id":"https:\/\/www.afaraba.org\/blog\/#organization"},"potentialAction":[{"@type":"SearchAction","target":{"@type":"EntryPoint","urlTemplate":"https:\/\/www.afaraba.org\/blog\/?s={search_term_string}"},"query-input":"required name=search_term_string"}],"inLanguage":"es"},{"@type":"Organization","@id":"https:\/\/www.afaraba.org\/blog\/#organization","name":"AFARABA","url":"https:\/\/www.afaraba.org\/blog\/","logo":{"@type":"ImageObject","inLanguage":"es","@id":"https:\/\/www.afaraba.org\/blog\/#\/schema\/logo\/image\/","url":"http:\/\/www.afaraba.org\/blog\/wp-content\/uploads\/2020\/11\/cropped-AFA_HC-BLOG2.jpg","contentUrl":"http:\/\/www.afaraba.org\/blog\/wp-content\/uploads\/2020\/11\/cropped-AFA_HC-BLOG2.jpg","width":240,"height":89,"caption":"AFARABA"},"image":{"@id":"https:\/\/www.afaraba.org\/blog\/#\/schema\/logo\/image\/"}},{"@type":"Person","@id":"https:\/\/www.afaraba.org\/blog\/#\/schema\/person\/4a0ab48b67420072f420109f30843c71","name":"admin","image":{"@type":"ImageObject","inLanguage":"es","@id":"https:\/\/www.afaraba.org\/blog\/#\/schema\/person\/image\/","url":"http:\/\/0.gravatar.com\/avatar\/c2318eff2fb6ce04ef6dca732184cc5b?s=96&d=mm&r=g","contentUrl":"http:\/\/0.gravatar.com\/avatar\/c2318eff2fb6ce04ef6dca732184cc5b?s=96&d=mm&r=g","caption":"admin"},"url":"http:\/\/www.afaraba.org\/blog\/index.php\/author\/admin\/"}]}},"_links":{"self":[{"href":"http:\/\/www.afaraba.org\/blog\/index.php\/wp-json\/wp\/v2\/posts\/216"}],"collection":[{"href":"http:\/\/www.afaraba.org\/blog\/index.php\/wp-json\/wp\/v2\/posts"}],"about":[{"href":"http:\/\/www.afaraba.org\/blog\/index.php\/wp-json\/wp\/v2\/types\/post"}],"author":[{"embeddable":true,"href":"http:\/\/www.afaraba.org\/blog\/index.php\/wp-json\/wp\/v2\/users\/1"}],"replies":[{"embeddable":true,"href":"http:\/\/www.afaraba.org\/blog\/index.php\/wp-json\/wp\/v2\/comments?post=216"}],"version-history":[{"count":4,"href":"http:\/\/www.afaraba.org\/blog\/index.php\/wp-json\/wp\/v2\/posts\/216\/revisions"}],"predecessor-version":[{"id":221,"href":"http:\/\/www.afaraba.org\/blog\/index.php\/wp-json\/wp\/v2\/posts\/216\/revisions\/221"}],"wp:attachment":[{"href":"http:\/\/www.afaraba.org\/blog\/index.php\/wp-json\/wp\/v2\/media?parent=216"}],"wp:term":[{"taxonomy":"category","embeddable":true,"href":"http:\/\/www.afaraba.org\/blog\/index.php\/wp-json\/wp\/v2\/categories?post=216"},{"taxonomy":"post_tag","embeddable":true,"href":"http:\/\/www.afaraba.org\/blog\/index.php\/wp-json\/wp\/v2\/tags?post=216"}],"curies":[{"name":"wp","href":"https:\/\/api.w.org\/{rel}","templated":true}]}}