{"id":235,"date":"2019-09-19T09:21:00","date_gmt":"2019-09-19T08:21:00","guid":{"rendered":"http:\/\/www.afaraba.org\/blog\/?p=235"},"modified":"2020-11-20T10:21:56","modified_gmt":"2020-11-20T09:21:56","slug":"xxv-jornada-sobre-el-alzheimer","status":"publish","type":"post","link":"http:\/\/www.afaraba.org\/blog\/index.php\/2019\/09\/19\/xxv-jornada-sobre-el-alzheimer\/","title":{"rendered":"XXV JORNADA SOBRE EL ALZHEIMER"},"content":{"rendered":"\n<p class=\"has-text-align-left\"><strong>Durante el mes de septiembre CEAFA y toda su estructura confederal (adem\u00e1s de otras entidades interesadas) desarrolla un intenso programa de actos con el doble objetivo de sensibilizar a la sociedad espa\u00f1ola acerca de esta \u00abepidemia del siglo XXI\u00bb, as\u00ed como sus consecuencias sociosanitarias; y de desarrollar una campa\u00f1a de educaci\u00f3n sanitaria dirigida a promover la prevenci\u00f3n de esta patolog\u00eda, que afecta a m\u00e1s de 4,5 millones de personas en Espa\u00f1a, entre quienes la padecen directamente y sus familiares cuidadores. <\/strong><\/p>\n\n\n\n<p> El 19-09-2019 organizamos una intensa jornada formativa en el Centro Museo Artium. Comenzamos con la proyecci\u00f3n del documental \u201cCuidadores\u201d de Oskar Tejedor al que siguieron interesantes ponencias. <\/p>\n\n\n\n<div class=\"wp-block-image\"><figure class=\"alignright size-large is-resized\"><img loading=\"lazy\" src=\"http:\/\/www.afaraba.org\/blog\/wp-content\/uploads\/2019\/11\/IMG_20190919_093743-768x1024.jpg\" alt=\"\" class=\"wp-image-238\" width=\"185\" height=\"247\" srcset=\"http:\/\/www.afaraba.org\/blog\/wp-content\/uploads\/2019\/11\/IMG_20190919_093743-768x1024.jpg 768w, http:\/\/www.afaraba.org\/blog\/wp-content\/uploads\/2019\/11\/IMG_20190919_093743-225x300.jpg 225w, http:\/\/www.afaraba.org\/blog\/wp-content\/uploads\/2019\/11\/IMG_20190919_093743-1152x1536.jpg 1152w, http:\/\/www.afaraba.org\/blog\/wp-content\/uploads\/2019\/11\/IMG_20190919_093743-1536x2048.jpg 1536w, http:\/\/www.afaraba.org\/blog\/wp-content\/uploads\/2019\/11\/IMG_20190919_093743-1200x1600.jpg 1200w, http:\/\/www.afaraba.org\/blog\/wp-content\/uploads\/2019\/11\/IMG_20190919_093743-scaled.jpg 1920w\" sizes=\"(max-width: 185px) 85vw, 185px\" \/><figcaption> <em>\u00c1lvaro Garc\u00eda Soler<\/em> <\/figcaption><\/figure><\/div>\n\n\n\n<p>  Pudimos contar con la participaci\u00f3n de varios  ponentes con amplios conocimientos sobre dependencia y demencia.<\/p>\n\n\n\n<p> \u201cNuevos modelos de intervenci\u00f3n y atenci\u00f3n integral a las personas con<br> demencia\u201d.  \u00c1lvaro Garc\u00eda Soler, Doctor en Psicolog\u00eda e Investigador en<br> temas relacionados con el \u00e1mbito gerontol\u00f3gico: demencia y trastornos<br> de conducta de la Fundaci\u00f3n Mat\u00eda Instituto. <\/p>\n\n\n\n<div class=\"wp-block-image\"><figure class=\"alignright size-large is-resized\"><img loading=\"lazy\" src=\"http:\/\/www.afaraba.org\/blog\/wp-content\/uploads\/2019\/11\/WhatsApp-Image-2019-09-19-at-12.24.27-1024x768.jpeg\" alt=\"\" class=\"wp-image-239\" width=\"221\" height=\"167\" srcset=\"http:\/\/www.afaraba.org\/blog\/wp-content\/uploads\/2019\/11\/WhatsApp-Image-2019-09-19-at-12.24.27-1024x768.jpeg 1024w, http:\/\/www.afaraba.org\/blog\/wp-content\/uploads\/2019\/11\/WhatsApp-Image-2019-09-19-at-12.24.27-300x225.jpeg 300w, http:\/\/www.afaraba.org\/blog\/wp-content\/uploads\/2019\/11\/WhatsApp-Image-2019-09-19-at-12.24.27-768x576.jpeg 768w, http:\/\/www.afaraba.org\/blog\/wp-content\/uploads\/2019\/11\/WhatsApp-Image-2019-09-19-at-12.24.27-1536x1152.jpeg 1536w, http:\/\/www.afaraba.org\/blog\/wp-content\/uploads\/2019\/11\/WhatsApp-Image-2019-09-19-at-12.24.27-1200x900.jpeg 1200w, http:\/\/www.afaraba.org\/blog\/wp-content\/uploads\/2019\/11\/WhatsApp-Image-2019-09-19-at-12.24.27.jpeg 1600w\" sizes=\"(max-width: 221px) 85vw, 221px\" \/><figcaption> <em>Natalia Mart\u00ednez Manzarbeitia<\/em> <\/figcaption><\/figure><\/div>\n\n\n\n<div class=\"wp-container-1 wp-block-group\"><div class=\"wp-block-group__inner-container\">\n<p class=\"has-text-align-left\"> \u201cDiscapacidad y dependencia; c\u00f3mo se valoran en  las personas con  demencia\u201d.  Natalia Mart\u00ednez Manzarbeitia, Responsable de la Unidad  T\u00e9cnica de Valoraci\u00f3n de Discapacidad, Dependencia y Atenci\u00f3n<br> Temprana del Instituto Foral de Bienestar Social. <\/p>\n<\/div><\/div>\n\n\n\n<p><\/p>\n\n\n\n<p> <em>\u201cCriterios para diagnosticar el deterioro cognitivo leve y la demencia\u201d.<\/em><br><em> I\u00f1aki Artaza Artabe, M\u00e9dico especialista en geriatr\u00eda y Presidente de la<\/em><br><em> Fundaci\u00f3n Envejecimiento y Salud.<\/em> <\/p>\n\n\n\n<div class=\"wp-block-image\"><figure class=\"aligncenter size-large is-resized\"><img loading=\"lazy\" src=\"http:\/\/www.afaraba.org\/blog\/wp-content\/uploads\/2019\/11\/WhatsApp-Image-2019-09-19-at-16.05.52-1024x551.jpeg\" alt=\"I\u00f1aki Artaza Artabe\n\" class=\"wp-image-240\" width=\"441\" height=\"236\" srcset=\"http:\/\/www.afaraba.org\/blog\/wp-content\/uploads\/2019\/11\/WhatsApp-Image-2019-09-19-at-16.05.52-1024x551.jpeg 1024w, http:\/\/www.afaraba.org\/blog\/wp-content\/uploads\/2019\/11\/WhatsApp-Image-2019-09-19-at-16.05.52-300x161.jpeg 300w, http:\/\/www.afaraba.org\/blog\/wp-content\/uploads\/2019\/11\/WhatsApp-Image-2019-09-19-at-16.05.52-768x413.jpeg 768w, http:\/\/www.afaraba.org\/blog\/wp-content\/uploads\/2019\/11\/WhatsApp-Image-2019-09-19-at-16.05.52-1536x827.jpeg 1536w, http:\/\/www.afaraba.org\/blog\/wp-content\/uploads\/2019\/11\/WhatsApp-Image-2019-09-19-at-16.05.52-1200x646.jpeg 1200w, http:\/\/www.afaraba.org\/blog\/wp-content\/uploads\/2019\/11\/WhatsApp-Image-2019-09-19-at-16.05.52.jpeg 1600w\" sizes=\"(max-width: 441px) 85vw, 441px\" \/><figcaption> <em>I\u00f1aki Artaza Artabe<\/em> <\/figcaption><\/figure><\/div>\n\n\n\n<p>Tambi\u00e9n representantes de diferentes entidades e instituciones, debatieron sobre c\u00f3mo afrontan desde sus diferentes direcciones, este reto sociosanitario.<\/p>\n\n\n\n<div class=\"wp-block-image\"><figure class=\"aligncenter size-large is-resized\"><img loading=\"lazy\" src=\"http:\/\/www.afaraba.org\/blog\/wp-content\/uploads\/2019\/11\/COLLAGE-1WhatsApp-Image-2019-10-03-at-11.57.19-1024x1024.jpeg\" alt=\"\" class=\"wp-image-236\" width=\"394\" height=\"394\" srcset=\"http:\/\/www.afaraba.org\/blog\/wp-content\/uploads\/2019\/11\/COLLAGE-1WhatsApp-Image-2019-10-03-at-11.57.19-1024x1024.jpeg 1024w, http:\/\/www.afaraba.org\/blog\/wp-content\/uploads\/2019\/11\/COLLAGE-1WhatsApp-Image-2019-10-03-at-11.57.19-300x300.jpeg 300w, http:\/\/www.afaraba.org\/blog\/wp-content\/uploads\/2019\/11\/COLLAGE-1WhatsApp-Image-2019-10-03-at-11.57.19-150x150.jpeg 150w, http:\/\/www.afaraba.org\/blog\/wp-content\/uploads\/2019\/11\/COLLAGE-1WhatsApp-Image-2019-10-03-at-11.57.19-768x768.jpeg 768w, http:\/\/www.afaraba.org\/blog\/wp-content\/uploads\/2019\/11\/COLLAGE-1WhatsApp-Image-2019-10-03-at-11.57.19-1536x1536.jpeg 1536w, http:\/\/www.afaraba.org\/blog\/wp-content\/uploads\/2019\/11\/COLLAGE-1WhatsApp-Image-2019-10-03-at-11.57.19-1200x1200.jpeg 1200w, http:\/\/www.afaraba.org\/blog\/wp-content\/uploads\/2019\/11\/COLLAGE-1WhatsApp-Image-2019-10-03-at-11.57.19.jpeg 1564w\" sizes=\"(max-width: 394px) 85vw, 394px\" \/><\/figure><\/div>\n\n\n\n<p>Miguel Guti\u00e9rrez Fraile, Vicepresidente del Colegio de M\u00e9dicos de<br>\n\u00c1lava, Catedr\u00e1tico de Psiquiatr\u00eda de la Facultad de Medicina de la U.P.V<br>\ny Jefe de Servicio de Psiquiatr\u00eda del H.U.A.<br>\nGotzon Villano Murga, Presidente del Colegio de Trabajo Social de<br>\n\u00c1lava y Trabajador Social de la Red de Salud Mental Araba.<br>\nMarian Olabarrieta Ibarrondo, Directora de Servicios Sociales del<br>\nDpto. de Empleo y Pol\u00edticas Sociales del Gobierno Vasco. Licenciada en<br>\nFilosof\u00eda y Ciencias de la Educaci\u00f3n (Secci\u00f3n Pedagog\u00eda) por Universidad<br>\nde Deusto.<br>\nEmilio Sola Ballojera, Diputado Foral de Pol\u00edticas Sociales, Licenciado<br>\nen Medicina y Cirug\u00eda General en la Universidad del Pa\u00eds Vasco.<br>\nSara Buesa Rodr\u00edguez, Directora del Dpto. de Pol\u00edticas Sociales,<br>\nPersonas Mayores e Infancia del Ayuntamiento de Vitoria-Gasteiz.<br>\nLicenciada en Psicolog\u00eda y Doctora en Psicolog\u00eda por la Universidad de<br>\nDeusto.<\/p>\n\n\n\n<p>El acto oficial consisti\u00f3 en la lectura del manifiesto, un acto de reconocimiento a la labor voluntaria y la clausura por parte de autoridades terminando con la actuaci\u00f3n de Lobo y Carmine presentando la canci\u00f3n \u201crecuerdos rotos\u201d surgida de un texto de Koldo Berruete.<\/p>\n\n\n\n<div class=\"wp-block-image\"><figure class=\"aligncenter size-large is-resized\"><img loading=\"lazy\" src=\"http:\/\/www.afaraba.org\/blog\/wp-content\/uploads\/2019\/11\/WhatsApp-Image-2019-09-19-at-18.23.23-1024x768.jpeg\" alt=\"\" class=\"wp-image-243\" width=\"427\" height=\"320\" srcset=\"http:\/\/www.afaraba.org\/blog\/wp-content\/uploads\/2019\/11\/WhatsApp-Image-2019-09-19-at-18.23.23-1024x768.jpeg 1024w, http:\/\/www.afaraba.org\/blog\/wp-content\/uploads\/2019\/11\/WhatsApp-Image-2019-09-19-at-18.23.23-300x225.jpeg 300w, http:\/\/www.afaraba.org\/blog\/wp-content\/uploads\/2019\/11\/WhatsApp-Image-2019-09-19-at-18.23.23-768x576.jpeg 768w, http:\/\/www.afaraba.org\/blog\/wp-content\/uploads\/2019\/11\/WhatsApp-Image-2019-09-19-at-18.23.23-1536x1152.jpeg 1536w, http:\/\/www.afaraba.org\/blog\/wp-content\/uploads\/2019\/11\/WhatsApp-Image-2019-09-19-at-18.23.23-1200x900.jpeg 1200w, http:\/\/www.afaraba.org\/blog\/wp-content\/uploads\/2019\/11\/WhatsApp-Image-2019-09-19-at-18.23.23.jpeg 1600w\" sizes=\"(max-width: 427px) 85vw, 427px\" \/><figcaption>Voluntari@s de AFARABA<\/figcaption><\/figure><\/div>\n\n\n\n<div class=\"wp-block-image\"><figure class=\"aligncenter size-large is-resized\"><img loading=\"lazy\" src=\"http:\/\/www.afaraba.org\/blog\/wp-content\/uploads\/2019\/11\/COLLAGE-WhatsApp-Image-2019-10-03-at-11.57.19-1024x1024.jpeg\" alt=\"\" class=\"wp-image-237\" width=\"327\" height=\"327\" srcset=\"http:\/\/www.afaraba.org\/blog\/wp-content\/uploads\/2019\/11\/COLLAGE-WhatsApp-Image-2019-10-03-at-11.57.19-1024x1024.jpeg 1024w, http:\/\/www.afaraba.org\/blog\/wp-content\/uploads\/2019\/11\/COLLAGE-WhatsApp-Image-2019-10-03-at-11.57.19-300x300.jpeg 300w, http:\/\/www.afaraba.org\/blog\/wp-content\/uploads\/2019\/11\/COLLAGE-WhatsApp-Image-2019-10-03-at-11.57.19-150x150.jpeg 150w, http:\/\/www.afaraba.org\/blog\/wp-content\/uploads\/2019\/11\/COLLAGE-WhatsApp-Image-2019-10-03-at-11.57.19-768x768.jpeg 768w, http:\/\/www.afaraba.org\/blog\/wp-content\/uploads\/2019\/11\/COLLAGE-WhatsApp-Image-2019-10-03-at-11.57.19-1536x1536.jpeg 1536w, http:\/\/www.afaraba.org\/blog\/wp-content\/uploads\/2019\/11\/COLLAGE-WhatsApp-Image-2019-10-03-at-11.57.19-1200x1200.jpeg 1200w, http:\/\/www.afaraba.org\/blog\/wp-content\/uploads\/2019\/11\/COLLAGE-WhatsApp-Image-2019-10-03-at-11.57.19.jpeg 1564w\" sizes=\"(max-width: 327px) 85vw, 327px\" \/><figcaption>Autoridades<\/figcaption><\/figure><\/div>\n\n\n\n<div class=\"wp-block-image\"><figure class=\"aligncenter size-large is-resized\"><img loading=\"lazy\" src=\"http:\/\/www.afaraba.org\/blog\/wp-content\/uploads\/2019\/11\/WhatsApp-Image-2019-09-19-at-18.56.52-1024x576.jpeg\" alt=\"\" class=\"wp-image-249\" width=\"404\" height=\"227\" srcset=\"http:\/\/www.afaraba.org\/blog\/wp-content\/uploads\/2019\/11\/WhatsApp-Image-2019-09-19-at-18.56.52-1024x576.jpeg 1024w, http:\/\/www.afaraba.org\/blog\/wp-content\/uploads\/2019\/11\/WhatsApp-Image-2019-09-19-at-18.56.52-300x169.jpeg 300w, http:\/\/www.afaraba.org\/blog\/wp-content\/uploads\/2019\/11\/WhatsApp-Image-2019-09-19-at-18.56.52-768x432.jpeg 768w, http:\/\/www.afaraba.org\/blog\/wp-content\/uploads\/2019\/11\/WhatsApp-Image-2019-09-19-at-18.56.52-1200x675.jpeg 1200w, http:\/\/www.afaraba.org\/blog\/wp-content\/uploads\/2019\/11\/WhatsApp-Image-2019-09-19-at-18.56.52.jpeg 1280w\" sizes=\"(max-width: 404px) 85vw, 404px\" \/><figcaption>LOBO&amp;CARMINE<\/figcaption><\/figure><\/div>\n\n\n\n<p><\/p>\n\n\n\n<figure class=\"wp-block-image\"><img alt=\"\"\/><\/figure>\n","protected":false},"excerpt":{"rendered":"<p>Durante el mes de septiembre CEAFA y toda su estructura confederal (adem\u00e1s de otras entidades interesadas) desarrolla un intenso programa de actos con el doble objetivo de sensibilizar a la sociedad espa\u00f1ola acerca de esta \u00abepidemia del siglo XXI\u00bb, as\u00ed como sus consecuencias sociosanitarias; y de desarrollar una campa\u00f1a de educaci\u00f3n sanitaria dirigida a promover &hellip; <a href=\"http:\/\/www.afaraba.org\/blog\/index.php\/2019\/09\/19\/xxv-jornada-sobre-el-alzheimer\/\" class=\"more-link\">Continuar leyendo<span class=\"screen-reader-text\"> \u00abXXV JORNADA SOBRE EL ALZHEIMER\u00bb<\/span><\/a><\/p>\n","protected":false},"author":1,"featured_media":0,"comment_status":"open","ping_status":"open","sticky":false,"template":"","format":"standard","meta":{"om_disable_all_campaigns":false,"_monsterinsights_skip_tracking":false,"_monsterinsights_sitenote_active":false,"_monsterinsights_sitenote_note":"","_monsterinsights_sitenote_category":0,"_uf_show_specific_survey":0,"_uf_disable_surveys":false},"categories":[1],"tags":[91,10,96,97,9,101,95,99,93,98,90,102,20,89,92,24,94],"aioseo_notices":[],"yoast_head":"<!-- This site is optimized with the Yoast SEO plugin v20.4 - https:\/\/yoast.com\/wordpress\/plugins\/seo\/ -->\n<title>XXV JORNADA SOBRE EL ALZHEIMER - AFARABA<\/title>\n<meta name=\"robots\" content=\"index, follow, max-snippet:-1, max-image-preview:large, max-video-preview:-1\" \/>\n<link rel=\"canonical\" href=\"http:\/\/www.afaraba.org\/blog\/index.php\/2019\/09\/19\/xxv-jornada-sobre-el-alzheimer\/\" \/>\n<meta property=\"og:locale\" content=\"es_ES\" \/>\n<meta property=\"og:type\" content=\"article\" \/>\n<meta property=\"og:title\" content=\"XXV JORNADA SOBRE EL ALZHEIMER - AFARABA\" \/>\n<meta property=\"og:description\" content=\"Durante el mes de septiembre CEAFA y toda su estructura confederal (adem\u00e1s de otras entidades interesadas) desarrolla un intenso programa de actos con el doble objetivo de sensibilizar a la sociedad espa\u00f1ola acerca de esta \u00abepidemia del siglo XXI\u00bb, as\u00ed como sus consecuencias sociosanitarias; y de desarrollar una campa\u00f1a de educaci\u00f3n sanitaria dirigida a promover &hellip; Continuar leyendo &quot;XXV JORNADA SOBRE EL ALZHEIMER&quot;\" \/>\n<meta property=\"og:url\" content=\"http:\/\/www.afaraba.org\/blog\/index.php\/2019\/09\/19\/xxv-jornada-sobre-el-alzheimer\/\" \/>\n<meta property=\"og:site_name\" content=\"AFARABA\" \/>\n<meta property=\"article:published_time\" content=\"2019-09-19T08:21:00+00:00\" \/>\n<meta property=\"article:modified_time\" content=\"2020-11-20T09:21:56+00:00\" \/>\n<meta property=\"og:image\" content=\"http:\/\/www.afaraba.org\/blog\/wp-content\/uploads\/2019\/11\/IMG_20190919_093743-768x1024.jpg\" \/>\n<meta name=\"author\" content=\"admin\" \/>\n<meta name=\"twitter:card\" content=\"summary_large_image\" \/>\n<meta name=\"twitter:label1\" content=\"Escrito por\" \/>\n\t<meta name=\"twitter:data1\" content=\"admin\" \/>\n\t<meta name=\"twitter:label2\" content=\"Tiempo de lectura\" \/>\n\t<meta name=\"twitter:data2\" content=\"2 minutos\" \/>\n<script type=\"application\/ld+json\" class=\"yoast-schema-graph\">{\"@context\":\"https:\/\/schema.org\",\"@graph\":[{\"@type\":\"Article\",\"@id\":\"http:\/\/www.afaraba.org\/blog\/index.php\/2019\/09\/19\/xxv-jornada-sobre-el-alzheimer\/#article\",\"isPartOf\":{\"@id\":\"http:\/\/www.afaraba.org\/blog\/index.php\/2019\/09\/19\/xxv-jornada-sobre-el-alzheimer\/\"},\"author\":{\"name\":\"admin\",\"@id\":\"https:\/\/www.afaraba.org\/blog\/#\/schema\/person\/4a0ab48b67420072f420109f30843c71\"},\"headline\":\"XXV JORNADA SOBRE EL ALZHEIMER\",\"datePublished\":\"2019-09-19T08:21:00+00:00\",\"dateModified\":\"2020-11-20T09:21:56+00:00\",\"mainEntityOfPage\":{\"@id\":\"http:\/\/www.afaraba.org\/blog\/index.php\/2019\/09\/19\/xxv-jornada-sobre-el-alzheimer\/\"},\"wordCount\":485,\"commentCount\":0,\"publisher\":{\"@id\":\"https:\/\/www.afaraba.org\/blog\/#organization\"},\"keywords\":[\"\u00c1lvaro Garc\u00eda Soler\",\"Alzheimer\",\"ceafa\",\"confederal\",\"Demencias\",\"DETERIORO COGNITIVO LEVE\",\"dia muncial del alzheimer\",\"discapacidad y dependencia+\",\"epidemia del siglo xxi\",\"fundacion matia\",\"I\u00f1aki Artaza Artabe\",\"LOBO CARMINE\",\"MUSEO ARTIUM\",\"Natalia Mart\u00ednez Manzarbeitia\",\"Oskar Tejedor\",\"vitoria gasteiz\",\"xxv jornada sobre el alzheimer\"],\"articleSection\":[\"DIVULGACI\u00d3N\"],\"inLanguage\":\"es\",\"potentialAction\":[{\"@type\":\"CommentAction\",\"name\":\"Comment\",\"target\":[\"http:\/\/www.afaraba.org\/blog\/index.php\/2019\/09\/19\/xxv-jornada-sobre-el-alzheimer\/#respond\"]}]},{\"@type\":\"WebPage\",\"@id\":\"http:\/\/www.afaraba.org\/blog\/index.php\/2019\/09\/19\/xxv-jornada-sobre-el-alzheimer\/\",\"url\":\"http:\/\/www.afaraba.org\/blog\/index.php\/2019\/09\/19\/xxv-jornada-sobre-el-alzheimer\/\",\"name\":\"XXV JORNADA SOBRE EL ALZHEIMER - AFARABA\",\"isPartOf\":{\"@id\":\"https:\/\/www.afaraba.org\/blog\/#website\"},\"datePublished\":\"2019-09-19T08:21:00+00:00\",\"dateModified\":\"2020-11-20T09:21:56+00:00\",\"breadcrumb\":{\"@id\":\"http:\/\/www.afaraba.org\/blog\/index.php\/2019\/09\/19\/xxv-jornada-sobre-el-alzheimer\/#breadcrumb\"},\"inLanguage\":\"es\",\"potentialAction\":[{\"@type\":\"ReadAction\",\"target\":[\"http:\/\/www.afaraba.org\/blog\/index.php\/2019\/09\/19\/xxv-jornada-sobre-el-alzheimer\/\"]}]},{\"@type\":\"BreadcrumbList\",\"@id\":\"http:\/\/www.afaraba.org\/blog\/index.php\/2019\/09\/19\/xxv-jornada-sobre-el-alzheimer\/#breadcrumb\",\"itemListElement\":[{\"@type\":\"ListItem\",\"position\":1,\"name\":\"Portada\",\"item\":\"https:\/\/www.afaraba.org\/blog\/\"},{\"@type\":\"ListItem\",\"position\":2,\"name\":\"XXV JORNADA SOBRE EL ALZHEIMER\"}]},{\"@type\":\"WebSite\",\"@id\":\"https:\/\/www.afaraba.org\/blog\/#website\",\"url\":\"https:\/\/www.afaraba.org\/blog\/\",\"name\":\"AFARABA\",\"description\":\"BLOG AFARABA\",\"publisher\":{\"@id\":\"https:\/\/www.afaraba.org\/blog\/#organization\"},\"potentialAction\":[{\"@type\":\"SearchAction\",\"target\":{\"@type\":\"EntryPoint\",\"urlTemplate\":\"https:\/\/www.afaraba.org\/blog\/?s={search_term_string}\"},\"query-input\":\"required name=search_term_string\"}],\"inLanguage\":\"es\"},{\"@type\":\"Organization\",\"@id\":\"https:\/\/www.afaraba.org\/blog\/#organization\",\"name\":\"AFARABA\",\"url\":\"https:\/\/www.afaraba.org\/blog\/\",\"logo\":{\"@type\":\"ImageObject\",\"inLanguage\":\"es\",\"@id\":\"https:\/\/www.afaraba.org\/blog\/#\/schema\/logo\/image\/\",\"url\":\"http:\/\/www.afaraba.org\/blog\/wp-content\/uploads\/2020\/11\/cropped-AFA_HC-BLOG2.jpg\",\"contentUrl\":\"http:\/\/www.afaraba.org\/blog\/wp-content\/uploads\/2020\/11\/cropped-AFA_HC-BLOG2.jpg\",\"width\":240,\"height\":89,\"caption\":\"AFARABA\"},\"image\":{\"@id\":\"https:\/\/www.afaraba.org\/blog\/#\/schema\/logo\/image\/\"}},{\"@type\":\"Person\",\"@id\":\"https:\/\/www.afaraba.org\/blog\/#\/schema\/person\/4a0ab48b67420072f420109f30843c71\",\"name\":\"admin\",\"image\":{\"@type\":\"ImageObject\",\"inLanguage\":\"es\",\"@id\":\"https:\/\/www.afaraba.org\/blog\/#\/schema\/person\/image\/\",\"url\":\"http:\/\/0.gravatar.com\/avatar\/c2318eff2fb6ce04ef6dca732184cc5b?s=96&d=mm&r=g\",\"contentUrl\":\"http:\/\/0.gravatar.com\/avatar\/c2318eff2fb6ce04ef6dca732184cc5b?s=96&d=mm&r=g\",\"caption\":\"admin\"},\"url\":\"http:\/\/www.afaraba.org\/blog\/index.php\/author\/admin\/\"}]}<\/script>\n<!-- \/ Yoast SEO plugin. -->","yoast_head_json":{"title":"XXV JORNADA SOBRE EL ALZHEIMER - AFARABA","robots":{"index":"index","follow":"follow","max-snippet":"max-snippet:-1","max-image-preview":"max-image-preview:large","max-video-preview":"max-video-preview:-1"},"canonical":"http:\/\/www.afaraba.org\/blog\/index.php\/2019\/09\/19\/xxv-jornada-sobre-el-alzheimer\/","og_locale":"es_ES","og_type":"article","og_title":"XXV JORNADA SOBRE EL ALZHEIMER - AFARABA","og_description":"Durante el mes de septiembre CEAFA y toda su estructura confederal (adem\u00e1s de otras entidades interesadas) desarrolla un intenso programa de actos con el doble objetivo de sensibilizar a la sociedad espa\u00f1ola acerca de esta \u00abepidemia del siglo XXI\u00bb, as\u00ed como sus consecuencias sociosanitarias; y de desarrollar una campa\u00f1a de educaci\u00f3n sanitaria dirigida a promover &hellip; Continuar leyendo \"XXV JORNADA SOBRE EL ALZHEIMER\"","og_url":"http:\/\/www.afaraba.org\/blog\/index.php\/2019\/09\/19\/xxv-jornada-sobre-el-alzheimer\/","og_site_name":"AFARABA","article_published_time":"2019-09-19T08:21:00+00:00","article_modified_time":"2020-11-20T09:21:56+00:00","og_image":[{"url":"http:\/\/www.afaraba.org\/blog\/wp-content\/uploads\/2019\/11\/IMG_20190919_093743-768x1024.jpg"}],"author":"admin","twitter_card":"summary_large_image","twitter_misc":{"Escrito por":"admin","Tiempo de lectura":"2 minutos"},"schema":{"@context":"https:\/\/schema.org","@graph":[{"@type":"Article","@id":"http:\/\/www.afaraba.org\/blog\/index.php\/2019\/09\/19\/xxv-jornada-sobre-el-alzheimer\/#article","isPartOf":{"@id":"http:\/\/www.afaraba.org\/blog\/index.php\/2019\/09\/19\/xxv-jornada-sobre-el-alzheimer\/"},"author":{"name":"admin","@id":"https:\/\/www.afaraba.org\/blog\/#\/schema\/person\/4a0ab48b67420072f420109f30843c71"},"headline":"XXV JORNADA SOBRE EL ALZHEIMER","datePublished":"2019-09-19T08:21:00+00:00","dateModified":"2020-11-20T09:21:56+00:00","mainEntityOfPage":{"@id":"http:\/\/www.afaraba.org\/blog\/index.php\/2019\/09\/19\/xxv-jornada-sobre-el-alzheimer\/"},"wordCount":485,"commentCount":0,"publisher":{"@id":"https:\/\/www.afaraba.org\/blog\/#organization"},"keywords":["\u00c1lvaro Garc\u00eda Soler","Alzheimer","ceafa","confederal","Demencias","DETERIORO COGNITIVO LEVE","dia muncial del alzheimer","discapacidad y dependencia+","epidemia del siglo xxi","fundacion matia","I\u00f1aki Artaza Artabe","LOBO CARMINE","MUSEO ARTIUM","Natalia Mart\u00ednez Manzarbeitia","Oskar Tejedor","vitoria gasteiz","xxv jornada sobre el alzheimer"],"articleSection":["DIVULGACI\u00d3N"],"inLanguage":"es","potentialAction":[{"@type":"CommentAction","name":"Comment","target":["http:\/\/www.afaraba.org\/blog\/index.php\/2019\/09\/19\/xxv-jornada-sobre-el-alzheimer\/#respond"]}]},{"@type":"WebPage","@id":"http:\/\/www.afaraba.org\/blog\/index.php\/2019\/09\/19\/xxv-jornada-sobre-el-alzheimer\/","url":"http:\/\/www.afaraba.org\/blog\/index.php\/2019\/09\/19\/xxv-jornada-sobre-el-alzheimer\/","name":"XXV JORNADA SOBRE EL ALZHEIMER - AFARABA","isPartOf":{"@id":"https:\/\/www.afaraba.org\/blog\/#website"},"datePublished":"2019-09-19T08:21:00+00:00","dateModified":"2020-11-20T09:21:56+00:00","breadcrumb":{"@id":"http:\/\/www.afaraba.org\/blog\/index.php\/2019\/09\/19\/xxv-jornada-sobre-el-alzheimer\/#breadcrumb"},"inLanguage":"es","potentialAction":[{"@type":"ReadAction","target":["http:\/\/www.afaraba.org\/blog\/index.php\/2019\/09\/19\/xxv-jornada-sobre-el-alzheimer\/"]}]},{"@type":"BreadcrumbList","@id":"http:\/\/www.afaraba.org\/blog\/index.php\/2019\/09\/19\/xxv-jornada-sobre-el-alzheimer\/#breadcrumb","itemListElement":[{"@type":"ListItem","position":1,"name":"Portada","item":"https:\/\/www.afaraba.org\/blog\/"},{"@type":"ListItem","position":2,"name":"XXV JORNADA SOBRE EL ALZHEIMER"}]},{"@type":"WebSite","@id":"https:\/\/www.afaraba.org\/blog\/#website","url":"https:\/\/www.afaraba.org\/blog\/","name":"AFARABA","description":"BLOG AFARABA","publisher":{"@id":"https:\/\/www.afaraba.org\/blog\/#organization"},"potentialAction":[{"@type":"SearchAction","target":{"@type":"EntryPoint","urlTemplate":"https:\/\/www.afaraba.org\/blog\/?s={search_term_string}"},"query-input":"required name=search_term_string"}],"inLanguage":"es"},{"@type":"Organization","@id":"https:\/\/www.afaraba.org\/blog\/#organization","name":"AFARABA","url":"https:\/\/www.afaraba.org\/blog\/","logo":{"@type":"ImageObject","inLanguage":"es","@id":"https:\/\/www.afaraba.org\/blog\/#\/schema\/logo\/image\/","url":"http:\/\/www.afaraba.org\/blog\/wp-content\/uploads\/2020\/11\/cropped-AFA_HC-BLOG2.jpg","contentUrl":"http:\/\/www.afaraba.org\/blog\/wp-content\/uploads\/2020\/11\/cropped-AFA_HC-BLOG2.jpg","width":240,"height":89,"caption":"AFARABA"},"image":{"@id":"https:\/\/www.afaraba.org\/blog\/#\/schema\/logo\/image\/"}},{"@type":"Person","@id":"https:\/\/www.afaraba.org\/blog\/#\/schema\/person\/4a0ab48b67420072f420109f30843c71","name":"admin","image":{"@type":"ImageObject","inLanguage":"es","@id":"https:\/\/www.afaraba.org\/blog\/#\/schema\/person\/image\/","url":"http:\/\/0.gravatar.com\/avatar\/c2318eff2fb6ce04ef6dca732184cc5b?s=96&d=mm&r=g","contentUrl":"http:\/\/0.gravatar.com\/avatar\/c2318eff2fb6ce04ef6dca732184cc5b?s=96&d=mm&r=g","caption":"admin"},"url":"http:\/\/www.afaraba.org\/blog\/index.php\/author\/admin\/"}]}},"_links":{"self":[{"href":"http:\/\/www.afaraba.org\/blog\/index.php\/wp-json\/wp\/v2\/posts\/235"}],"collection":[{"href":"http:\/\/www.afaraba.org\/blog\/index.php\/wp-json\/wp\/v2\/posts"}],"about":[{"href":"http:\/\/www.afaraba.org\/blog\/index.php\/wp-json\/wp\/v2\/types\/post"}],"author":[{"embeddable":true,"href":"http:\/\/www.afaraba.org\/blog\/index.php\/wp-json\/wp\/v2\/users\/1"}],"replies":[{"embeddable":true,"href":"http:\/\/www.afaraba.org\/blog\/index.php\/wp-json\/wp\/v2\/comments?post=235"}],"version-history":[{"count":9,"href":"http:\/\/www.afaraba.org\/blog\/index.php\/wp-json\/wp\/v2\/posts\/235\/revisions"}],"predecessor-version":[{"id":252,"href":"http:\/\/www.afaraba.org\/blog\/index.php\/wp-json\/wp\/v2\/posts\/235\/revisions\/252"}],"wp:attachment":[{"href":"http:\/\/www.afaraba.org\/blog\/index.php\/wp-json\/wp\/v2\/media?parent=235"}],"wp:term":[{"taxonomy":"category","embeddable":true,"href":"http:\/\/www.afaraba.org\/blog\/index.php\/wp-json\/wp\/v2\/categories?post=235"},{"taxonomy":"post_tag","embeddable":true,"href":"http:\/\/www.afaraba.org\/blog\/index.php\/wp-json\/wp\/v2\/tags?post=235"}],"curies":[{"name":"wp","href":"https:\/\/api.w.org\/{rel}","templated":true}]}}