{"id":253,"date":"2019-09-20T10:31:00","date_gmt":"2019-09-20T09:31:00","guid":{"rendered":"http:\/\/www.afaraba.org\/blog\/?p=253"},"modified":"2020-11-20T10:21:32","modified_gmt":"2020-11-20T09:21:32","slug":"la-pieza-que-faltas-eres-tu","status":"publish","type":"post","link":"http:\/\/www.afaraba.org\/blog\/index.php\/2019\/09\/20\/la-pieza-que-faltas-eres-tu\/","title":{"rendered":"LA PIEZA QUE FALTAS ERES T\u00da"},"content":{"rendered":"\n<p><strong>La pieza que falta eres t\u00fa, es el enunciado con el que AFARABA present\u00f3 las actividades que se organizaron este a\u00f1o con motivo del d\u00eda mundial y pretend\u00eda resaltar que el Alzheimer es un problema global del que nadie est\u00e1 a salvo y del que la sociedad en su conjunto deber\u00eda tomar conciencia. <\/strong><\/p>\n\n\n\n<p>Adem\u00e1s de la jornada formativa del 19, destaco la art\u00edstica performativa que llev\u00f3 a cabo la artista Irantzu Lekue el 20 de septiembre en la explanada del Artium, donde se invit\u00f3 a todas las personas que se acercaron a participar en la acci\u00f3n.<\/p>\n\n\n\n<div class=\"wp-container-1 wp-block-group\"><div class=\"wp-block-group__inner-container\">\n<div class=\"wp-block-image\"><figure class=\"aligncenter size-large is-resized\"><img loading=\"lazy\" src=\"http:\/\/www.afaraba.org\/blog\/wp-content\/uploads\/2019\/11\/WhatsApp-Image-2019-09-20-at-10.34.37-1024x768.jpeg\" alt=\"\" class=\"wp-image-257\" width=\"355\" height=\"266\" srcset=\"http:\/\/www.afaraba.org\/blog\/wp-content\/uploads\/2019\/11\/WhatsApp-Image-2019-09-20-at-10.34.37-1024x768.jpeg 1024w, http:\/\/www.afaraba.org\/blog\/wp-content\/uploads\/2019\/11\/WhatsApp-Image-2019-09-20-at-10.34.37-300x225.jpeg 300w, http:\/\/www.afaraba.org\/blog\/wp-content\/uploads\/2019\/11\/WhatsApp-Image-2019-09-20-at-10.34.37-768x576.jpeg 768w, http:\/\/www.afaraba.org\/blog\/wp-content\/uploads\/2019\/11\/WhatsApp-Image-2019-09-20-at-10.34.37-1536x1152.jpeg 1536w, http:\/\/www.afaraba.org\/blog\/wp-content\/uploads\/2019\/11\/WhatsApp-Image-2019-09-20-at-10.34.37-1200x900.jpeg 1200w, http:\/\/www.afaraba.org\/blog\/wp-content\/uploads\/2019\/11\/WhatsApp-Image-2019-09-20-at-10.34.37.jpeg 1600w\" sizes=\"(max-width: 355px) 85vw, 355px\" \/><\/figure><\/div>\n\n\n\n<div class=\"wp-block-image\"><figure class=\"aligncenter size-large is-resized\"><img loading=\"lazy\" src=\"http:\/\/www.afaraba.org\/blog\/wp-content\/uploads\/2019\/11\/LEKUE1-1024x768.jpeg\" alt=\"\" class=\"wp-image-254\" width=\"346\" height=\"259\" srcset=\"http:\/\/www.afaraba.org\/blog\/wp-content\/uploads\/2019\/11\/LEKUE1-1024x768.jpeg 1024w, http:\/\/www.afaraba.org\/blog\/wp-content\/uploads\/2019\/11\/LEKUE1-300x225.jpeg 300w, http:\/\/www.afaraba.org\/blog\/wp-content\/uploads\/2019\/11\/LEKUE1-768x576.jpeg 768w, http:\/\/www.afaraba.org\/blog\/wp-content\/uploads\/2019\/11\/LEKUE1-1536x1152.jpeg 1536w, http:\/\/www.afaraba.org\/blog\/wp-content\/uploads\/2019\/11\/LEKUE1-1200x900.jpeg 1200w, http:\/\/www.afaraba.org\/blog\/wp-content\/uploads\/2019\/11\/LEKUE1.jpeg 1600w\" sizes=\"(max-width: 346px) 85vw, 346px\" \/><\/figure><\/div>\n\n\n\n<div class=\"wp-block-image\"><figure class=\"aligncenter size-large is-resized\"><img loading=\"lazy\" src=\"http:\/\/www.afaraba.org\/blog\/wp-content\/uploads\/2019\/11\/LEKUE2-1024x768.jpeg\" alt=\"\" class=\"wp-image-255\" width=\"351\" height=\"263\" srcset=\"http:\/\/www.afaraba.org\/blog\/wp-content\/uploads\/2019\/11\/LEKUE2-1024x768.jpeg 1024w, http:\/\/www.afaraba.org\/blog\/wp-content\/uploads\/2019\/11\/LEKUE2-300x225.jpeg 300w, http:\/\/www.afaraba.org\/blog\/wp-content\/uploads\/2019\/11\/LEKUE2-768x576.jpeg 768w, http:\/\/www.afaraba.org\/blog\/wp-content\/uploads\/2019\/11\/LEKUE2-1536x1152.jpeg 1536w, http:\/\/www.afaraba.org\/blog\/wp-content\/uploads\/2019\/11\/LEKUE2-1200x900.jpeg 1200w, http:\/\/www.afaraba.org\/blog\/wp-content\/uploads\/2019\/11\/LEKUE2.jpeg 1600w\" sizes=\"(max-width: 351px) 85vw, 351px\" \/><\/figure><\/div>\n\n\n\n<div class=\"wp-block-image\"><figure class=\"aligncenter size-large is-resized\"><img loading=\"lazy\" src=\"http:\/\/www.afaraba.org\/blog\/wp-content\/uploads\/2019\/11\/WhatsApp-Image-2019-09-20-at-12.40.411-1024x768.jpeg\" alt=\"\" class=\"wp-image-258\" width=\"394\" height=\"295\" srcset=\"http:\/\/www.afaraba.org\/blog\/wp-content\/uploads\/2019\/11\/WhatsApp-Image-2019-09-20-at-12.40.411-1024x768.jpeg 1024w, http:\/\/www.afaraba.org\/blog\/wp-content\/uploads\/2019\/11\/WhatsApp-Image-2019-09-20-at-12.40.411-300x225.jpeg 300w, http:\/\/www.afaraba.org\/blog\/wp-content\/uploads\/2019\/11\/WhatsApp-Image-2019-09-20-at-12.40.411-768x576.jpeg 768w, http:\/\/www.afaraba.org\/blog\/wp-content\/uploads\/2019\/11\/WhatsApp-Image-2019-09-20-at-12.40.411-1536x1152.jpeg 1536w, http:\/\/www.afaraba.org\/blog\/wp-content\/uploads\/2019\/11\/WhatsApp-Image-2019-09-20-at-12.40.411-1200x900.jpeg 1200w, http:\/\/www.afaraba.org\/blog\/wp-content\/uploads\/2019\/11\/WhatsApp-Image-2019-09-20-at-12.40.411.jpeg 1600w\" sizes=\"(max-width: 394px) 85vw, 394px\" \/><figcaption>Gracias a <a rel=\"noreferrer noopener\" aria-label=\"Cafes Foronda (se abre en una nueva pesta\u00f1a)\" href=\"https:\/\/www.cafesforonda.com\/?gclid=Cj0KCQiAtrnuBRDXARIsABiN-7BKh3HJW7TVw8BRicM60CKfS8j3laZcKM4BQeoT6y5XOu_aQm7_wkgaAlK9EALw_wcB\" target=\"_blank\">Caf<\/a><a href=\"https:\/\/www.cafesforonda.com\/?gclid=Cj0KCQiAtrnuBRDXARIsABiN-7BKh3HJW7TVw8BRicM60CKfS8j3laZcKM4BQeoT6y5XOu_aQm7_wkgaAlK9EALw_wcB\" target=\"_blank\" rel=\"noreferrer noopener\" aria-label=\"Cafes Foronda (se abre en una nueva pesta\u00f1a)\">\u00e9<\/a><a rel=\"noreferrer noopener\" aria-label=\"Cafes Foronda (se abre en una nueva pesta\u00f1a)\" href=\"https:\/\/www.cafesforonda.com\/?gclid=Cj0KCQiAtrnuBRDXARIsABiN-7BKh3HJW7TVw8BRicM60CKfS8j3laZcKM4BQeoT6y5XOu_aQm7_wkgaAlK9EALw_wcB\" target=\"_blank\">s Foronda<\/a> y El talo por colaborar en este d\u00eda con nosotros con un riqu\u00edsimo almuerzo solidario.<\/figcaption><\/figure><\/div>\n<\/div><\/div>\n","protected":false},"excerpt":{"rendered":"<p>La pieza que falta eres t\u00fa, es el enunciado con el que AFARABA present\u00f3 las actividades que se organizaron este a\u00f1o con motivo del d\u00eda mundial y pretend\u00eda resaltar que el Alzheimer es un problema global del que nadie est\u00e1 a salvo y del que la sociedad en su conjunto deber\u00eda tomar conciencia. Adem\u00e1s de &hellip; <a href=\"http:\/\/www.afaraba.org\/blog\/index.php\/2019\/09\/20\/la-pieza-que-faltas-eres-tu\/\" class=\"more-link\">Continuar leyendo<span class=\"screen-reader-text\"> \u00abLA PIEZA QUE FALTAS ERES T\u00da\u00bb<\/span><\/a><\/p>\n","protected":false},"author":1,"featured_media":0,"comment_status":"open","ping_status":"open","sticky":false,"template":"","format":"standard","meta":{"om_disable_all_campaigns":false,"_monsterinsights_skip_tracking":false,"_monsterinsights_sitenote_active":false,"_monsterinsights_sitenote_note":"","_monsterinsights_sitenote_category":0,"_uf_show_specific_survey":0,"_uf_disable_surveys":false},"categories":[1],"tags":[8,103,106,104,108,105,20,107],"aioseo_notices":[],"yoast_head":"<!-- This site is optimized with the Yoast SEO plugin v20.4 - https:\/\/yoast.com\/wordpress\/plugins\/seo\/ -->\n<title>LA PIEZA QUE FALTAS ERES T\u00da - AFARABA<\/title>\n<meta name=\"robots\" content=\"index, follow, max-snippet:-1, max-image-preview:large, max-video-preview:-1\" \/>\n<link rel=\"canonical\" href=\"http:\/\/www.afaraba.org\/blog\/index.php\/2019\/09\/20\/la-pieza-que-faltas-eres-tu\/\" \/>\n<meta property=\"og:locale\" content=\"es_ES\" \/>\n<meta property=\"og:type\" content=\"article\" \/>\n<meta property=\"og:title\" content=\"LA PIEZA QUE FALTAS ERES T\u00da - AFARABA\" \/>\n<meta property=\"og:description\" content=\"La pieza que falta eres t\u00fa, es el enunciado con el que AFARABA present\u00f3 las actividades que se organizaron este a\u00f1o con motivo del d\u00eda mundial y pretend\u00eda resaltar que el Alzheimer es un problema global del que nadie est\u00e1 a salvo y del que la sociedad en su conjunto deber\u00eda tomar conciencia. Adem\u00e1s de &hellip; Continuar leyendo &quot;LA PIEZA QUE FALTAS ERES T\u00da&quot;\" \/>\n<meta property=\"og:url\" content=\"http:\/\/www.afaraba.org\/blog\/index.php\/2019\/09\/20\/la-pieza-que-faltas-eres-tu\/\" \/>\n<meta property=\"og:site_name\" content=\"AFARABA\" \/>\n<meta property=\"article:published_time\" content=\"2019-09-20T09:31:00+00:00\" \/>\n<meta property=\"article:modified_time\" content=\"2020-11-20T09:21:32+00:00\" \/>\n<meta property=\"og:image\" content=\"http:\/\/www.afaraba.org\/blog\/wp-content\/uploads\/2019\/11\/WhatsApp-Image-2019-09-20-at-10.34.37-1024x768.jpeg\" \/>\n<meta name=\"author\" content=\"admin\" \/>\n<meta name=\"twitter:card\" content=\"summary_large_image\" \/>\n<meta name=\"twitter:label1\" content=\"Escrito por\" \/>\n\t<meta name=\"twitter:data1\" content=\"admin\" \/>\n\t<meta name=\"twitter:label2\" content=\"Tiempo de lectura\" \/>\n\t<meta name=\"twitter:data2\" content=\"1 minuto\" \/>\n<script type=\"application\/ld+json\" class=\"yoast-schema-graph\">{\"@context\":\"https:\/\/schema.org\",\"@graph\":[{\"@type\":\"Article\",\"@id\":\"http:\/\/www.afaraba.org\/blog\/index.php\/2019\/09\/20\/la-pieza-que-faltas-eres-tu\/#article\",\"isPartOf\":{\"@id\":\"http:\/\/www.afaraba.org\/blog\/index.php\/2019\/09\/20\/la-pieza-que-faltas-eres-tu\/\"},\"author\":{\"name\":\"admin\",\"@id\":\"https:\/\/www.afaraba.org\/blog\/#\/schema\/person\/4a0ab48b67420072f420109f30843c71\"},\"headline\":\"LA PIEZA QUE FALTAS ERES T\u00da\",\"datePublished\":\"2019-09-20T09:31:00+00:00\",\"dateModified\":\"2020-11-20T09:21:32+00:00\",\"mainEntityOfPage\":{\"@id\":\"http:\/\/www.afaraba.org\/blog\/index.php\/2019\/09\/20\/la-pieza-que-faltas-eres-tu\/\"},\"wordCount\":129,\"commentCount\":0,\"publisher\":{\"@id\":\"https:\/\/www.afaraba.org\/blog\/#organization\"},\"keywords\":[\"afaraba\",\"CAFES FORONDA\",\"DIA MUNDIAL DEL ALZHEIMER\",\"EL TALO\",\"IRANTZU LEKUE\",\"LA PIEZA QUE FALTAS ERES T\u00da\",\"MUSEO ARTIUM\",\"PERFORMATIVA\"],\"articleSection\":[\"DIVULGACI\u00d3N\"],\"inLanguage\":\"es\",\"potentialAction\":[{\"@type\":\"CommentAction\",\"name\":\"Comment\",\"target\":[\"http:\/\/www.afaraba.org\/blog\/index.php\/2019\/09\/20\/la-pieza-que-faltas-eres-tu\/#respond\"]}]},{\"@type\":\"WebPage\",\"@id\":\"http:\/\/www.afaraba.org\/blog\/index.php\/2019\/09\/20\/la-pieza-que-faltas-eres-tu\/\",\"url\":\"http:\/\/www.afaraba.org\/blog\/index.php\/2019\/09\/20\/la-pieza-que-faltas-eres-tu\/\",\"name\":\"LA PIEZA QUE FALTAS ERES T\u00da - AFARABA\",\"isPartOf\":{\"@id\":\"https:\/\/www.afaraba.org\/blog\/#website\"},\"datePublished\":\"2019-09-20T09:31:00+00:00\",\"dateModified\":\"2020-11-20T09:21:32+00:00\",\"breadcrumb\":{\"@id\":\"http:\/\/www.afaraba.org\/blog\/index.php\/2019\/09\/20\/la-pieza-que-faltas-eres-tu\/#breadcrumb\"},\"inLanguage\":\"es\",\"potentialAction\":[{\"@type\":\"ReadAction\",\"target\":[\"http:\/\/www.afaraba.org\/blog\/index.php\/2019\/09\/20\/la-pieza-que-faltas-eres-tu\/\"]}]},{\"@type\":\"BreadcrumbList\",\"@id\":\"http:\/\/www.afaraba.org\/blog\/index.php\/2019\/09\/20\/la-pieza-que-faltas-eres-tu\/#breadcrumb\",\"itemListElement\":[{\"@type\":\"ListItem\",\"position\":1,\"name\":\"Portada\",\"item\":\"https:\/\/www.afaraba.org\/blog\/\"},{\"@type\":\"ListItem\",\"position\":2,\"name\":\"LA PIEZA QUE FALTAS ERES T\u00da\"}]},{\"@type\":\"WebSite\",\"@id\":\"https:\/\/www.afaraba.org\/blog\/#website\",\"url\":\"https:\/\/www.afaraba.org\/blog\/\",\"name\":\"AFARABA\",\"description\":\"BLOG AFARABA\",\"publisher\":{\"@id\":\"https:\/\/www.afaraba.org\/blog\/#organization\"},\"potentialAction\":[{\"@type\":\"SearchAction\",\"target\":{\"@type\":\"EntryPoint\",\"urlTemplate\":\"https:\/\/www.afaraba.org\/blog\/?s={search_term_string}\"},\"query-input\":\"required name=search_term_string\"}],\"inLanguage\":\"es\"},{\"@type\":\"Organization\",\"@id\":\"https:\/\/www.afaraba.org\/blog\/#organization\",\"name\":\"AFARABA\",\"url\":\"https:\/\/www.afaraba.org\/blog\/\",\"logo\":{\"@type\":\"ImageObject\",\"inLanguage\":\"es\",\"@id\":\"https:\/\/www.afaraba.org\/blog\/#\/schema\/logo\/image\/\",\"url\":\"http:\/\/www.afaraba.org\/blog\/wp-content\/uploads\/2020\/11\/cropped-AFA_HC-BLOG2.jpg\",\"contentUrl\":\"http:\/\/www.afaraba.org\/blog\/wp-content\/uploads\/2020\/11\/cropped-AFA_HC-BLOG2.jpg\",\"width\":240,\"height\":89,\"caption\":\"AFARABA\"},\"image\":{\"@id\":\"https:\/\/www.afaraba.org\/blog\/#\/schema\/logo\/image\/\"}},{\"@type\":\"Person\",\"@id\":\"https:\/\/www.afaraba.org\/blog\/#\/schema\/person\/4a0ab48b67420072f420109f30843c71\",\"name\":\"admin\",\"image\":{\"@type\":\"ImageObject\",\"inLanguage\":\"es\",\"@id\":\"https:\/\/www.afaraba.org\/blog\/#\/schema\/person\/image\/\",\"url\":\"http:\/\/0.gravatar.com\/avatar\/c2318eff2fb6ce04ef6dca732184cc5b?s=96&d=mm&r=g\",\"contentUrl\":\"http:\/\/0.gravatar.com\/avatar\/c2318eff2fb6ce04ef6dca732184cc5b?s=96&d=mm&r=g\",\"caption\":\"admin\"},\"url\":\"http:\/\/www.afaraba.org\/blog\/index.php\/author\/admin\/\"}]}<\/script>\n<!-- \/ Yoast SEO plugin. -->","yoast_head_json":{"title":"LA PIEZA QUE FALTAS ERES T\u00da - AFARABA","robots":{"index":"index","follow":"follow","max-snippet":"max-snippet:-1","max-image-preview":"max-image-preview:large","max-video-preview":"max-video-preview:-1"},"canonical":"http:\/\/www.afaraba.org\/blog\/index.php\/2019\/09\/20\/la-pieza-que-faltas-eres-tu\/","og_locale":"es_ES","og_type":"article","og_title":"LA PIEZA QUE FALTAS ERES T\u00da - AFARABA","og_description":"La pieza que falta eres t\u00fa, es el enunciado con el que AFARABA present\u00f3 las actividades que se organizaron este a\u00f1o con motivo del d\u00eda mundial y pretend\u00eda resaltar que el Alzheimer es un problema global del que nadie est\u00e1 a salvo y del que la sociedad en su conjunto deber\u00eda tomar conciencia. Adem\u00e1s de &hellip; Continuar leyendo \"LA PIEZA QUE FALTAS ERES T\u00da\"","og_url":"http:\/\/www.afaraba.org\/blog\/index.php\/2019\/09\/20\/la-pieza-que-faltas-eres-tu\/","og_site_name":"AFARABA","article_published_time":"2019-09-20T09:31:00+00:00","article_modified_time":"2020-11-20T09:21:32+00:00","og_image":[{"url":"http:\/\/www.afaraba.org\/blog\/wp-content\/uploads\/2019\/11\/WhatsApp-Image-2019-09-20-at-10.34.37-1024x768.jpeg"}],"author":"admin","twitter_card":"summary_large_image","twitter_misc":{"Escrito por":"admin","Tiempo de lectura":"1 minuto"},"schema":{"@context":"https:\/\/schema.org","@graph":[{"@type":"Article","@id":"http:\/\/www.afaraba.org\/blog\/index.php\/2019\/09\/20\/la-pieza-que-faltas-eres-tu\/#article","isPartOf":{"@id":"http:\/\/www.afaraba.org\/blog\/index.php\/2019\/09\/20\/la-pieza-que-faltas-eres-tu\/"},"author":{"name":"admin","@id":"https:\/\/www.afaraba.org\/blog\/#\/schema\/person\/4a0ab48b67420072f420109f30843c71"},"headline":"LA PIEZA QUE FALTAS ERES T\u00da","datePublished":"2019-09-20T09:31:00+00:00","dateModified":"2020-11-20T09:21:32+00:00","mainEntityOfPage":{"@id":"http:\/\/www.afaraba.org\/blog\/index.php\/2019\/09\/20\/la-pieza-que-faltas-eres-tu\/"},"wordCount":129,"commentCount":0,"publisher":{"@id":"https:\/\/www.afaraba.org\/blog\/#organization"},"keywords":["afaraba","CAFES FORONDA","DIA MUNDIAL DEL ALZHEIMER","EL TALO","IRANTZU LEKUE","LA PIEZA QUE FALTAS ERES T\u00da","MUSEO ARTIUM","PERFORMATIVA"],"articleSection":["DIVULGACI\u00d3N"],"inLanguage":"es","potentialAction":[{"@type":"CommentAction","name":"Comment","target":["http:\/\/www.afaraba.org\/blog\/index.php\/2019\/09\/20\/la-pieza-que-faltas-eres-tu\/#respond"]}]},{"@type":"WebPage","@id":"http:\/\/www.afaraba.org\/blog\/index.php\/2019\/09\/20\/la-pieza-que-faltas-eres-tu\/","url":"http:\/\/www.afaraba.org\/blog\/index.php\/2019\/09\/20\/la-pieza-que-faltas-eres-tu\/","name":"LA PIEZA QUE FALTAS ERES T\u00da - AFARABA","isPartOf":{"@id":"https:\/\/www.afaraba.org\/blog\/#website"},"datePublished":"2019-09-20T09:31:00+00:00","dateModified":"2020-11-20T09:21:32+00:00","breadcrumb":{"@id":"http:\/\/www.afaraba.org\/blog\/index.php\/2019\/09\/20\/la-pieza-que-faltas-eres-tu\/#breadcrumb"},"inLanguage":"es","potentialAction":[{"@type":"ReadAction","target":["http:\/\/www.afaraba.org\/blog\/index.php\/2019\/09\/20\/la-pieza-que-faltas-eres-tu\/"]}]},{"@type":"BreadcrumbList","@id":"http:\/\/www.afaraba.org\/blog\/index.php\/2019\/09\/20\/la-pieza-que-faltas-eres-tu\/#breadcrumb","itemListElement":[{"@type":"ListItem","position":1,"name":"Portada","item":"https:\/\/www.afaraba.org\/blog\/"},{"@type":"ListItem","position":2,"name":"LA PIEZA QUE FALTAS ERES T\u00da"}]},{"@type":"WebSite","@id":"https:\/\/www.afaraba.org\/blog\/#website","url":"https:\/\/www.afaraba.org\/blog\/","name":"AFARABA","description":"BLOG AFARABA","publisher":{"@id":"https:\/\/www.afaraba.org\/blog\/#organization"},"potentialAction":[{"@type":"SearchAction","target":{"@type":"EntryPoint","urlTemplate":"https:\/\/www.afaraba.org\/blog\/?s={search_term_string}"},"query-input":"required name=search_term_string"}],"inLanguage":"es"},{"@type":"Organization","@id":"https:\/\/www.afaraba.org\/blog\/#organization","name":"AFARABA","url":"https:\/\/www.afaraba.org\/blog\/","logo":{"@type":"ImageObject","inLanguage":"es","@id":"https:\/\/www.afaraba.org\/blog\/#\/schema\/logo\/image\/","url":"http:\/\/www.afaraba.org\/blog\/wp-content\/uploads\/2020\/11\/cropped-AFA_HC-BLOG2.jpg","contentUrl":"http:\/\/www.afaraba.org\/blog\/wp-content\/uploads\/2020\/11\/cropped-AFA_HC-BLOG2.jpg","width":240,"height":89,"caption":"AFARABA"},"image":{"@id":"https:\/\/www.afaraba.org\/blog\/#\/schema\/logo\/image\/"}},{"@type":"Person","@id":"https:\/\/www.afaraba.org\/blog\/#\/schema\/person\/4a0ab48b67420072f420109f30843c71","name":"admin","image":{"@type":"ImageObject","inLanguage":"es","@id":"https:\/\/www.afaraba.org\/blog\/#\/schema\/person\/image\/","url":"http:\/\/0.gravatar.com\/avatar\/c2318eff2fb6ce04ef6dca732184cc5b?s=96&d=mm&r=g","contentUrl":"http:\/\/0.gravatar.com\/avatar\/c2318eff2fb6ce04ef6dca732184cc5b?s=96&d=mm&r=g","caption":"admin"},"url":"http:\/\/www.afaraba.org\/blog\/index.php\/author\/admin\/"}]}},"_links":{"self":[{"href":"http:\/\/www.afaraba.org\/blog\/index.php\/wp-json\/wp\/v2\/posts\/253"}],"collection":[{"href":"http:\/\/www.afaraba.org\/blog\/index.php\/wp-json\/wp\/v2\/posts"}],"about":[{"href":"http:\/\/www.afaraba.org\/blog\/index.php\/wp-json\/wp\/v2\/types\/post"}],"author":[{"embeddable":true,"href":"http:\/\/www.afaraba.org\/blog\/index.php\/wp-json\/wp\/v2\/users\/1"}],"replies":[{"embeddable":true,"href":"http:\/\/www.afaraba.org\/blog\/index.php\/wp-json\/wp\/v2\/comments?post=253"}],"version-history":[{"count":2,"href":"http:\/\/www.afaraba.org\/blog\/index.php\/wp-json\/wp\/v2\/posts\/253\/revisions"}],"predecessor-version":[{"id":260,"href":"http:\/\/www.afaraba.org\/blog\/index.php\/wp-json\/wp\/v2\/posts\/253\/revisions\/260"}],"wp:attachment":[{"href":"http:\/\/www.afaraba.org\/blog\/index.php\/wp-json\/wp\/v2\/media?parent=253"}],"wp:term":[{"taxonomy":"category","embeddable":true,"href":"http:\/\/www.afaraba.org\/blog\/index.php\/wp-json\/wp\/v2\/categories?post=253"},{"taxonomy":"post_tag","embeddable":true,"href":"http:\/\/www.afaraba.org\/blog\/index.php\/wp-json\/wp\/v2\/tags?post=253"}],"curies":[{"name":"wp","href":"https:\/\/api.w.org\/{rel}","templated":true}]}}