{"id":262,"date":"2019-10-02T11:24:00","date_gmt":"2019-10-02T10:24:00","guid":{"rendered":"http:\/\/www.afaraba.org\/blog\/?p=262"},"modified":"2020-11-20T10:21:20","modified_gmt":"2020-11-20T09:21:20","slug":"convenio-farmacia","status":"publish","type":"post","link":"http:\/\/www.afaraba.org\/blog\/index.php\/2019\/10\/02\/convenio-farmacia\/","title":{"rendered":"CONVENIO FARMACIA"},"content":{"rendered":"\n<p> <strong>El <a rel=\"noreferrer noopener\" aria-label=\"Colegio Oficial de Farmac\u00e9uticos de \u00c1lava  (se abre en una nueva pesta\u00f1a)\" href=\"https:\/\/www.cofalava.org\/recursos\/wf_index.aspx\" target=\"_blank\">Colegio Oficial de Farmac\u00e9uticos de \u00c1lava <\/a>(COF \u00c1lava) y la Asociaci\u00f3n de Familiares y Amigos de personas con Alzheimer y otras demencias de \u00c1lava (AFARABA), han firmado un acuerdo de colaboraci\u00f3n para sumar fuerzas en el apoyo a familiares, pacientes y personas cuidadoras.<\/strong><\/p>\n\n\n\n<p><br>Desde AFARABA se ha detectado que la farmacia, por su disponibilidad y f\u00e1cil acceso a los ciudadanos, es una buena aliada para orientar a los familiares de personas con demencia, tanto en el consejo farmac\u00e9utico como en el asesoramiento de los recursos a los que acudir.<\/p>\n\n\n\n<div class=\"wp-block-image\"><figure class=\"aligncenter size-large is-resized\"><img loading=\"lazy\" src=\"http:\/\/www.afaraba.org\/blog\/wp-content\/uploads\/2019\/11\/farmacia-1024x845.jpeg\" alt=\"\" class=\"wp-image-263\" width=\"428\" height=\"353\" srcset=\"http:\/\/www.afaraba.org\/blog\/wp-content\/uploads\/2019\/11\/farmacia-1024x845.jpeg 1024w, http:\/\/www.afaraba.org\/blog\/wp-content\/uploads\/2019\/11\/farmacia-300x247.jpeg 300w, http:\/\/www.afaraba.org\/blog\/wp-content\/uploads\/2019\/11\/farmacia-768x634.jpeg 768w, http:\/\/www.afaraba.org\/blog\/wp-content\/uploads\/2019\/11\/farmacia-1536x1267.jpeg 1536w, http:\/\/www.afaraba.org\/blog\/wp-content\/uploads\/2019\/11\/farmacia-1200x990.jpeg 1200w, http:\/\/www.afaraba.org\/blog\/wp-content\/uploads\/2019\/11\/farmacia.jpeg 1599w\" sizes=\"(max-width: 428px) 85vw, 428px\" \/><\/figure><\/div>\n\n\n\n<p><br>De este modo, el COF \u00c1lava difundir\u00e1 los programas y servicios de AFARABA a trav\u00e9s de su p\u00e1gina web y de material informativo que estar\u00e1 disponible en las farmacias del territorio. Asimismo, los farmac\u00e9uticos alaveses recibir\u00e1n formaci\u00f3n espec\u00edfica por parte de profesionales cualificados de la asociaci\u00f3n para conocer mejor el Alzheimer y otras demencias. El COF \u00c1lava tambi\u00e9n asesorar\u00e1 a AFARABA en sus necesidades de formaci\u00f3n sobre temas espec\u00edficos de cuidados y h\u00e1bitos de vida saludable tanto al paciente como a la persona cuidadora. Adem\u00e1s, se ha elaborado un dec\u00e1logo con pautas de comunicaci\u00f3n para que el farmac\u00e9utico adquiera las destrezas necesarias sobre c\u00f3mo tratar a una persona con demencia.<br>Este convenio se enmarca en las colaboraciones que est\u00e1 llevando a cabo el COF \u00c1lava con diversas asociaciones de pacientes para divulgar su labor, dar visibilidad y mayor conocimiento de las patolog\u00edas, pero sobre todo, con el objetivo de humanizar la enfermedad dentro del \u00e1mbito asistencial y sanitario.<br>AFARABA cuenta con servicios espec\u00edficos y programas dirigidos a familiares, cuidadores y personas que padecen demencia. En la actualidad, la asociaci\u00f3n da apoyo a m\u00e1s de 900 familias del territorio <\/p>\n\n\n\n<p><\/p>\n","protected":false},"excerpt":{"rendered":"<p>El Colegio Oficial de Farmac\u00e9uticos de \u00c1lava (COF \u00c1lava) y la Asociaci\u00f3n de Familiares y Amigos de personas con Alzheimer y otras demencias de \u00c1lava (AFARABA), han firmado un acuerdo de colaboraci\u00f3n para sumar fuerzas en el apoyo a familiares, pacientes y personas cuidadoras. Desde AFARABA se ha detectado que la farmacia, por su disponibilidad &hellip; <a href=\"http:\/\/www.afaraba.org\/blog\/index.php\/2019\/10\/02\/convenio-farmacia\/\" class=\"more-link\">Continuar leyendo<span class=\"screen-reader-text\"> \u00abCONVENIO FARMACIA\u00bb<\/span><\/a><\/p>\n","protected":false},"author":1,"featured_media":0,"comment_status":"open","ping_status":"open","sticky":false,"template":"","format":"standard","meta":{"om_disable_all_campaigns":false,"_monsterinsights_skip_tracking":false,"_monsterinsights_sitenote_active":false,"_monsterinsights_sitenote_note":"","_monsterinsights_sitenote_category":0,"_uf_show_specific_survey":0,"_uf_disable_surveys":false},"categories":[109],"tags":[8,10,111,50,9,110,112,113,24],"aioseo_notices":[],"yoast_head":"<!-- This site is optimized with the Yoast SEO plugin v20.4 - https:\/\/yoast.com\/wordpress\/plugins\/seo\/ -->\n<title>CONVENIO FARMACIA - AFARABA<\/title>\n<meta name=\"robots\" content=\"index, follow, max-snippet:-1, max-image-preview:large, max-video-preview:-1\" \/>\n<link rel=\"canonical\" href=\"http:\/\/www.afaraba.org\/blog\/index.php\/2019\/10\/02\/convenio-farmacia\/\" \/>\n<meta property=\"og:locale\" content=\"es_ES\" \/>\n<meta property=\"og:type\" content=\"article\" \/>\n<meta property=\"og:title\" content=\"CONVENIO FARMACIA - AFARABA\" \/>\n<meta property=\"og:description\" content=\"El Colegio Oficial de Farmac\u00e9uticos de \u00c1lava (COF \u00c1lava) y la Asociaci\u00f3n de Familiares y Amigos de personas con Alzheimer y otras demencias de \u00c1lava (AFARABA), han firmado un acuerdo de colaboraci\u00f3n para sumar fuerzas en el apoyo a familiares, pacientes y personas cuidadoras. Desde AFARABA se ha detectado que la farmacia, por su disponibilidad &hellip; Continuar leyendo &quot;CONVENIO FARMACIA&quot;\" \/>\n<meta property=\"og:url\" content=\"http:\/\/www.afaraba.org\/blog\/index.php\/2019\/10\/02\/convenio-farmacia\/\" \/>\n<meta property=\"og:site_name\" content=\"AFARABA\" \/>\n<meta property=\"article:published_time\" content=\"2019-10-02T10:24:00+00:00\" \/>\n<meta property=\"article:modified_time\" content=\"2020-11-20T09:21:20+00:00\" \/>\n<meta property=\"og:image\" content=\"http:\/\/www.afaraba.org\/blog\/wp-content\/uploads\/2019\/11\/farmacia-1024x845.jpeg\" \/>\n<meta name=\"author\" content=\"admin\" \/>\n<meta name=\"twitter:card\" content=\"summary_large_image\" \/>\n<meta name=\"twitter:label1\" content=\"Escrito por\" \/>\n\t<meta name=\"twitter:data1\" content=\"admin\" \/>\n\t<meta name=\"twitter:label2\" content=\"Tiempo de lectura\" \/>\n\t<meta name=\"twitter:data2\" content=\"2 minutos\" \/>\n<script type=\"application\/ld+json\" class=\"yoast-schema-graph\">{\"@context\":\"https:\/\/schema.org\",\"@graph\":[{\"@type\":\"Article\",\"@id\":\"http:\/\/www.afaraba.org\/blog\/index.php\/2019\/10\/02\/convenio-farmacia\/#article\",\"isPartOf\":{\"@id\":\"http:\/\/www.afaraba.org\/blog\/index.php\/2019\/10\/02\/convenio-farmacia\/\"},\"author\":{\"name\":\"admin\",\"@id\":\"https:\/\/www.afaraba.org\/blog\/#\/schema\/person\/4a0ab48b67420072f420109f30843c71\"},\"headline\":\"CONVENIO FARMACIA\",\"datePublished\":\"2019-10-02T10:24:00+00:00\",\"dateModified\":\"2020-11-20T09:21:20+00:00\",\"mainEntityOfPage\":{\"@id\":\"http:\/\/www.afaraba.org\/blog\/index.php\/2019\/10\/02\/convenio-farmacia\/\"},\"wordCount\":304,\"commentCount\":0,\"publisher\":{\"@id\":\"https:\/\/www.afaraba.org\/blog\/#organization\"},\"keywords\":[\"afaraba\",\"Alzheimer\",\"COF\",\"COLABORACION\",\"Demencias\",\"FARMACIA\",\"PROGRAMAS\",\"SERVICIOS\",\"vitoria gasteiz\"],\"articleSection\":[\"COLABORACI\u00d3N\"],\"inLanguage\":\"es\",\"potentialAction\":[{\"@type\":\"CommentAction\",\"name\":\"Comment\",\"target\":[\"http:\/\/www.afaraba.org\/blog\/index.php\/2019\/10\/02\/convenio-farmacia\/#respond\"]}]},{\"@type\":\"WebPage\",\"@id\":\"http:\/\/www.afaraba.org\/blog\/index.php\/2019\/10\/02\/convenio-farmacia\/\",\"url\":\"http:\/\/www.afaraba.org\/blog\/index.php\/2019\/10\/02\/convenio-farmacia\/\",\"name\":\"CONVENIO FARMACIA - AFARABA\",\"isPartOf\":{\"@id\":\"https:\/\/www.afaraba.org\/blog\/#website\"},\"datePublished\":\"2019-10-02T10:24:00+00:00\",\"dateModified\":\"2020-11-20T09:21:20+00:00\",\"breadcrumb\":{\"@id\":\"http:\/\/www.afaraba.org\/blog\/index.php\/2019\/10\/02\/convenio-farmacia\/#breadcrumb\"},\"inLanguage\":\"es\",\"potentialAction\":[{\"@type\":\"ReadAction\",\"target\":[\"http:\/\/www.afaraba.org\/blog\/index.php\/2019\/10\/02\/convenio-farmacia\/\"]}]},{\"@type\":\"BreadcrumbList\",\"@id\":\"http:\/\/www.afaraba.org\/blog\/index.php\/2019\/10\/02\/convenio-farmacia\/#breadcrumb\",\"itemListElement\":[{\"@type\":\"ListItem\",\"position\":1,\"name\":\"Portada\",\"item\":\"https:\/\/www.afaraba.org\/blog\/\"},{\"@type\":\"ListItem\",\"position\":2,\"name\":\"CONVENIO FARMACIA\"}]},{\"@type\":\"WebSite\",\"@id\":\"https:\/\/www.afaraba.org\/blog\/#website\",\"url\":\"https:\/\/www.afaraba.org\/blog\/\",\"name\":\"AFARABA\",\"description\":\"BLOG AFARABA\",\"publisher\":{\"@id\":\"https:\/\/www.afaraba.org\/blog\/#organization\"},\"potentialAction\":[{\"@type\":\"SearchAction\",\"target\":{\"@type\":\"EntryPoint\",\"urlTemplate\":\"https:\/\/www.afaraba.org\/blog\/?s={search_term_string}\"},\"query-input\":\"required name=search_term_string\"}],\"inLanguage\":\"es\"},{\"@type\":\"Organization\",\"@id\":\"https:\/\/www.afaraba.org\/blog\/#organization\",\"name\":\"AFARABA\",\"url\":\"https:\/\/www.afaraba.org\/blog\/\",\"logo\":{\"@type\":\"ImageObject\",\"inLanguage\":\"es\",\"@id\":\"https:\/\/www.afaraba.org\/blog\/#\/schema\/logo\/image\/\",\"url\":\"http:\/\/www.afaraba.org\/blog\/wp-content\/uploads\/2020\/11\/cropped-AFA_HC-BLOG2.jpg\",\"contentUrl\":\"http:\/\/www.afaraba.org\/blog\/wp-content\/uploads\/2020\/11\/cropped-AFA_HC-BLOG2.jpg\",\"width\":240,\"height\":89,\"caption\":\"AFARABA\"},\"image\":{\"@id\":\"https:\/\/www.afaraba.org\/blog\/#\/schema\/logo\/image\/\"}},{\"@type\":\"Person\",\"@id\":\"https:\/\/www.afaraba.org\/blog\/#\/schema\/person\/4a0ab48b67420072f420109f30843c71\",\"name\":\"admin\",\"image\":{\"@type\":\"ImageObject\",\"inLanguage\":\"es\",\"@id\":\"https:\/\/www.afaraba.org\/blog\/#\/schema\/person\/image\/\",\"url\":\"http:\/\/0.gravatar.com\/avatar\/c2318eff2fb6ce04ef6dca732184cc5b?s=96&d=mm&r=g\",\"contentUrl\":\"http:\/\/0.gravatar.com\/avatar\/c2318eff2fb6ce04ef6dca732184cc5b?s=96&d=mm&r=g\",\"caption\":\"admin\"},\"url\":\"http:\/\/www.afaraba.org\/blog\/index.php\/author\/admin\/\"}]}<\/script>\n<!-- \/ Yoast SEO plugin. -->","yoast_head_json":{"title":"CONVENIO FARMACIA - AFARABA","robots":{"index":"index","follow":"follow","max-snippet":"max-snippet:-1","max-image-preview":"max-image-preview:large","max-video-preview":"max-video-preview:-1"},"canonical":"http:\/\/www.afaraba.org\/blog\/index.php\/2019\/10\/02\/convenio-farmacia\/","og_locale":"es_ES","og_type":"article","og_title":"CONVENIO FARMACIA - AFARABA","og_description":"El Colegio Oficial de Farmac\u00e9uticos de \u00c1lava (COF \u00c1lava) y la Asociaci\u00f3n de Familiares y Amigos de personas con Alzheimer y otras demencias de \u00c1lava (AFARABA), han firmado un acuerdo de colaboraci\u00f3n para sumar fuerzas en el apoyo a familiares, pacientes y personas cuidadoras. Desde AFARABA se ha detectado que la farmacia, por su disponibilidad &hellip; Continuar leyendo \"CONVENIO FARMACIA\"","og_url":"http:\/\/www.afaraba.org\/blog\/index.php\/2019\/10\/02\/convenio-farmacia\/","og_site_name":"AFARABA","article_published_time":"2019-10-02T10:24:00+00:00","article_modified_time":"2020-11-20T09:21:20+00:00","og_image":[{"url":"http:\/\/www.afaraba.org\/blog\/wp-content\/uploads\/2019\/11\/farmacia-1024x845.jpeg"}],"author":"admin","twitter_card":"summary_large_image","twitter_misc":{"Escrito por":"admin","Tiempo de lectura":"2 minutos"},"schema":{"@context":"https:\/\/schema.org","@graph":[{"@type":"Article","@id":"http:\/\/www.afaraba.org\/blog\/index.php\/2019\/10\/02\/convenio-farmacia\/#article","isPartOf":{"@id":"http:\/\/www.afaraba.org\/blog\/index.php\/2019\/10\/02\/convenio-farmacia\/"},"author":{"name":"admin","@id":"https:\/\/www.afaraba.org\/blog\/#\/schema\/person\/4a0ab48b67420072f420109f30843c71"},"headline":"CONVENIO FARMACIA","datePublished":"2019-10-02T10:24:00+00:00","dateModified":"2020-11-20T09:21:20+00:00","mainEntityOfPage":{"@id":"http:\/\/www.afaraba.org\/blog\/index.php\/2019\/10\/02\/convenio-farmacia\/"},"wordCount":304,"commentCount":0,"publisher":{"@id":"https:\/\/www.afaraba.org\/blog\/#organization"},"keywords":["afaraba","Alzheimer","COF","COLABORACION","Demencias","FARMACIA","PROGRAMAS","SERVICIOS","vitoria gasteiz"],"articleSection":["COLABORACI\u00d3N"],"inLanguage":"es","potentialAction":[{"@type":"CommentAction","name":"Comment","target":["http:\/\/www.afaraba.org\/blog\/index.php\/2019\/10\/02\/convenio-farmacia\/#respond"]}]},{"@type":"WebPage","@id":"http:\/\/www.afaraba.org\/blog\/index.php\/2019\/10\/02\/convenio-farmacia\/","url":"http:\/\/www.afaraba.org\/blog\/index.php\/2019\/10\/02\/convenio-farmacia\/","name":"CONVENIO FARMACIA - AFARABA","isPartOf":{"@id":"https:\/\/www.afaraba.org\/blog\/#website"},"datePublished":"2019-10-02T10:24:00+00:00","dateModified":"2020-11-20T09:21:20+00:00","breadcrumb":{"@id":"http:\/\/www.afaraba.org\/blog\/index.php\/2019\/10\/02\/convenio-farmacia\/#breadcrumb"},"inLanguage":"es","potentialAction":[{"@type":"ReadAction","target":["http:\/\/www.afaraba.org\/blog\/index.php\/2019\/10\/02\/convenio-farmacia\/"]}]},{"@type":"BreadcrumbList","@id":"http:\/\/www.afaraba.org\/blog\/index.php\/2019\/10\/02\/convenio-farmacia\/#breadcrumb","itemListElement":[{"@type":"ListItem","position":1,"name":"Portada","item":"https:\/\/www.afaraba.org\/blog\/"},{"@type":"ListItem","position":2,"name":"CONVENIO FARMACIA"}]},{"@type":"WebSite","@id":"https:\/\/www.afaraba.org\/blog\/#website","url":"https:\/\/www.afaraba.org\/blog\/","name":"AFARABA","description":"BLOG AFARABA","publisher":{"@id":"https:\/\/www.afaraba.org\/blog\/#organization"},"potentialAction":[{"@type":"SearchAction","target":{"@type":"EntryPoint","urlTemplate":"https:\/\/www.afaraba.org\/blog\/?s={search_term_string}"},"query-input":"required name=search_term_string"}],"inLanguage":"es"},{"@type":"Organization","@id":"https:\/\/www.afaraba.org\/blog\/#organization","name":"AFARABA","url":"https:\/\/www.afaraba.org\/blog\/","logo":{"@type":"ImageObject","inLanguage":"es","@id":"https:\/\/www.afaraba.org\/blog\/#\/schema\/logo\/image\/","url":"http:\/\/www.afaraba.org\/blog\/wp-content\/uploads\/2020\/11\/cropped-AFA_HC-BLOG2.jpg","contentUrl":"http:\/\/www.afaraba.org\/blog\/wp-content\/uploads\/2020\/11\/cropped-AFA_HC-BLOG2.jpg","width":240,"height":89,"caption":"AFARABA"},"image":{"@id":"https:\/\/www.afaraba.org\/blog\/#\/schema\/logo\/image\/"}},{"@type":"Person","@id":"https:\/\/www.afaraba.org\/blog\/#\/schema\/person\/4a0ab48b67420072f420109f30843c71","name":"admin","image":{"@type":"ImageObject","inLanguage":"es","@id":"https:\/\/www.afaraba.org\/blog\/#\/schema\/person\/image\/","url":"http:\/\/0.gravatar.com\/avatar\/c2318eff2fb6ce04ef6dca732184cc5b?s=96&d=mm&r=g","contentUrl":"http:\/\/0.gravatar.com\/avatar\/c2318eff2fb6ce04ef6dca732184cc5b?s=96&d=mm&r=g","caption":"admin"},"url":"http:\/\/www.afaraba.org\/blog\/index.php\/author\/admin\/"}]}},"_links":{"self":[{"href":"http:\/\/www.afaraba.org\/blog\/index.php\/wp-json\/wp\/v2\/posts\/262"}],"collection":[{"href":"http:\/\/www.afaraba.org\/blog\/index.php\/wp-json\/wp\/v2\/posts"}],"about":[{"href":"http:\/\/www.afaraba.org\/blog\/index.php\/wp-json\/wp\/v2\/types\/post"}],"author":[{"embeddable":true,"href":"http:\/\/www.afaraba.org\/blog\/index.php\/wp-json\/wp\/v2\/users\/1"}],"replies":[{"embeddable":true,"href":"http:\/\/www.afaraba.org\/blog\/index.php\/wp-json\/wp\/v2\/comments?post=262"}],"version-history":[{"count":2,"href":"http:\/\/www.afaraba.org\/blog\/index.php\/wp-json\/wp\/v2\/posts\/262\/revisions"}],"predecessor-version":[{"id":265,"href":"http:\/\/www.afaraba.org\/blog\/index.php\/wp-json\/wp\/v2\/posts\/262\/revisions\/265"}],"wp:attachment":[{"href":"http:\/\/www.afaraba.org\/blog\/index.php\/wp-json\/wp\/v2\/media?parent=262"}],"wp:term":[{"taxonomy":"category","embeddable":true,"href":"http:\/\/www.afaraba.org\/blog\/index.php\/wp-json\/wp\/v2\/categories?post=262"},{"taxonomy":"post_tag","embeddable":true,"href":"http:\/\/www.afaraba.org\/blog\/index.php\/wp-json\/wp\/v2\/tags?post=262"}],"curies":[{"name":"wp","href":"https:\/\/api.w.org\/{rel}","templated":true}]}}