{"id":266,"date":"2019-10-11T12:57:00","date_gmt":"2019-10-11T11:57:00","guid":{"rendered":"http:\/\/www.afaraba.org\/blog\/?p=266"},"modified":"2020-11-20T10:19:57","modified_gmt":"2020-11-20T09:19:57","slug":"la-nueva-cara-del-alzheimer","status":"publish","type":"post","link":"http:\/\/www.afaraba.org\/blog\/index.php\/2019\/10\/11\/la-nueva-cara-del-alzheimer\/","title":{"rendered":"LA NUEVA CARA DEL ALZHEIMER"},"content":{"rendered":"\n<p> <strong>Numerosas personas visitaron el autob\u00fas de la campa\u00f1a \u201cLa nueva cara del Alzheimer\u201d a su paso por Vitoria-Gasteiz el pasado 11 de octubre. <\/strong><\/p>\n\n\n\n<div class=\"wp-block-image\"><figure class=\"aligncenter size-large is-resized\"><img loading=\"lazy\" src=\"http:\/\/www.afaraba.org\/blog\/wp-content\/uploads\/2019\/11\/IMG-20191011-WA0065-1024x768.jpg\" alt=\"\" class=\"wp-image-270\" width=\"440\" height=\"330\" srcset=\"http:\/\/www.afaraba.org\/blog\/wp-content\/uploads\/2019\/11\/IMG-20191011-WA0065-1024x768.jpg 1024w, http:\/\/www.afaraba.org\/blog\/wp-content\/uploads\/2019\/11\/IMG-20191011-WA0065-300x225.jpg 300w, http:\/\/www.afaraba.org\/blog\/wp-content\/uploads\/2019\/11\/IMG-20191011-WA0065-768x576.jpg 768w, http:\/\/www.afaraba.org\/blog\/wp-content\/uploads\/2019\/11\/IMG-20191011-WA0065-1536x1152.jpg 1536w, http:\/\/www.afaraba.org\/blog\/wp-content\/uploads\/2019\/11\/IMG-20191011-WA0065-1200x900.jpg 1200w, http:\/\/www.afaraba.org\/blog\/wp-content\/uploads\/2019\/11\/IMG-20191011-WA0065.jpg 1600w\" sizes=\"(max-width: 440px) 85vw, 440px\" \/><\/figure><\/div>\n\n\n\n<p>Hasta la Plaza de los Celedones de Oro se acercaron muchos ciudadanos a\u00a0 conocer la acci\u00f3n de informaci\u00f3n, sensibilizaci\u00f3n y concienciaci\u00f3n con la que la Confederaci\u00f3n Espa\u00f1ola de Alzheimer (<a rel=\"noreferrer noopener\" aria-label=\"CEAFA (se abre en una nueva pesta\u00f1a)\" href=\"https:\/\/www.ceafa.es\/\" target=\"_blank\">CEAFA<\/a>) quiere alertar a la sociedad sobre la importancia de las demencias en la actualidad El objetivo de esta campa\u00f1a dise\u00f1ada por la Confederaci\u00f3n Espa\u00f1ola de Alzheimer (CEAFA) es informar, concienciar y sensibilizar sobre el impacto del Alzheimer y otras Demencias en la actualidad.<\/p>\n\n\n\n<div class=\"wp-block-image\"><figure class=\"aligncenter size-large is-resized\"><img loading=\"lazy\" src=\"http:\/\/www.afaraba.org\/blog\/wp-content\/uploads\/2019\/11\/IMG-20191011-WA0108-1024x768.jpg\" alt=\"\" class=\"wp-image-345\" width=\"371\" height=\"278\" srcset=\"http:\/\/www.afaraba.org\/blog\/wp-content\/uploads\/2019\/11\/IMG-20191011-WA0108-1024x768.jpg 1024w, http:\/\/www.afaraba.org\/blog\/wp-content\/uploads\/2019\/11\/IMG-20191011-WA0108-300x225.jpg 300w, http:\/\/www.afaraba.org\/blog\/wp-content\/uploads\/2019\/11\/IMG-20191011-WA0108-768x576.jpg 768w, http:\/\/www.afaraba.org\/blog\/wp-content\/uploads\/2019\/11\/IMG-20191011-WA0108-1536x1152.jpg 1536w, http:\/\/www.afaraba.org\/blog\/wp-content\/uploads\/2019\/11\/IMG-20191011-WA0108-1200x900.jpg 1200w, http:\/\/www.afaraba.org\/blog\/wp-content\/uploads\/2019\/11\/IMG-20191011-WA0108.jpg 1600w\" sizes=\"(max-width: 371px) 85vw, 371px\" \/><\/figure><\/div>\n\n\n\n<p>El objetivo de esta campa\u00f1a dise\u00f1ada por la Confederaci\u00f3n Espa\u00f1ola de Alzheimer (CEAFA) es informar, concienciar y sensibilizar sobre el impacto del Alzheimer y otras Demencias en la actualidad.<\/p>\n\n\n\n<div class=\"wp-block-image\"><figure class=\"aligncenter size-large is-resized\"><img loading=\"lazy\" src=\"http:\/\/www.afaraba.org\/blog\/wp-content\/uploads\/2019\/11\/IMG-20191011-WA0180-1024x768.jpg\" alt=\"\" class=\"wp-image-314\" width=\"391\" height=\"293\" srcset=\"http:\/\/www.afaraba.org\/blog\/wp-content\/uploads\/2019\/11\/IMG-20191011-WA0180-1024x768.jpg 1024w, http:\/\/www.afaraba.org\/blog\/wp-content\/uploads\/2019\/11\/IMG-20191011-WA0180-300x225.jpg 300w, http:\/\/www.afaraba.org\/blog\/wp-content\/uploads\/2019\/11\/IMG-20191011-WA0180-768x576.jpg 768w, http:\/\/www.afaraba.org\/blog\/wp-content\/uploads\/2019\/11\/IMG-20191011-WA0180-1536x1152.jpg 1536w, http:\/\/www.afaraba.org\/blog\/wp-content\/uploads\/2019\/11\/IMG-20191011-WA0180-1200x900.jpg 1200w, http:\/\/www.afaraba.org\/blog\/wp-content\/uploads\/2019\/11\/IMG-20191011-WA0180.jpg 1600w\" sizes=\"(max-width: 391px) 85vw, 391px\" \/><\/figure><\/div>\n\n\n\n<p>Dos autobuses realizar\u00e1n paradas en todas las Comunidades Aut\u00f3nomas durante el mes de octubre<\/p>\n\n\n\n<div class=\"wp-block-image\"><figure class=\"aligncenter size-large is-resized\"><img loading=\"lazy\" src=\"http:\/\/www.afaraba.org\/blog\/wp-content\/uploads\/2019\/11\/IMG-20191011-WA0187-1024x768.jpg\" alt=\"\" class=\"wp-image-321\" width=\"333\" height=\"250\" srcset=\"http:\/\/www.afaraba.org\/blog\/wp-content\/uploads\/2019\/11\/IMG-20191011-WA0187-1024x768.jpg 1024w, http:\/\/www.afaraba.org\/blog\/wp-content\/uploads\/2019\/11\/IMG-20191011-WA0187-300x225.jpg 300w, http:\/\/www.afaraba.org\/blog\/wp-content\/uploads\/2019\/11\/IMG-20191011-WA0187-768x576.jpg 768w, http:\/\/www.afaraba.org\/blog\/wp-content\/uploads\/2019\/11\/IMG-20191011-WA0187-1536x1152.jpg 1536w, http:\/\/www.afaraba.org\/blog\/wp-content\/uploads\/2019\/11\/IMG-20191011-WA0187-1200x900.jpg 1200w, http:\/\/www.afaraba.org\/blog\/wp-content\/uploads\/2019\/11\/IMG-20191011-WA0187.jpg 1600w\" sizes=\"(max-width: 333px) 85vw, 333px\" \/><\/figure><\/div>\n","protected":false},"excerpt":{"rendered":"<p>Numerosas personas visitaron el autob\u00fas de la campa\u00f1a \u201cLa nueva cara del Alzheimer\u201d a su paso por Vitoria-Gasteiz el pasado 11 de octubre. Hasta la Plaza de los Celedones de Oro se acercaron muchos ciudadanos a\u00a0 conocer la acci\u00f3n de informaci\u00f3n, sensibilizaci\u00f3n y concienciaci\u00f3n con la que la Confederaci\u00f3n Espa\u00f1ola de Alzheimer (CEAFA) quiere alertar &hellip; <a href=\"http:\/\/www.afaraba.org\/blog\/index.php\/2019\/10\/11\/la-nueva-cara-del-alzheimer\/\" class=\"more-link\">Continuar leyendo<span class=\"screen-reader-text\"> \u00abLA NUEVA CARA DEL ALZHEIMER\u00bb<\/span><\/a><\/p>\n","protected":false},"author":1,"featured_media":0,"comment_status":"open","ping_status":"open","sticky":false,"template":"","format":"standard","meta":{"om_disable_all_campaigns":false,"_monsterinsights_skip_tracking":false,"_monsterinsights_sitenote_active":false,"_monsterinsights_sitenote_note":"","_monsterinsights_sitenote_category":0,"_uf_show_specific_survey":0,"_uf_disable_surveys":false},"categories":[1],"tags":[8,10,114,96,115,9,24],"aioseo_notices":[],"yoast_head":"<!-- This site is optimized with the Yoast SEO plugin v20.4 - https:\/\/yoast.com\/wordpress\/plugins\/seo\/ -->\n<title>LA NUEVA CARA DEL ALZHEIMER - AFARABA<\/title>\n<meta name=\"robots\" content=\"index, follow, max-snippet:-1, max-image-preview:large, max-video-preview:-1\" \/>\n<link rel=\"canonical\" href=\"http:\/\/www.afaraba.org\/blog\/index.php\/2019\/10\/11\/la-nueva-cara-del-alzheimer\/\" \/>\n<meta property=\"og:locale\" content=\"es_ES\" \/>\n<meta property=\"og:type\" content=\"article\" \/>\n<meta property=\"og:title\" content=\"LA NUEVA CARA DEL ALZHEIMER - AFARABA\" \/>\n<meta property=\"og:description\" content=\"Numerosas personas visitaron el autob\u00fas de la campa\u00f1a \u201cLa nueva cara del Alzheimer\u201d a su paso por Vitoria-Gasteiz el pasado 11 de octubre. Hasta la Plaza de los Celedones de Oro se acercaron muchos ciudadanos a\u00a0 conocer la acci\u00f3n de informaci\u00f3n, sensibilizaci\u00f3n y concienciaci\u00f3n con la que la Confederaci\u00f3n Espa\u00f1ola de Alzheimer (CEAFA) quiere alertar &hellip; Continuar leyendo &quot;LA NUEVA CARA DEL ALZHEIMER&quot;\" \/>\n<meta property=\"og:url\" content=\"http:\/\/www.afaraba.org\/blog\/index.php\/2019\/10\/11\/la-nueva-cara-del-alzheimer\/\" \/>\n<meta property=\"og:site_name\" content=\"AFARABA\" \/>\n<meta property=\"article:published_time\" content=\"2019-10-11T11:57:00+00:00\" \/>\n<meta property=\"article:modified_time\" content=\"2020-11-20T09:19:57+00:00\" \/>\n<meta property=\"og:image\" content=\"http:\/\/www.afaraba.org\/blog\/wp-content\/uploads\/2019\/11\/IMG-20191011-WA0065-1024x768.jpg\" \/>\n<meta name=\"author\" content=\"admin\" \/>\n<meta name=\"twitter:card\" content=\"summary_large_image\" \/>\n<meta name=\"twitter:label1\" content=\"Escrito por\" \/>\n\t<meta name=\"twitter:data1\" content=\"admin\" \/>\n\t<meta name=\"twitter:label2\" content=\"Tiempo de lectura\" \/>\n\t<meta name=\"twitter:data2\" content=\"1 minuto\" \/>\n<script type=\"application\/ld+json\" class=\"yoast-schema-graph\">{\"@context\":\"https:\/\/schema.org\",\"@graph\":[{\"@type\":\"Article\",\"@id\":\"http:\/\/www.afaraba.org\/blog\/index.php\/2019\/10\/11\/la-nueva-cara-del-alzheimer\/#article\",\"isPartOf\":{\"@id\":\"http:\/\/www.afaraba.org\/blog\/index.php\/2019\/10\/11\/la-nueva-cara-del-alzheimer\/\"},\"author\":{\"name\":\"admin\",\"@id\":\"https:\/\/www.afaraba.org\/blog\/#\/schema\/person\/4a0ab48b67420072f420109f30843c71\"},\"headline\":\"LA NUEVA CARA DEL ALZHEIMER\",\"datePublished\":\"2019-10-11T11:57:00+00:00\",\"dateModified\":\"2020-11-20T09:19:57+00:00\",\"mainEntityOfPage\":{\"@id\":\"http:\/\/www.afaraba.org\/blog\/index.php\/2019\/10\/11\/la-nueva-cara-del-alzheimer\/\"},\"wordCount\":161,\"commentCount\":0,\"publisher\":{\"@id\":\"https:\/\/www.afaraba.org\/blog\/#organization\"},\"keywords\":[\"afaraba\",\"Alzheimer\",\"bus\",\"ceafa\",\"confederacion espa\u00f1ola\",\"Demencias\",\"vitoria gasteiz\"],\"articleSection\":[\"DIVULGACI\u00d3N\"],\"inLanguage\":\"es\",\"potentialAction\":[{\"@type\":\"CommentAction\",\"name\":\"Comment\",\"target\":[\"http:\/\/www.afaraba.org\/blog\/index.php\/2019\/10\/11\/la-nueva-cara-del-alzheimer\/#respond\"]}]},{\"@type\":\"WebPage\",\"@id\":\"http:\/\/www.afaraba.org\/blog\/index.php\/2019\/10\/11\/la-nueva-cara-del-alzheimer\/\",\"url\":\"http:\/\/www.afaraba.org\/blog\/index.php\/2019\/10\/11\/la-nueva-cara-del-alzheimer\/\",\"name\":\"LA NUEVA CARA DEL ALZHEIMER - AFARABA\",\"isPartOf\":{\"@id\":\"https:\/\/www.afaraba.org\/blog\/#website\"},\"datePublished\":\"2019-10-11T11:57:00+00:00\",\"dateModified\":\"2020-11-20T09:19:57+00:00\",\"breadcrumb\":{\"@id\":\"http:\/\/www.afaraba.org\/blog\/index.php\/2019\/10\/11\/la-nueva-cara-del-alzheimer\/#breadcrumb\"},\"inLanguage\":\"es\",\"potentialAction\":[{\"@type\":\"ReadAction\",\"target\":[\"http:\/\/www.afaraba.org\/blog\/index.php\/2019\/10\/11\/la-nueva-cara-del-alzheimer\/\"]}]},{\"@type\":\"BreadcrumbList\",\"@id\":\"http:\/\/www.afaraba.org\/blog\/index.php\/2019\/10\/11\/la-nueva-cara-del-alzheimer\/#breadcrumb\",\"itemListElement\":[{\"@type\":\"ListItem\",\"position\":1,\"name\":\"Portada\",\"item\":\"https:\/\/www.afaraba.org\/blog\/\"},{\"@type\":\"ListItem\",\"position\":2,\"name\":\"LA NUEVA CARA DEL ALZHEIMER\"}]},{\"@type\":\"WebSite\",\"@id\":\"https:\/\/www.afaraba.org\/blog\/#website\",\"url\":\"https:\/\/www.afaraba.org\/blog\/\",\"name\":\"AFARABA\",\"description\":\"BLOG AFARABA\",\"publisher\":{\"@id\":\"https:\/\/www.afaraba.org\/blog\/#organization\"},\"potentialAction\":[{\"@type\":\"SearchAction\",\"target\":{\"@type\":\"EntryPoint\",\"urlTemplate\":\"https:\/\/www.afaraba.org\/blog\/?s={search_term_string}\"},\"query-input\":\"required name=search_term_string\"}],\"inLanguage\":\"es\"},{\"@type\":\"Organization\",\"@id\":\"https:\/\/www.afaraba.org\/blog\/#organization\",\"name\":\"AFARABA\",\"url\":\"https:\/\/www.afaraba.org\/blog\/\",\"logo\":{\"@type\":\"ImageObject\",\"inLanguage\":\"es\",\"@id\":\"https:\/\/www.afaraba.org\/blog\/#\/schema\/logo\/image\/\",\"url\":\"http:\/\/www.afaraba.org\/blog\/wp-content\/uploads\/2020\/11\/cropped-AFA_HC-BLOG2.jpg\",\"contentUrl\":\"http:\/\/www.afaraba.org\/blog\/wp-content\/uploads\/2020\/11\/cropped-AFA_HC-BLOG2.jpg\",\"width\":240,\"height\":89,\"caption\":\"AFARABA\"},\"image\":{\"@id\":\"https:\/\/www.afaraba.org\/blog\/#\/schema\/logo\/image\/\"}},{\"@type\":\"Person\",\"@id\":\"https:\/\/www.afaraba.org\/blog\/#\/schema\/person\/4a0ab48b67420072f420109f30843c71\",\"name\":\"admin\",\"image\":{\"@type\":\"ImageObject\",\"inLanguage\":\"es\",\"@id\":\"https:\/\/www.afaraba.org\/blog\/#\/schema\/person\/image\/\",\"url\":\"http:\/\/0.gravatar.com\/avatar\/c2318eff2fb6ce04ef6dca732184cc5b?s=96&d=mm&r=g\",\"contentUrl\":\"http:\/\/0.gravatar.com\/avatar\/c2318eff2fb6ce04ef6dca732184cc5b?s=96&d=mm&r=g\",\"caption\":\"admin\"},\"url\":\"http:\/\/www.afaraba.org\/blog\/index.php\/author\/admin\/\"}]}<\/script>\n<!-- \/ Yoast SEO plugin. -->","yoast_head_json":{"title":"LA NUEVA CARA DEL ALZHEIMER - AFARABA","robots":{"index":"index","follow":"follow","max-snippet":"max-snippet:-1","max-image-preview":"max-image-preview:large","max-video-preview":"max-video-preview:-1"},"canonical":"http:\/\/www.afaraba.org\/blog\/index.php\/2019\/10\/11\/la-nueva-cara-del-alzheimer\/","og_locale":"es_ES","og_type":"article","og_title":"LA NUEVA CARA DEL ALZHEIMER - AFARABA","og_description":"Numerosas personas visitaron el autob\u00fas de la campa\u00f1a \u201cLa nueva cara del Alzheimer\u201d a su paso por Vitoria-Gasteiz el pasado 11 de octubre. Hasta la Plaza de los Celedones de Oro se acercaron muchos ciudadanos a\u00a0 conocer la acci\u00f3n de informaci\u00f3n, sensibilizaci\u00f3n y concienciaci\u00f3n con la que la Confederaci\u00f3n Espa\u00f1ola de Alzheimer (CEAFA) quiere alertar &hellip; Continuar leyendo \"LA NUEVA CARA DEL ALZHEIMER\"","og_url":"http:\/\/www.afaraba.org\/blog\/index.php\/2019\/10\/11\/la-nueva-cara-del-alzheimer\/","og_site_name":"AFARABA","article_published_time":"2019-10-11T11:57:00+00:00","article_modified_time":"2020-11-20T09:19:57+00:00","og_image":[{"url":"http:\/\/www.afaraba.org\/blog\/wp-content\/uploads\/2019\/11\/IMG-20191011-WA0065-1024x768.jpg"}],"author":"admin","twitter_card":"summary_large_image","twitter_misc":{"Escrito por":"admin","Tiempo de lectura":"1 minuto"},"schema":{"@context":"https:\/\/schema.org","@graph":[{"@type":"Article","@id":"http:\/\/www.afaraba.org\/blog\/index.php\/2019\/10\/11\/la-nueva-cara-del-alzheimer\/#article","isPartOf":{"@id":"http:\/\/www.afaraba.org\/blog\/index.php\/2019\/10\/11\/la-nueva-cara-del-alzheimer\/"},"author":{"name":"admin","@id":"https:\/\/www.afaraba.org\/blog\/#\/schema\/person\/4a0ab48b67420072f420109f30843c71"},"headline":"LA NUEVA CARA DEL ALZHEIMER","datePublished":"2019-10-11T11:57:00+00:00","dateModified":"2020-11-20T09:19:57+00:00","mainEntityOfPage":{"@id":"http:\/\/www.afaraba.org\/blog\/index.php\/2019\/10\/11\/la-nueva-cara-del-alzheimer\/"},"wordCount":161,"commentCount":0,"publisher":{"@id":"https:\/\/www.afaraba.org\/blog\/#organization"},"keywords":["afaraba","Alzheimer","bus","ceafa","confederacion espa\u00f1ola","Demencias","vitoria gasteiz"],"articleSection":["DIVULGACI\u00d3N"],"inLanguage":"es","potentialAction":[{"@type":"CommentAction","name":"Comment","target":["http:\/\/www.afaraba.org\/blog\/index.php\/2019\/10\/11\/la-nueva-cara-del-alzheimer\/#respond"]}]},{"@type":"WebPage","@id":"http:\/\/www.afaraba.org\/blog\/index.php\/2019\/10\/11\/la-nueva-cara-del-alzheimer\/","url":"http:\/\/www.afaraba.org\/blog\/index.php\/2019\/10\/11\/la-nueva-cara-del-alzheimer\/","name":"LA NUEVA CARA DEL ALZHEIMER - AFARABA","isPartOf":{"@id":"https:\/\/www.afaraba.org\/blog\/#website"},"datePublished":"2019-10-11T11:57:00+00:00","dateModified":"2020-11-20T09:19:57+00:00","breadcrumb":{"@id":"http:\/\/www.afaraba.org\/blog\/index.php\/2019\/10\/11\/la-nueva-cara-del-alzheimer\/#breadcrumb"},"inLanguage":"es","potentialAction":[{"@type":"ReadAction","target":["http:\/\/www.afaraba.org\/blog\/index.php\/2019\/10\/11\/la-nueva-cara-del-alzheimer\/"]}]},{"@type":"BreadcrumbList","@id":"http:\/\/www.afaraba.org\/blog\/index.php\/2019\/10\/11\/la-nueva-cara-del-alzheimer\/#breadcrumb","itemListElement":[{"@type":"ListItem","position":1,"name":"Portada","item":"https:\/\/www.afaraba.org\/blog\/"},{"@type":"ListItem","position":2,"name":"LA NUEVA CARA DEL ALZHEIMER"}]},{"@type":"WebSite","@id":"https:\/\/www.afaraba.org\/blog\/#website","url":"https:\/\/www.afaraba.org\/blog\/","name":"AFARABA","description":"BLOG AFARABA","publisher":{"@id":"https:\/\/www.afaraba.org\/blog\/#organization"},"potentialAction":[{"@type":"SearchAction","target":{"@type":"EntryPoint","urlTemplate":"https:\/\/www.afaraba.org\/blog\/?s={search_term_string}"},"query-input":"required name=search_term_string"}],"inLanguage":"es"},{"@type":"Organization","@id":"https:\/\/www.afaraba.org\/blog\/#organization","name":"AFARABA","url":"https:\/\/www.afaraba.org\/blog\/","logo":{"@type":"ImageObject","inLanguage":"es","@id":"https:\/\/www.afaraba.org\/blog\/#\/schema\/logo\/image\/","url":"http:\/\/www.afaraba.org\/blog\/wp-content\/uploads\/2020\/11\/cropped-AFA_HC-BLOG2.jpg","contentUrl":"http:\/\/www.afaraba.org\/blog\/wp-content\/uploads\/2020\/11\/cropped-AFA_HC-BLOG2.jpg","width":240,"height":89,"caption":"AFARABA"},"image":{"@id":"https:\/\/www.afaraba.org\/blog\/#\/schema\/logo\/image\/"}},{"@type":"Person","@id":"https:\/\/www.afaraba.org\/blog\/#\/schema\/person\/4a0ab48b67420072f420109f30843c71","name":"admin","image":{"@type":"ImageObject","inLanguage":"es","@id":"https:\/\/www.afaraba.org\/blog\/#\/schema\/person\/image\/","url":"http:\/\/0.gravatar.com\/avatar\/c2318eff2fb6ce04ef6dca732184cc5b?s=96&d=mm&r=g","contentUrl":"http:\/\/0.gravatar.com\/avatar\/c2318eff2fb6ce04ef6dca732184cc5b?s=96&d=mm&r=g","caption":"admin"},"url":"http:\/\/www.afaraba.org\/blog\/index.php\/author\/admin\/"}]}},"_links":{"self":[{"href":"http:\/\/www.afaraba.org\/blog\/index.php\/wp-json\/wp\/v2\/posts\/266"}],"collection":[{"href":"http:\/\/www.afaraba.org\/blog\/index.php\/wp-json\/wp\/v2\/posts"}],"about":[{"href":"http:\/\/www.afaraba.org\/blog\/index.php\/wp-json\/wp\/v2\/types\/post"}],"author":[{"embeddable":true,"href":"http:\/\/www.afaraba.org\/blog\/index.php\/wp-json\/wp\/v2\/users\/1"}],"replies":[{"embeddable":true,"href":"http:\/\/www.afaraba.org\/blog\/index.php\/wp-json\/wp\/v2\/comments?post=266"}],"version-history":[{"count":3,"href":"http:\/\/www.afaraba.org\/blog\/index.php\/wp-json\/wp\/v2\/posts\/266\/revisions"}],"predecessor-version":[{"id":348,"href":"http:\/\/www.afaraba.org\/blog\/index.php\/wp-json\/wp\/v2\/posts\/266\/revisions\/348"}],"wp:attachment":[{"href":"http:\/\/www.afaraba.org\/blog\/index.php\/wp-json\/wp\/v2\/media?parent=266"}],"wp:term":[{"taxonomy":"category","embeddable":true,"href":"http:\/\/www.afaraba.org\/blog\/index.php\/wp-json\/wp\/v2\/categories?post=266"},{"taxonomy":"post_tag","embeddable":true,"href":"http:\/\/www.afaraba.org\/blog\/index.php\/wp-json\/wp\/v2\/tags?post=266"}],"curies":[{"name":"wp","href":"https:\/\/api.w.org\/{rel}","templated":true}]}}