{"id":361,"date":"2019-11-18T15:55:00","date_gmt":"2019-11-18T14:55:00","guid":{"rendered":"http:\/\/www.afaraba.org\/blog\/?p=361"},"modified":"2020-11-20T10:18:34","modified_gmt":"2020-11-20T09:18:34","slug":"agenda-nagusi-2","status":"publish","type":"post","link":"http:\/\/www.afaraba.org\/blog\/index.php\/2019\/11\/18\/agenda-nagusi-2\/","title":{"rendered":"AGENDA NAGUSI"},"content":{"rendered":"\n<p><strong>AFARABA particip\u00f3 el pasado d\u00eda 18 de noviembre en la Sala Plaza del Museo Artium en Vitoria-Gasteiz aportando sugerencias a la Agenda Nagusi<\/strong>.<\/p>\n\n\n\n<p>Consistente en un encuentro entre diferentes asociaciones,\u00a0 instituciones p\u00fablicas y entidades privadas, al objeto de generar conocimiento para el dise\u00f1o de \u201c La estrategia vasca de apoyo a personas cuidadoras no profesionales\u201d, promovida desde el Departamento de Empleo y Pol\u00edticas Sociales del Gobierno Vasco para el periodo 2020-2024.<\/p>\n\n\n\n<p> A trav\u00e9s de este\u00a0 espacio,\u00a0 reflexionamos\u00a0 en torno a la situaci\u00f3n de estas personas que d\u00eda a d\u00eda desarrollan\u00a0 labores de cuidados\u00a0 a personas dependientes pertenecientes\u00a0 la\u00a0 red familiar.\u00a0 Y as\u00ed mismo se destac\u00f3 como\u00a0 el hecho de proporcionar estos cuidados afecta en diferentes \u00e1mbitos:\u00a0\u00a0 salud,\u00a0 vida social, laboral, a nivel\u00a0 econ\u00f3mico etc.\u00a0 <\/p>\n\n\n\n<p>Finalmente, se aportaron algunas sugerencias acerca de\u00a0 medidas\u00a0 que deben implementarse para mejorar la calidad de vida de las personas cuidadoras. <\/p>\n\n\n\n<div class=\"wp-block-image\"><figure class=\"aligncenter size-large\"><a href=\"http:\/\/www.agendanagusi.eus\/\" target=\"_blank\" rel=\"noreferrer noopener\"><img loading=\"lazy\" width=\"320\" height=\"180\" src=\"http:\/\/www.afaraba.org\/blog\/wp-content\/uploads\/2019\/11\/AGENDA-NAGUSI.jpg\" alt=\"\" class=\"wp-image-362\" srcset=\"http:\/\/www.afaraba.org\/blog\/wp-content\/uploads\/2019\/11\/AGENDA-NAGUSI.jpg 320w, http:\/\/www.afaraba.org\/blog\/wp-content\/uploads\/2019\/11\/AGENDA-NAGUSI-300x169.jpg 300w\" sizes=\"(max-width: 320px) 85vw, 320px\" \/><\/a><\/figure><\/div>\n","protected":false},"excerpt":{"rendered":"<p>AFARABA particip\u00f3 el pasado d\u00eda 18 de noviembre en la Sala Plaza del Museo Artium en Vitoria-Gasteiz aportando sugerencias a la Agenda Nagusi. Consistente en un encuentro entre diferentes asociaciones,\u00a0 instituciones p\u00fablicas y entidades privadas, al objeto de generar conocimiento para el dise\u00f1o de \u201c La estrategia vasca de apoyo a personas cuidadoras no profesionales\u201d, &hellip; <a href=\"http:\/\/www.afaraba.org\/blog\/index.php\/2019\/11\/18\/agenda-nagusi-2\/\" class=\"more-link\">Continuar leyendo<span class=\"screen-reader-text\"> \u00abAGENDA NAGUSI\u00bb<\/span><\/a><\/p>\n","protected":false},"author":1,"featured_media":0,"comment_status":"open","ping_status":"open","sticky":false,"template":"","format":"standard","meta":{"om_disable_all_campaigns":false,"_monsterinsights_skip_tracking":false,"_monsterinsights_sitenote_active":false,"_monsterinsights_sitenote_note":"","_monsterinsights_sitenote_category":0,"_uf_show_specific_survey":0,"_uf_disable_surveys":false},"categories":[109],"tags":[8,40,127,120,24],"aioseo_notices":[],"yoast_head":"<!-- This site is optimized with the Yoast SEO plugin v20.4 - https:\/\/yoast.com\/wordpress\/plugins\/seo\/ -->\n<title>AGENDA NAGUSI - AFARABA<\/title>\n<meta name=\"robots\" content=\"index, follow, max-snippet:-1, max-image-preview:large, max-video-preview:-1\" \/>\n<link rel=\"canonical\" href=\"http:\/\/www.afaraba.org\/blog\/index.php\/2019\/11\/18\/agenda-nagusi-2\/\" \/>\n<meta property=\"og:locale\" content=\"es_ES\" \/>\n<meta property=\"og:type\" content=\"article\" \/>\n<meta property=\"og:title\" content=\"AGENDA NAGUSI - AFARABA\" \/>\n<meta property=\"og:description\" content=\"AFARABA particip\u00f3 el pasado d\u00eda 18 de noviembre en la Sala Plaza del Museo Artium en Vitoria-Gasteiz aportando sugerencias a la Agenda Nagusi. Consistente en un encuentro entre diferentes asociaciones,\u00a0 instituciones p\u00fablicas y entidades privadas, al objeto de generar conocimiento para el dise\u00f1o de \u201c La estrategia vasca de apoyo a personas cuidadoras no profesionales\u201d, &hellip; Continuar leyendo &quot;AGENDA NAGUSI&quot;\" \/>\n<meta property=\"og:url\" content=\"http:\/\/www.afaraba.org\/blog\/index.php\/2019\/11\/18\/agenda-nagusi-2\/\" \/>\n<meta property=\"og:site_name\" content=\"AFARABA\" \/>\n<meta property=\"article:published_time\" content=\"2019-11-18T14:55:00+00:00\" \/>\n<meta property=\"article:modified_time\" content=\"2020-11-20T09:18:34+00:00\" \/>\n<meta property=\"og:image\" content=\"http:\/\/www.afaraba.org\/blog\/wp-content\/uploads\/2019\/11\/AGENDA-NAGUSI.jpg\" \/>\n<meta name=\"author\" content=\"admin\" \/>\n<meta name=\"twitter:card\" content=\"summary_large_image\" \/>\n<meta name=\"twitter:label1\" content=\"Escrito por\" \/>\n\t<meta name=\"twitter:data1\" content=\"admin\" \/>\n\t<meta name=\"twitter:label2\" content=\"Tiempo de lectura\" \/>\n\t<meta name=\"twitter:data2\" content=\"1 minuto\" \/>\n<script type=\"application\/ld+json\" class=\"yoast-schema-graph\">{\"@context\":\"https:\/\/schema.org\",\"@graph\":[{\"@type\":\"Article\",\"@id\":\"http:\/\/www.afaraba.org\/blog\/index.php\/2019\/11\/18\/agenda-nagusi-2\/#article\",\"isPartOf\":{\"@id\":\"http:\/\/www.afaraba.org\/blog\/index.php\/2019\/11\/18\/agenda-nagusi-2\/\"},\"author\":{\"name\":\"admin\",\"@id\":\"https:\/\/www.afaraba.org\/blog\/#\/schema\/person\/4a0ab48b67420072f420109f30843c71\"},\"headline\":\"AGENDA NAGUSI\",\"datePublished\":\"2019-11-18T14:55:00+00:00\",\"dateModified\":\"2020-11-20T09:18:34+00:00\",\"mainEntityOfPage\":{\"@id\":\"http:\/\/www.afaraba.org\/blog\/index.php\/2019\/11\/18\/agenda-nagusi-2\/\"},\"wordCount\":154,\"commentCount\":0,\"publisher\":{\"@id\":\"https:\/\/www.afaraba.org\/blog\/#organization\"},\"keywords\":[\"afaraba\",\"agenda nagusi\",\"departamento empleo y politicas sociales\",\"GOBIERNO VASCO\",\"vitoria gasteiz\"],\"articleSection\":[\"COLABORACI\u00d3N\"],\"inLanguage\":\"es\",\"potentialAction\":[{\"@type\":\"CommentAction\",\"name\":\"Comment\",\"target\":[\"http:\/\/www.afaraba.org\/blog\/index.php\/2019\/11\/18\/agenda-nagusi-2\/#respond\"]}]},{\"@type\":\"WebPage\",\"@id\":\"http:\/\/www.afaraba.org\/blog\/index.php\/2019\/11\/18\/agenda-nagusi-2\/\",\"url\":\"http:\/\/www.afaraba.org\/blog\/index.php\/2019\/11\/18\/agenda-nagusi-2\/\",\"name\":\"AGENDA NAGUSI - AFARABA\",\"isPartOf\":{\"@id\":\"https:\/\/www.afaraba.org\/blog\/#website\"},\"datePublished\":\"2019-11-18T14:55:00+00:00\",\"dateModified\":\"2020-11-20T09:18:34+00:00\",\"breadcrumb\":{\"@id\":\"http:\/\/www.afaraba.org\/blog\/index.php\/2019\/11\/18\/agenda-nagusi-2\/#breadcrumb\"},\"inLanguage\":\"es\",\"potentialAction\":[{\"@type\":\"ReadAction\",\"target\":[\"http:\/\/www.afaraba.org\/blog\/index.php\/2019\/11\/18\/agenda-nagusi-2\/\"]}]},{\"@type\":\"BreadcrumbList\",\"@id\":\"http:\/\/www.afaraba.org\/blog\/index.php\/2019\/11\/18\/agenda-nagusi-2\/#breadcrumb\",\"itemListElement\":[{\"@type\":\"ListItem\",\"position\":1,\"name\":\"Portada\",\"item\":\"https:\/\/www.afaraba.org\/blog\/\"},{\"@type\":\"ListItem\",\"position\":2,\"name\":\"AGENDA NAGUSI\"}]},{\"@type\":\"WebSite\",\"@id\":\"https:\/\/www.afaraba.org\/blog\/#website\",\"url\":\"https:\/\/www.afaraba.org\/blog\/\",\"name\":\"AFARABA\",\"description\":\"BLOG AFARABA\",\"publisher\":{\"@id\":\"https:\/\/www.afaraba.org\/blog\/#organization\"},\"potentialAction\":[{\"@type\":\"SearchAction\",\"target\":{\"@type\":\"EntryPoint\",\"urlTemplate\":\"https:\/\/www.afaraba.org\/blog\/?s={search_term_string}\"},\"query-input\":\"required name=search_term_string\"}],\"inLanguage\":\"es\"},{\"@type\":\"Organization\",\"@id\":\"https:\/\/www.afaraba.org\/blog\/#organization\",\"name\":\"AFARABA\",\"url\":\"https:\/\/www.afaraba.org\/blog\/\",\"logo\":{\"@type\":\"ImageObject\",\"inLanguage\":\"es\",\"@id\":\"https:\/\/www.afaraba.org\/blog\/#\/schema\/logo\/image\/\",\"url\":\"http:\/\/www.afaraba.org\/blog\/wp-content\/uploads\/2020\/11\/cropped-AFA_HC-BLOG2.jpg\",\"contentUrl\":\"http:\/\/www.afaraba.org\/blog\/wp-content\/uploads\/2020\/11\/cropped-AFA_HC-BLOG2.jpg\",\"width\":240,\"height\":89,\"caption\":\"AFARABA\"},\"image\":{\"@id\":\"https:\/\/www.afaraba.org\/blog\/#\/schema\/logo\/image\/\"}},{\"@type\":\"Person\",\"@id\":\"https:\/\/www.afaraba.org\/blog\/#\/schema\/person\/4a0ab48b67420072f420109f30843c71\",\"name\":\"admin\",\"image\":{\"@type\":\"ImageObject\",\"inLanguage\":\"es\",\"@id\":\"https:\/\/www.afaraba.org\/blog\/#\/schema\/person\/image\/\",\"url\":\"http:\/\/0.gravatar.com\/avatar\/c2318eff2fb6ce04ef6dca732184cc5b?s=96&d=mm&r=g\",\"contentUrl\":\"http:\/\/0.gravatar.com\/avatar\/c2318eff2fb6ce04ef6dca732184cc5b?s=96&d=mm&r=g\",\"caption\":\"admin\"},\"url\":\"http:\/\/www.afaraba.org\/blog\/index.php\/author\/admin\/\"}]}<\/script>\n<!-- \/ Yoast SEO plugin. -->","yoast_head_json":{"title":"AGENDA NAGUSI - AFARABA","robots":{"index":"index","follow":"follow","max-snippet":"max-snippet:-1","max-image-preview":"max-image-preview:large","max-video-preview":"max-video-preview:-1"},"canonical":"http:\/\/www.afaraba.org\/blog\/index.php\/2019\/11\/18\/agenda-nagusi-2\/","og_locale":"es_ES","og_type":"article","og_title":"AGENDA NAGUSI - AFARABA","og_description":"AFARABA particip\u00f3 el pasado d\u00eda 18 de noviembre en la Sala Plaza del Museo Artium en Vitoria-Gasteiz aportando sugerencias a la Agenda Nagusi. Consistente en un encuentro entre diferentes asociaciones,\u00a0 instituciones p\u00fablicas y entidades privadas, al objeto de generar conocimiento para el dise\u00f1o de \u201c La estrategia vasca de apoyo a personas cuidadoras no profesionales\u201d, &hellip; Continuar leyendo \"AGENDA NAGUSI\"","og_url":"http:\/\/www.afaraba.org\/blog\/index.php\/2019\/11\/18\/agenda-nagusi-2\/","og_site_name":"AFARABA","article_published_time":"2019-11-18T14:55:00+00:00","article_modified_time":"2020-11-20T09:18:34+00:00","og_image":[{"url":"http:\/\/www.afaraba.org\/blog\/wp-content\/uploads\/2019\/11\/AGENDA-NAGUSI.jpg"}],"author":"admin","twitter_card":"summary_large_image","twitter_misc":{"Escrito por":"admin","Tiempo de lectura":"1 minuto"},"schema":{"@context":"https:\/\/schema.org","@graph":[{"@type":"Article","@id":"http:\/\/www.afaraba.org\/blog\/index.php\/2019\/11\/18\/agenda-nagusi-2\/#article","isPartOf":{"@id":"http:\/\/www.afaraba.org\/blog\/index.php\/2019\/11\/18\/agenda-nagusi-2\/"},"author":{"name":"admin","@id":"https:\/\/www.afaraba.org\/blog\/#\/schema\/person\/4a0ab48b67420072f420109f30843c71"},"headline":"AGENDA NAGUSI","datePublished":"2019-11-18T14:55:00+00:00","dateModified":"2020-11-20T09:18:34+00:00","mainEntityOfPage":{"@id":"http:\/\/www.afaraba.org\/blog\/index.php\/2019\/11\/18\/agenda-nagusi-2\/"},"wordCount":154,"commentCount":0,"publisher":{"@id":"https:\/\/www.afaraba.org\/blog\/#organization"},"keywords":["afaraba","agenda nagusi","departamento empleo y politicas sociales","GOBIERNO VASCO","vitoria gasteiz"],"articleSection":["COLABORACI\u00d3N"],"inLanguage":"es","potentialAction":[{"@type":"CommentAction","name":"Comment","target":["http:\/\/www.afaraba.org\/blog\/index.php\/2019\/11\/18\/agenda-nagusi-2\/#respond"]}]},{"@type":"WebPage","@id":"http:\/\/www.afaraba.org\/blog\/index.php\/2019\/11\/18\/agenda-nagusi-2\/","url":"http:\/\/www.afaraba.org\/blog\/index.php\/2019\/11\/18\/agenda-nagusi-2\/","name":"AGENDA NAGUSI - AFARABA","isPartOf":{"@id":"https:\/\/www.afaraba.org\/blog\/#website"},"datePublished":"2019-11-18T14:55:00+00:00","dateModified":"2020-11-20T09:18:34+00:00","breadcrumb":{"@id":"http:\/\/www.afaraba.org\/blog\/index.php\/2019\/11\/18\/agenda-nagusi-2\/#breadcrumb"},"inLanguage":"es","potentialAction":[{"@type":"ReadAction","target":["http:\/\/www.afaraba.org\/blog\/index.php\/2019\/11\/18\/agenda-nagusi-2\/"]}]},{"@type":"BreadcrumbList","@id":"http:\/\/www.afaraba.org\/blog\/index.php\/2019\/11\/18\/agenda-nagusi-2\/#breadcrumb","itemListElement":[{"@type":"ListItem","position":1,"name":"Portada","item":"https:\/\/www.afaraba.org\/blog\/"},{"@type":"ListItem","position":2,"name":"AGENDA NAGUSI"}]},{"@type":"WebSite","@id":"https:\/\/www.afaraba.org\/blog\/#website","url":"https:\/\/www.afaraba.org\/blog\/","name":"AFARABA","description":"BLOG AFARABA","publisher":{"@id":"https:\/\/www.afaraba.org\/blog\/#organization"},"potentialAction":[{"@type":"SearchAction","target":{"@type":"EntryPoint","urlTemplate":"https:\/\/www.afaraba.org\/blog\/?s={search_term_string}"},"query-input":"required name=search_term_string"}],"inLanguage":"es"},{"@type":"Organization","@id":"https:\/\/www.afaraba.org\/blog\/#organization","name":"AFARABA","url":"https:\/\/www.afaraba.org\/blog\/","logo":{"@type":"ImageObject","inLanguage":"es","@id":"https:\/\/www.afaraba.org\/blog\/#\/schema\/logo\/image\/","url":"http:\/\/www.afaraba.org\/blog\/wp-content\/uploads\/2020\/11\/cropped-AFA_HC-BLOG2.jpg","contentUrl":"http:\/\/www.afaraba.org\/blog\/wp-content\/uploads\/2020\/11\/cropped-AFA_HC-BLOG2.jpg","width":240,"height":89,"caption":"AFARABA"},"image":{"@id":"https:\/\/www.afaraba.org\/blog\/#\/schema\/logo\/image\/"}},{"@type":"Person","@id":"https:\/\/www.afaraba.org\/blog\/#\/schema\/person\/4a0ab48b67420072f420109f30843c71","name":"admin","image":{"@type":"ImageObject","inLanguage":"es","@id":"https:\/\/www.afaraba.org\/blog\/#\/schema\/person\/image\/","url":"http:\/\/0.gravatar.com\/avatar\/c2318eff2fb6ce04ef6dca732184cc5b?s=96&d=mm&r=g","contentUrl":"http:\/\/0.gravatar.com\/avatar\/c2318eff2fb6ce04ef6dca732184cc5b?s=96&d=mm&r=g","caption":"admin"},"url":"http:\/\/www.afaraba.org\/blog\/index.php\/author\/admin\/"}]}},"_links":{"self":[{"href":"http:\/\/www.afaraba.org\/blog\/index.php\/wp-json\/wp\/v2\/posts\/361"}],"collection":[{"href":"http:\/\/www.afaraba.org\/blog\/index.php\/wp-json\/wp\/v2\/posts"}],"about":[{"href":"http:\/\/www.afaraba.org\/blog\/index.php\/wp-json\/wp\/v2\/types\/post"}],"author":[{"embeddable":true,"href":"http:\/\/www.afaraba.org\/blog\/index.php\/wp-json\/wp\/v2\/users\/1"}],"replies":[{"embeddable":true,"href":"http:\/\/www.afaraba.org\/blog\/index.php\/wp-json\/wp\/v2\/comments?post=361"}],"version-history":[{"count":3,"href":"http:\/\/www.afaraba.org\/blog\/index.php\/wp-json\/wp\/v2\/posts\/361\/revisions"}],"predecessor-version":[{"id":365,"href":"http:\/\/www.afaraba.org\/blog\/index.php\/wp-json\/wp\/v2\/posts\/361\/revisions\/365"}],"wp:attachment":[{"href":"http:\/\/www.afaraba.org\/blog\/index.php\/wp-json\/wp\/v2\/media?parent=361"}],"wp:term":[{"taxonomy":"category","embeddable":true,"href":"http:\/\/www.afaraba.org\/blog\/index.php\/wp-json\/wp\/v2\/categories?post=361"},{"taxonomy":"post_tag","embeddable":true,"href":"http:\/\/www.afaraba.org\/blog\/index.php\/wp-json\/wp\/v2\/tags?post=361"}],"curies":[{"name":"wp","href":"https:\/\/api.w.org\/{rel}","templated":true}]}}