{"id":371,"date":"2019-11-15T16:31:00","date_gmt":"2019-11-15T15:31:00","guid":{"rendered":"http:\/\/www.afaraba.org\/blog\/?p=371"},"modified":"2020-11-20T10:18:44","modified_gmt":"2020-11-20T09:18:44","slug":"jornada-anual-de-convivencia-2","status":"publish","type":"post","link":"http:\/\/www.afaraba.org\/blog\/index.php\/2019\/11\/15\/jornada-anual-de-convivencia-2\/","title":{"rendered":"JORNADA ANUAL DE CONVIVENCIA"},"content":{"rendered":"\n<p><strong>Disfrutamos de otra jornada especial, en esta ocasi\u00f3n en \u00e9poca oto\u00f1al visitando  las granjas de Lacturale en Etxeberri, cerca de Irurzun <\/strong><\/p>\n\n\n\n<div class=\"wp-block-image\"><figure class=\"aligncenter size-large is-resized\"><img loading=\"lazy\" src=\"http:\/\/www.afaraba.org\/blog\/wp-content\/uploads\/2019\/11\/WhatsApp-Image-2019-11-15-at-16.45.40-1024x768.jpeg\" alt=\"\" class=\"wp-image-373\" width=\"288\" height=\"216\" srcset=\"http:\/\/www.afaraba.org\/blog\/wp-content\/uploads\/2019\/11\/WhatsApp-Image-2019-11-15-at-16.45.40-1024x768.jpeg 1024w, http:\/\/www.afaraba.org\/blog\/wp-content\/uploads\/2019\/11\/WhatsApp-Image-2019-11-15-at-16.45.40-300x225.jpeg 300w, http:\/\/www.afaraba.org\/blog\/wp-content\/uploads\/2019\/11\/WhatsApp-Image-2019-11-15-at-16.45.40-768x576.jpeg 768w, http:\/\/www.afaraba.org\/blog\/wp-content\/uploads\/2019\/11\/WhatsApp-Image-2019-11-15-at-16.45.40-1536x1152.jpeg 1536w, http:\/\/www.afaraba.org\/blog\/wp-content\/uploads\/2019\/11\/WhatsApp-Image-2019-11-15-at-16.45.40-1200x900.jpeg 1200w, http:\/\/www.afaraba.org\/blog\/wp-content\/uploads\/2019\/11\/WhatsApp-Image-2019-11-15-at-16.45.40.jpeg 2048w\" sizes=\"(max-width: 288px) 85vw, 288px\" \/><\/figure><\/div>\n\n\n\n<p>Se trata de una de las ganader\u00edas del grupo <a href=\"https:\/\/www.lacturale.com\/es\/\" target=\"_blank\" rel=\"noreferrer noopener\" aria-label=\"Lacturale (se abre en una nueva pesta\u00f1a)\">Lacturale<\/a> adaptada para visitarla a trav\u00e9s de gu\u00edas, paneles explicativos, audiovisuales y centro de cata. Una experiencia en la que a trav\u00e9s del acercamiento al entorno rural y el contacto directo con el ganado, trabajamos con los 5 sentidos (vista, olfato, gusto, tacto y o\u00eddo) para interpretar todo lo que acontece en una ganader\u00eda. <\/p>\n\n\n\n<div class=\"wp-block-image\"><figure class=\"aligncenter size-large is-resized\"><img loading=\"lazy\" src=\"http:\/\/www.afaraba.org\/blog\/wp-content\/uploads\/2019\/11\/WhatsApp-Image-2019-11-15-at-12.30.19-1024x768.jpeg\" alt=\"\" class=\"wp-image-372\" width=\"364\" height=\"273\" srcset=\"http:\/\/www.afaraba.org\/blog\/wp-content\/uploads\/2019\/11\/WhatsApp-Image-2019-11-15-at-12.30.19-1024x768.jpeg 1024w, http:\/\/www.afaraba.org\/blog\/wp-content\/uploads\/2019\/11\/WhatsApp-Image-2019-11-15-at-12.30.19-300x225.jpeg 300w, http:\/\/www.afaraba.org\/blog\/wp-content\/uploads\/2019\/11\/WhatsApp-Image-2019-11-15-at-12.30.19-768x576.jpeg 768w, http:\/\/www.afaraba.org\/blog\/wp-content\/uploads\/2019\/11\/WhatsApp-Image-2019-11-15-at-12.30.19-1536x1152.jpeg 1536w, http:\/\/www.afaraba.org\/blog\/wp-content\/uploads\/2019\/11\/WhatsApp-Image-2019-11-15-at-12.30.19-1200x900.jpeg 1200w, http:\/\/www.afaraba.org\/blog\/wp-content\/uploads\/2019\/11\/WhatsApp-Image-2019-11-15-at-12.30.19.jpeg 2048w\" sizes=\"(max-width: 364px) 85vw, 364px\" \/><\/figure><\/div>\n\n\n\n<div class=\"wp-block-image\"><figure class=\"aligncenter size-large is-resized\"><img loading=\"lazy\" src=\"http:\/\/www.afaraba.org\/blog\/wp-content\/uploads\/2019\/11\/WhatsApp-Image-2019-11-15-at-13.43.35-1024x768.jpeg\" alt=\"\" class=\"wp-image-374\" width=\"356\" height=\"268\" srcset=\"http:\/\/www.afaraba.org\/blog\/wp-content\/uploads\/2019\/11\/WhatsApp-Image-2019-11-15-at-13.43.35-1024x768.jpeg 1024w, http:\/\/www.afaraba.org\/blog\/wp-content\/uploads\/2019\/11\/WhatsApp-Image-2019-11-15-at-13.43.35-300x225.jpeg 300w, http:\/\/www.afaraba.org\/blog\/wp-content\/uploads\/2019\/11\/WhatsApp-Image-2019-11-15-at-13.43.35-768x576.jpeg 768w, http:\/\/www.afaraba.org\/blog\/wp-content\/uploads\/2019\/11\/WhatsApp-Image-2019-11-15-at-13.43.35-1536x1152.jpeg 1536w, http:\/\/www.afaraba.org\/blog\/wp-content\/uploads\/2019\/11\/WhatsApp-Image-2019-11-15-at-13.43.35-1200x900.jpeg 1200w, http:\/\/www.afaraba.org\/blog\/wp-content\/uploads\/2019\/11\/WhatsApp-Image-2019-11-15-at-13.43.35.jpeg 2048w\" sizes=\"(max-width: 356px) 85vw, 356px\" \/><\/figure><\/div>\n\n\n\n<p>Por la tarde pudimos disfrutar de una animada sobremesa de la  mano del <strong><a href=\"https:\/\/www.hotelplazaola.es\/restauracion\/restaurante\/\" target=\"_blank\" rel=\"noreferrer noopener\" aria-label=\"restaurante del Hotel Plazaola. (se abre en una nueva pesta\u00f1a)\">restaurante del Hotel Plazaola.<\/a><\/strong><\/p>\n\n\n\n<p><\/p>\n","protected":false},"excerpt":{"rendered":"<p>Disfrutamos de otra jornada especial, en esta ocasi\u00f3n en \u00e9poca oto\u00f1al visitando las granjas de Lacturale en Etxeberri, cerca de Irurzun Se trata de una de las ganader\u00edas del grupo Lacturale adaptada para visitarla a trav\u00e9s de gu\u00edas, paneles explicativos, audiovisuales y centro de cata. Una experiencia en la que a trav\u00e9s del acercamiento al &hellip; <a href=\"http:\/\/www.afaraba.org\/blog\/index.php\/2019\/11\/15\/jornada-anual-de-convivencia-2\/\" class=\"more-link\">Continuar leyendo<span class=\"screen-reader-text\"> \u00abJORNADA ANUAL DE CONVIVENCIA\u00bb<\/span><\/a><\/p>\n","protected":false},"author":1,"featured_media":0,"comment_status":"open","ping_status":"open","sticky":false,"template":"","format":"standard","meta":{"om_disable_all_campaigns":false,"_monsterinsights_skip_tracking":false,"_monsterinsights_sitenote_active":false,"_monsterinsights_sitenote_note":"","_monsterinsights_sitenote_category":0,"_uf_show_specific_survey":0,"_uf_disable_surveys":false},"categories":[59],"tags":[136,138,135,137,134],"aioseo_notices":[],"yoast_head":"<!-- This site is optimized with the Yoast SEO plugin v20.4 - https:\/\/yoast.com\/wordpress\/plugins\/seo\/ -->\n<title>JORNADA ANUAL DE CONVIVENCIA - AFARABA<\/title>\n<meta name=\"robots\" content=\"index, follow, max-snippet:-1, max-image-preview:large, max-video-preview:-1\" \/>\n<link rel=\"canonical\" href=\"http:\/\/www.afaraba.org\/blog\/index.php\/2019\/11\/15\/jornada-anual-de-convivencia-2\/\" \/>\n<meta property=\"og:locale\" content=\"es_ES\" \/>\n<meta property=\"og:type\" content=\"article\" \/>\n<meta property=\"og:title\" content=\"JORNADA ANUAL DE CONVIVENCIA - AFARABA\" \/>\n<meta property=\"og:description\" content=\"Disfrutamos de otra jornada especial, en esta ocasi\u00f3n en \u00e9poca oto\u00f1al visitando las granjas de Lacturale en Etxeberri, cerca de Irurzun Se trata de una de las ganader\u00edas del grupo Lacturale adaptada para visitarla a trav\u00e9s de gu\u00edas, paneles explicativos, audiovisuales y centro de cata. Una experiencia en la que a trav\u00e9s del acercamiento al &hellip; Continuar leyendo &quot;JORNADA ANUAL DE CONVIVENCIA&quot;\" \/>\n<meta property=\"og:url\" content=\"http:\/\/www.afaraba.org\/blog\/index.php\/2019\/11\/15\/jornada-anual-de-convivencia-2\/\" \/>\n<meta property=\"og:site_name\" content=\"AFARABA\" \/>\n<meta property=\"article:published_time\" content=\"2019-11-15T15:31:00+00:00\" \/>\n<meta property=\"article:modified_time\" content=\"2020-11-20T09:18:44+00:00\" \/>\n<meta property=\"og:image\" content=\"http:\/\/www.afaraba.org\/blog\/wp-content\/uploads\/2019\/11\/WhatsApp-Image-2019-11-15-at-16.45.40-1024x768.jpeg\" \/>\n<meta name=\"author\" content=\"admin\" \/>\n<meta name=\"twitter:card\" content=\"summary_large_image\" \/>\n<meta name=\"twitter:label1\" content=\"Escrito por\" \/>\n\t<meta name=\"twitter:data1\" content=\"admin\" \/>\n\t<meta name=\"twitter:label2\" content=\"Tiempo de lectura\" \/>\n\t<meta name=\"twitter:data2\" content=\"1 minuto\" \/>\n<script type=\"application\/ld+json\" class=\"yoast-schema-graph\">{\"@context\":\"https:\/\/schema.org\",\"@graph\":[{\"@type\":\"Article\",\"@id\":\"http:\/\/www.afaraba.org\/blog\/index.php\/2019\/11\/15\/jornada-anual-de-convivencia-2\/#article\",\"isPartOf\":{\"@id\":\"http:\/\/www.afaraba.org\/blog\/index.php\/2019\/11\/15\/jornada-anual-de-convivencia-2\/\"},\"author\":{\"name\":\"admin\",\"@id\":\"https:\/\/www.afaraba.org\/blog\/#\/schema\/person\/4a0ab48b67420072f420109f30843c71\"},\"headline\":\"JORNADA ANUAL DE CONVIVENCIA\",\"datePublished\":\"2019-11-15T15:31:00+00:00\",\"dateModified\":\"2020-11-20T09:18:44+00:00\",\"mainEntityOfPage\":{\"@id\":\"http:\/\/www.afaraba.org\/blog\/index.php\/2019\/11\/15\/jornada-anual-de-convivencia-2\/\"},\"wordCount\":112,\"commentCount\":0,\"publisher\":{\"@id\":\"https:\/\/www.afaraba.org\/blog\/#organization\"},\"keywords\":[\"ganaderia\",\"hotel plazaola\",\"Irurzun\",\"jornada convivencia\",\"lacturale\"],\"articleSection\":[\"ACTIVIDADES\"],\"inLanguage\":\"es\",\"potentialAction\":[{\"@type\":\"CommentAction\",\"name\":\"Comment\",\"target\":[\"http:\/\/www.afaraba.org\/blog\/index.php\/2019\/11\/15\/jornada-anual-de-convivencia-2\/#respond\"]}]},{\"@type\":\"WebPage\",\"@id\":\"http:\/\/www.afaraba.org\/blog\/index.php\/2019\/11\/15\/jornada-anual-de-convivencia-2\/\",\"url\":\"http:\/\/www.afaraba.org\/blog\/index.php\/2019\/11\/15\/jornada-anual-de-convivencia-2\/\",\"name\":\"JORNADA ANUAL DE CONVIVENCIA - AFARABA\",\"isPartOf\":{\"@id\":\"https:\/\/www.afaraba.org\/blog\/#website\"},\"datePublished\":\"2019-11-15T15:31:00+00:00\",\"dateModified\":\"2020-11-20T09:18:44+00:00\",\"breadcrumb\":{\"@id\":\"http:\/\/www.afaraba.org\/blog\/index.php\/2019\/11\/15\/jornada-anual-de-convivencia-2\/#breadcrumb\"},\"inLanguage\":\"es\",\"potentialAction\":[{\"@type\":\"ReadAction\",\"target\":[\"http:\/\/www.afaraba.org\/blog\/index.php\/2019\/11\/15\/jornada-anual-de-convivencia-2\/\"]}]},{\"@type\":\"BreadcrumbList\",\"@id\":\"http:\/\/www.afaraba.org\/blog\/index.php\/2019\/11\/15\/jornada-anual-de-convivencia-2\/#breadcrumb\",\"itemListElement\":[{\"@type\":\"ListItem\",\"position\":1,\"name\":\"Portada\",\"item\":\"https:\/\/www.afaraba.org\/blog\/\"},{\"@type\":\"ListItem\",\"position\":2,\"name\":\"JORNADA ANUAL DE CONVIVENCIA\"}]},{\"@type\":\"WebSite\",\"@id\":\"https:\/\/www.afaraba.org\/blog\/#website\",\"url\":\"https:\/\/www.afaraba.org\/blog\/\",\"name\":\"AFARABA\",\"description\":\"BLOG AFARABA\",\"publisher\":{\"@id\":\"https:\/\/www.afaraba.org\/blog\/#organization\"},\"potentialAction\":[{\"@type\":\"SearchAction\",\"target\":{\"@type\":\"EntryPoint\",\"urlTemplate\":\"https:\/\/www.afaraba.org\/blog\/?s={search_term_string}\"},\"query-input\":\"required name=search_term_string\"}],\"inLanguage\":\"es\"},{\"@type\":\"Organization\",\"@id\":\"https:\/\/www.afaraba.org\/blog\/#organization\",\"name\":\"AFARABA\",\"url\":\"https:\/\/www.afaraba.org\/blog\/\",\"logo\":{\"@type\":\"ImageObject\",\"inLanguage\":\"es\",\"@id\":\"https:\/\/www.afaraba.org\/blog\/#\/schema\/logo\/image\/\",\"url\":\"http:\/\/www.afaraba.org\/blog\/wp-content\/uploads\/2020\/11\/cropped-AFA_HC-BLOG2.jpg\",\"contentUrl\":\"http:\/\/www.afaraba.org\/blog\/wp-content\/uploads\/2020\/11\/cropped-AFA_HC-BLOG2.jpg\",\"width\":240,\"height\":89,\"caption\":\"AFARABA\"},\"image\":{\"@id\":\"https:\/\/www.afaraba.org\/blog\/#\/schema\/logo\/image\/\"}},{\"@type\":\"Person\",\"@id\":\"https:\/\/www.afaraba.org\/blog\/#\/schema\/person\/4a0ab48b67420072f420109f30843c71\",\"name\":\"admin\",\"image\":{\"@type\":\"ImageObject\",\"inLanguage\":\"es\",\"@id\":\"https:\/\/www.afaraba.org\/blog\/#\/schema\/person\/image\/\",\"url\":\"http:\/\/0.gravatar.com\/avatar\/c2318eff2fb6ce04ef6dca732184cc5b?s=96&d=mm&r=g\",\"contentUrl\":\"http:\/\/0.gravatar.com\/avatar\/c2318eff2fb6ce04ef6dca732184cc5b?s=96&d=mm&r=g\",\"caption\":\"admin\"},\"url\":\"http:\/\/www.afaraba.org\/blog\/index.php\/author\/admin\/\"}]}<\/script>\n<!-- \/ Yoast SEO plugin. -->","yoast_head_json":{"title":"JORNADA ANUAL DE CONVIVENCIA - AFARABA","robots":{"index":"index","follow":"follow","max-snippet":"max-snippet:-1","max-image-preview":"max-image-preview:large","max-video-preview":"max-video-preview:-1"},"canonical":"http:\/\/www.afaraba.org\/blog\/index.php\/2019\/11\/15\/jornada-anual-de-convivencia-2\/","og_locale":"es_ES","og_type":"article","og_title":"JORNADA ANUAL DE CONVIVENCIA - AFARABA","og_description":"Disfrutamos de otra jornada especial, en esta ocasi\u00f3n en \u00e9poca oto\u00f1al visitando las granjas de Lacturale en Etxeberri, cerca de Irurzun Se trata de una de las ganader\u00edas del grupo Lacturale adaptada para visitarla a trav\u00e9s de gu\u00edas, paneles explicativos, audiovisuales y centro de cata. Una experiencia en la que a trav\u00e9s del acercamiento al &hellip; Continuar leyendo \"JORNADA ANUAL DE CONVIVENCIA\"","og_url":"http:\/\/www.afaraba.org\/blog\/index.php\/2019\/11\/15\/jornada-anual-de-convivencia-2\/","og_site_name":"AFARABA","article_published_time":"2019-11-15T15:31:00+00:00","article_modified_time":"2020-11-20T09:18:44+00:00","og_image":[{"url":"http:\/\/www.afaraba.org\/blog\/wp-content\/uploads\/2019\/11\/WhatsApp-Image-2019-11-15-at-16.45.40-1024x768.jpeg"}],"author":"admin","twitter_card":"summary_large_image","twitter_misc":{"Escrito por":"admin","Tiempo de lectura":"1 minuto"},"schema":{"@context":"https:\/\/schema.org","@graph":[{"@type":"Article","@id":"http:\/\/www.afaraba.org\/blog\/index.php\/2019\/11\/15\/jornada-anual-de-convivencia-2\/#article","isPartOf":{"@id":"http:\/\/www.afaraba.org\/blog\/index.php\/2019\/11\/15\/jornada-anual-de-convivencia-2\/"},"author":{"name":"admin","@id":"https:\/\/www.afaraba.org\/blog\/#\/schema\/person\/4a0ab48b67420072f420109f30843c71"},"headline":"JORNADA ANUAL DE CONVIVENCIA","datePublished":"2019-11-15T15:31:00+00:00","dateModified":"2020-11-20T09:18:44+00:00","mainEntityOfPage":{"@id":"http:\/\/www.afaraba.org\/blog\/index.php\/2019\/11\/15\/jornada-anual-de-convivencia-2\/"},"wordCount":112,"commentCount":0,"publisher":{"@id":"https:\/\/www.afaraba.org\/blog\/#organization"},"keywords":["ganaderia","hotel plazaola","Irurzun","jornada convivencia","lacturale"],"articleSection":["ACTIVIDADES"],"inLanguage":"es","potentialAction":[{"@type":"CommentAction","name":"Comment","target":["http:\/\/www.afaraba.org\/blog\/index.php\/2019\/11\/15\/jornada-anual-de-convivencia-2\/#respond"]}]},{"@type":"WebPage","@id":"http:\/\/www.afaraba.org\/blog\/index.php\/2019\/11\/15\/jornada-anual-de-convivencia-2\/","url":"http:\/\/www.afaraba.org\/blog\/index.php\/2019\/11\/15\/jornada-anual-de-convivencia-2\/","name":"JORNADA ANUAL DE CONVIVENCIA - AFARABA","isPartOf":{"@id":"https:\/\/www.afaraba.org\/blog\/#website"},"datePublished":"2019-11-15T15:31:00+00:00","dateModified":"2020-11-20T09:18:44+00:00","breadcrumb":{"@id":"http:\/\/www.afaraba.org\/blog\/index.php\/2019\/11\/15\/jornada-anual-de-convivencia-2\/#breadcrumb"},"inLanguage":"es","potentialAction":[{"@type":"ReadAction","target":["http:\/\/www.afaraba.org\/blog\/index.php\/2019\/11\/15\/jornada-anual-de-convivencia-2\/"]}]},{"@type":"BreadcrumbList","@id":"http:\/\/www.afaraba.org\/blog\/index.php\/2019\/11\/15\/jornada-anual-de-convivencia-2\/#breadcrumb","itemListElement":[{"@type":"ListItem","position":1,"name":"Portada","item":"https:\/\/www.afaraba.org\/blog\/"},{"@type":"ListItem","position":2,"name":"JORNADA ANUAL DE CONVIVENCIA"}]},{"@type":"WebSite","@id":"https:\/\/www.afaraba.org\/blog\/#website","url":"https:\/\/www.afaraba.org\/blog\/","name":"AFARABA","description":"BLOG AFARABA","publisher":{"@id":"https:\/\/www.afaraba.org\/blog\/#organization"},"potentialAction":[{"@type":"SearchAction","target":{"@type":"EntryPoint","urlTemplate":"https:\/\/www.afaraba.org\/blog\/?s={search_term_string}"},"query-input":"required name=search_term_string"}],"inLanguage":"es"},{"@type":"Organization","@id":"https:\/\/www.afaraba.org\/blog\/#organization","name":"AFARABA","url":"https:\/\/www.afaraba.org\/blog\/","logo":{"@type":"ImageObject","inLanguage":"es","@id":"https:\/\/www.afaraba.org\/blog\/#\/schema\/logo\/image\/","url":"http:\/\/www.afaraba.org\/blog\/wp-content\/uploads\/2020\/11\/cropped-AFA_HC-BLOG2.jpg","contentUrl":"http:\/\/www.afaraba.org\/blog\/wp-content\/uploads\/2020\/11\/cropped-AFA_HC-BLOG2.jpg","width":240,"height":89,"caption":"AFARABA"},"image":{"@id":"https:\/\/www.afaraba.org\/blog\/#\/schema\/logo\/image\/"}},{"@type":"Person","@id":"https:\/\/www.afaraba.org\/blog\/#\/schema\/person\/4a0ab48b67420072f420109f30843c71","name":"admin","image":{"@type":"ImageObject","inLanguage":"es","@id":"https:\/\/www.afaraba.org\/blog\/#\/schema\/person\/image\/","url":"http:\/\/0.gravatar.com\/avatar\/c2318eff2fb6ce04ef6dca732184cc5b?s=96&d=mm&r=g","contentUrl":"http:\/\/0.gravatar.com\/avatar\/c2318eff2fb6ce04ef6dca732184cc5b?s=96&d=mm&r=g","caption":"admin"},"url":"http:\/\/www.afaraba.org\/blog\/index.php\/author\/admin\/"}]}},"_links":{"self":[{"href":"http:\/\/www.afaraba.org\/blog\/index.php\/wp-json\/wp\/v2\/posts\/371"}],"collection":[{"href":"http:\/\/www.afaraba.org\/blog\/index.php\/wp-json\/wp\/v2\/posts"}],"about":[{"href":"http:\/\/www.afaraba.org\/blog\/index.php\/wp-json\/wp\/v2\/types\/post"}],"author":[{"embeddable":true,"href":"http:\/\/www.afaraba.org\/blog\/index.php\/wp-json\/wp\/v2\/users\/1"}],"replies":[{"embeddable":true,"href":"http:\/\/www.afaraba.org\/blog\/index.php\/wp-json\/wp\/v2\/comments?post=371"}],"version-history":[{"count":2,"href":"http:\/\/www.afaraba.org\/blog\/index.php\/wp-json\/wp\/v2\/posts\/371\/revisions"}],"predecessor-version":[{"id":376,"href":"http:\/\/www.afaraba.org\/blog\/index.php\/wp-json\/wp\/v2\/posts\/371\/revisions\/376"}],"wp:attachment":[{"href":"http:\/\/www.afaraba.org\/blog\/index.php\/wp-json\/wp\/v2\/media?parent=371"}],"wp:term":[{"taxonomy":"category","embeddable":true,"href":"http:\/\/www.afaraba.org\/blog\/index.php\/wp-json\/wp\/v2\/categories?post=371"},{"taxonomy":"post_tag","embeddable":true,"href":"http:\/\/www.afaraba.org\/blog\/index.php\/wp-json\/wp\/v2\/tags?post=371"}],"curies":[{"name":"wp","href":"https:\/\/api.w.org\/{rel}","templated":true}]}}