{"id":377,"date":"2019-11-13T09:16:00","date_gmt":"2019-11-13T08:16:00","guid":{"rendered":"http:\/\/www.afaraba.org\/blog\/?p=377"},"modified":"2020-11-20T10:19:10","modified_gmt":"2020-11-20T09:19:10","slug":"formacion-personas-voluntarias-de-afaraba","status":"publish","type":"post","link":"http:\/\/www.afaraba.org\/blog\/index.php\/2019\/11\/13\/formacion-personas-voluntarias-de-afaraba\/","title":{"rendered":"Formaci\u00f3n Personas Voluntarias de AFARABA"},"content":{"rendered":"\n<p>El pasado d\u00eda 13 de noviembre, dentro de la formaci\u00f3n especializada dirigida a las personas voluntarias de AFARABA, tuvo lugar la Charla \u201cAdaptaci\u00f3n del acompa\u00f1amiento a las alteraciones emocionales y conductuales de las personas con demencia\u201d, a cargo de Ainhoa Boix, neuro-psic\u00f3loga . <\/p>\n\n\n\n<div class=\"wp-block-image\"><figure class=\"aligncenter size-large is-resized\"><img loading=\"lazy\" src=\"http:\/\/www.afaraba.org\/blog\/wp-content\/uploads\/2019\/11\/2019_11_13-formacion-vol.jpeg\" alt=\"\" class=\"wp-image-379\" width=\"324\" height=\"324\" srcset=\"http:\/\/www.afaraba.org\/blog\/wp-content\/uploads\/2019\/11\/2019_11_13-formacion-vol.jpeg 493w, http:\/\/www.afaraba.org\/blog\/wp-content\/uploads\/2019\/11\/2019_11_13-formacion-vol-300x300.jpeg 300w, http:\/\/www.afaraba.org\/blog\/wp-content\/uploads\/2019\/11\/2019_11_13-formacion-vol-150x150.jpeg 150w\" sizes=\"(max-width: 324px) 85vw, 324px\" \/><\/figure><\/div>\n\n\n\n<p>Todos los familiares asociados\u00a0 pueden solicitar el apoyo de una persona voluntaria siempre que lo necesiten para participar\u00a0 en alguna actividad prevista desde AFARABA: ciclos de formaci\u00f3n, entrevistas con las profesionales, grupos de apoyo etc. <\/p>\n","protected":false},"excerpt":{"rendered":"<p>El pasado d\u00eda 13 de noviembre, dentro de la formaci\u00f3n especializada dirigida a las personas voluntarias de AFARABA, tuvo lugar la Charla \u201cAdaptaci\u00f3n del acompa\u00f1amiento a las alteraciones emocionales y conductuales de las personas con demencia\u201d, a cargo de Ainhoa Boix, neuro-psic\u00f3loga . Todos los familiares asociados\u00a0 pueden solicitar el apoyo de una persona voluntaria &hellip; <a href=\"http:\/\/www.afaraba.org\/blog\/index.php\/2019\/11\/13\/formacion-personas-voluntarias-de-afaraba\/\" class=\"more-link\">Continuar leyendo<span class=\"screen-reader-text\"> \u00abFormaci\u00f3n Personas Voluntarias de AFARABA\u00bb<\/span><\/a><\/p>\n","protected":false},"author":1,"featured_media":0,"comment_status":"open","ping_status":"open","sticky":false,"template":"","format":"standard","meta":{"om_disable_all_campaigns":false,"_monsterinsights_skip_tracking":false,"_monsterinsights_sitenote_active":false,"_monsterinsights_sitenote_note":"","_monsterinsights_sitenote_category":0,"_uf_show_specific_survey":0,"_uf_disable_surveys":false},"categories":[7],"tags":[142,141,8,12,140,45],"aioseo_notices":[],"yoast_head":"<!-- This site is optimized with the Yoast SEO plugin v20.4 - https:\/\/yoast.com\/wordpress\/plugins\/seo\/ -->\n<title>Formaci\u00f3n Personas Voluntarias de AFARABA - AFARABA<\/title>\n<meta name=\"robots\" content=\"index, follow, max-snippet:-1, max-image-preview:large, max-video-preview:-1\" \/>\n<link rel=\"canonical\" href=\"http:\/\/www.afaraba.org\/blog\/index.php\/2019\/11\/13\/formacion-personas-voluntarias-de-afaraba\/\" \/>\n<meta property=\"og:locale\" content=\"es_ES\" \/>\n<meta property=\"og:type\" content=\"article\" \/>\n<meta property=\"og:title\" content=\"Formaci\u00f3n Personas Voluntarias de AFARABA - AFARABA\" \/>\n<meta property=\"og:description\" content=\"El pasado d\u00eda 13 de noviembre, dentro de la formaci\u00f3n especializada dirigida a las personas voluntarias de AFARABA, tuvo lugar la Charla \u201cAdaptaci\u00f3n del acompa\u00f1amiento a las alteraciones emocionales y conductuales de las personas con demencia\u201d, a cargo de Ainhoa Boix, neuro-psic\u00f3loga . Todos los familiares asociados\u00a0 pueden solicitar el apoyo de una persona voluntaria &hellip; Continuar leyendo &quot;Formaci\u00f3n Personas Voluntarias de AFARABA&quot;\" \/>\n<meta property=\"og:url\" content=\"http:\/\/www.afaraba.org\/blog\/index.php\/2019\/11\/13\/formacion-personas-voluntarias-de-afaraba\/\" \/>\n<meta property=\"og:site_name\" content=\"AFARABA\" \/>\n<meta property=\"article:published_time\" content=\"2019-11-13T08:16:00+00:00\" \/>\n<meta property=\"article:modified_time\" content=\"2020-11-20T09:19:10+00:00\" \/>\n<meta property=\"og:image\" content=\"http:\/\/www.afaraba.org\/blog\/wp-content\/uploads\/2019\/11\/2019_11_13-formacion-vol.jpeg\" \/>\n<meta name=\"author\" content=\"admin\" \/>\n<meta name=\"twitter:card\" content=\"summary_large_image\" \/>\n<meta name=\"twitter:label1\" content=\"Escrito por\" \/>\n\t<meta name=\"twitter:data1\" content=\"admin\" \/>\n<script type=\"application\/ld+json\" class=\"yoast-schema-graph\">{\"@context\":\"https:\/\/schema.org\",\"@graph\":[{\"@type\":\"Article\",\"@id\":\"http:\/\/www.afaraba.org\/blog\/index.php\/2019\/11\/13\/formacion-personas-voluntarias-de-afaraba\/#article\",\"isPartOf\":{\"@id\":\"http:\/\/www.afaraba.org\/blog\/index.php\/2019\/11\/13\/formacion-personas-voluntarias-de-afaraba\/\"},\"author\":{\"name\":\"admin\",\"@id\":\"https:\/\/www.afaraba.org\/blog\/#\/schema\/person\/4a0ab48b67420072f420109f30843c71\"},\"headline\":\"Formaci\u00f3n Personas Voluntarias de AFARABA\",\"datePublished\":\"2019-11-13T08:16:00+00:00\",\"dateModified\":\"2020-11-20T09:19:10+00:00\",\"mainEntityOfPage\":{\"@id\":\"http:\/\/www.afaraba.org\/blog\/index.php\/2019\/11\/13\/formacion-personas-voluntarias-de-afaraba\/\"},\"wordCount\":88,\"commentCount\":0,\"publisher\":{\"@id\":\"https:\/\/www.afaraba.org\/blog\/#organization\"},\"keywords\":[\"acompa\u00f1amiento\",\"adaptacion\",\"afaraba\",\"Formaci\u00f3n\",\"neuropsicologa\",\"VOLUNTARIADO\"],\"articleSection\":[\"VOLUNTARIADO\"],\"inLanguage\":\"es\",\"potentialAction\":[{\"@type\":\"CommentAction\",\"name\":\"Comment\",\"target\":[\"http:\/\/www.afaraba.org\/blog\/index.php\/2019\/11\/13\/formacion-personas-voluntarias-de-afaraba\/#respond\"]}]},{\"@type\":\"WebPage\",\"@id\":\"http:\/\/www.afaraba.org\/blog\/index.php\/2019\/11\/13\/formacion-personas-voluntarias-de-afaraba\/\",\"url\":\"http:\/\/www.afaraba.org\/blog\/index.php\/2019\/11\/13\/formacion-personas-voluntarias-de-afaraba\/\",\"name\":\"Formaci\u00f3n Personas Voluntarias de AFARABA - AFARABA\",\"isPartOf\":{\"@id\":\"https:\/\/www.afaraba.org\/blog\/#website\"},\"datePublished\":\"2019-11-13T08:16:00+00:00\",\"dateModified\":\"2020-11-20T09:19:10+00:00\",\"breadcrumb\":{\"@id\":\"http:\/\/www.afaraba.org\/blog\/index.php\/2019\/11\/13\/formacion-personas-voluntarias-de-afaraba\/#breadcrumb\"},\"inLanguage\":\"es\",\"potentialAction\":[{\"@type\":\"ReadAction\",\"target\":[\"http:\/\/www.afaraba.org\/blog\/index.php\/2019\/11\/13\/formacion-personas-voluntarias-de-afaraba\/\"]}]},{\"@type\":\"BreadcrumbList\",\"@id\":\"http:\/\/www.afaraba.org\/blog\/index.php\/2019\/11\/13\/formacion-personas-voluntarias-de-afaraba\/#breadcrumb\",\"itemListElement\":[{\"@type\":\"ListItem\",\"position\":1,\"name\":\"Portada\",\"item\":\"https:\/\/www.afaraba.org\/blog\/\"},{\"@type\":\"ListItem\",\"position\":2,\"name\":\"Formaci\u00f3n Personas Voluntarias de AFARABA\"}]},{\"@type\":\"WebSite\",\"@id\":\"https:\/\/www.afaraba.org\/blog\/#website\",\"url\":\"https:\/\/www.afaraba.org\/blog\/\",\"name\":\"AFARABA\",\"description\":\"BLOG AFARABA\",\"publisher\":{\"@id\":\"https:\/\/www.afaraba.org\/blog\/#organization\"},\"potentialAction\":[{\"@type\":\"SearchAction\",\"target\":{\"@type\":\"EntryPoint\",\"urlTemplate\":\"https:\/\/www.afaraba.org\/blog\/?s={search_term_string}\"},\"query-input\":\"required name=search_term_string\"}],\"inLanguage\":\"es\"},{\"@type\":\"Organization\",\"@id\":\"https:\/\/www.afaraba.org\/blog\/#organization\",\"name\":\"AFARABA\",\"url\":\"https:\/\/www.afaraba.org\/blog\/\",\"logo\":{\"@type\":\"ImageObject\",\"inLanguage\":\"es\",\"@id\":\"https:\/\/www.afaraba.org\/blog\/#\/schema\/logo\/image\/\",\"url\":\"http:\/\/www.afaraba.org\/blog\/wp-content\/uploads\/2020\/11\/cropped-AFA_HC-BLOG2.jpg\",\"contentUrl\":\"http:\/\/www.afaraba.org\/blog\/wp-content\/uploads\/2020\/11\/cropped-AFA_HC-BLOG2.jpg\",\"width\":240,\"height\":89,\"caption\":\"AFARABA\"},\"image\":{\"@id\":\"https:\/\/www.afaraba.org\/blog\/#\/schema\/logo\/image\/\"}},{\"@type\":\"Person\",\"@id\":\"https:\/\/www.afaraba.org\/blog\/#\/schema\/person\/4a0ab48b67420072f420109f30843c71\",\"name\":\"admin\",\"image\":{\"@type\":\"ImageObject\",\"inLanguage\":\"es\",\"@id\":\"https:\/\/www.afaraba.org\/blog\/#\/schema\/person\/image\/\",\"url\":\"http:\/\/0.gravatar.com\/avatar\/c2318eff2fb6ce04ef6dca732184cc5b?s=96&d=mm&r=g\",\"contentUrl\":\"http:\/\/0.gravatar.com\/avatar\/c2318eff2fb6ce04ef6dca732184cc5b?s=96&d=mm&r=g\",\"caption\":\"admin\"},\"url\":\"http:\/\/www.afaraba.org\/blog\/index.php\/author\/admin\/\"}]}<\/script>\n<!-- \/ Yoast SEO plugin. -->","yoast_head_json":{"title":"Formaci\u00f3n Personas Voluntarias de AFARABA - AFARABA","robots":{"index":"index","follow":"follow","max-snippet":"max-snippet:-1","max-image-preview":"max-image-preview:large","max-video-preview":"max-video-preview:-1"},"canonical":"http:\/\/www.afaraba.org\/blog\/index.php\/2019\/11\/13\/formacion-personas-voluntarias-de-afaraba\/","og_locale":"es_ES","og_type":"article","og_title":"Formaci\u00f3n Personas Voluntarias de AFARABA - AFARABA","og_description":"El pasado d\u00eda 13 de noviembre, dentro de la formaci\u00f3n especializada dirigida a las personas voluntarias de AFARABA, tuvo lugar la Charla \u201cAdaptaci\u00f3n del acompa\u00f1amiento a las alteraciones emocionales y conductuales de las personas con demencia\u201d, a cargo de Ainhoa Boix, neuro-psic\u00f3loga . Todos los familiares asociados\u00a0 pueden solicitar el apoyo de una persona voluntaria &hellip; Continuar leyendo \"Formaci\u00f3n Personas Voluntarias de AFARABA\"","og_url":"http:\/\/www.afaraba.org\/blog\/index.php\/2019\/11\/13\/formacion-personas-voluntarias-de-afaraba\/","og_site_name":"AFARABA","article_published_time":"2019-11-13T08:16:00+00:00","article_modified_time":"2020-11-20T09:19:10+00:00","og_image":[{"url":"http:\/\/www.afaraba.org\/blog\/wp-content\/uploads\/2019\/11\/2019_11_13-formacion-vol.jpeg"}],"author":"admin","twitter_card":"summary_large_image","twitter_misc":{"Escrito por":"admin"},"schema":{"@context":"https:\/\/schema.org","@graph":[{"@type":"Article","@id":"http:\/\/www.afaraba.org\/blog\/index.php\/2019\/11\/13\/formacion-personas-voluntarias-de-afaraba\/#article","isPartOf":{"@id":"http:\/\/www.afaraba.org\/blog\/index.php\/2019\/11\/13\/formacion-personas-voluntarias-de-afaraba\/"},"author":{"name":"admin","@id":"https:\/\/www.afaraba.org\/blog\/#\/schema\/person\/4a0ab48b67420072f420109f30843c71"},"headline":"Formaci\u00f3n Personas Voluntarias de AFARABA","datePublished":"2019-11-13T08:16:00+00:00","dateModified":"2020-11-20T09:19:10+00:00","mainEntityOfPage":{"@id":"http:\/\/www.afaraba.org\/blog\/index.php\/2019\/11\/13\/formacion-personas-voluntarias-de-afaraba\/"},"wordCount":88,"commentCount":0,"publisher":{"@id":"https:\/\/www.afaraba.org\/blog\/#organization"},"keywords":["acompa\u00f1amiento","adaptacion","afaraba","Formaci\u00f3n","neuropsicologa","VOLUNTARIADO"],"articleSection":["VOLUNTARIADO"],"inLanguage":"es","potentialAction":[{"@type":"CommentAction","name":"Comment","target":["http:\/\/www.afaraba.org\/blog\/index.php\/2019\/11\/13\/formacion-personas-voluntarias-de-afaraba\/#respond"]}]},{"@type":"WebPage","@id":"http:\/\/www.afaraba.org\/blog\/index.php\/2019\/11\/13\/formacion-personas-voluntarias-de-afaraba\/","url":"http:\/\/www.afaraba.org\/blog\/index.php\/2019\/11\/13\/formacion-personas-voluntarias-de-afaraba\/","name":"Formaci\u00f3n Personas Voluntarias de AFARABA - AFARABA","isPartOf":{"@id":"https:\/\/www.afaraba.org\/blog\/#website"},"datePublished":"2019-11-13T08:16:00+00:00","dateModified":"2020-11-20T09:19:10+00:00","breadcrumb":{"@id":"http:\/\/www.afaraba.org\/blog\/index.php\/2019\/11\/13\/formacion-personas-voluntarias-de-afaraba\/#breadcrumb"},"inLanguage":"es","potentialAction":[{"@type":"ReadAction","target":["http:\/\/www.afaraba.org\/blog\/index.php\/2019\/11\/13\/formacion-personas-voluntarias-de-afaraba\/"]}]},{"@type":"BreadcrumbList","@id":"http:\/\/www.afaraba.org\/blog\/index.php\/2019\/11\/13\/formacion-personas-voluntarias-de-afaraba\/#breadcrumb","itemListElement":[{"@type":"ListItem","position":1,"name":"Portada","item":"https:\/\/www.afaraba.org\/blog\/"},{"@type":"ListItem","position":2,"name":"Formaci\u00f3n Personas Voluntarias de AFARABA"}]},{"@type":"WebSite","@id":"https:\/\/www.afaraba.org\/blog\/#website","url":"https:\/\/www.afaraba.org\/blog\/","name":"AFARABA","description":"BLOG AFARABA","publisher":{"@id":"https:\/\/www.afaraba.org\/blog\/#organization"},"potentialAction":[{"@type":"SearchAction","target":{"@type":"EntryPoint","urlTemplate":"https:\/\/www.afaraba.org\/blog\/?s={search_term_string}"},"query-input":"required name=search_term_string"}],"inLanguage":"es"},{"@type":"Organization","@id":"https:\/\/www.afaraba.org\/blog\/#organization","name":"AFARABA","url":"https:\/\/www.afaraba.org\/blog\/","logo":{"@type":"ImageObject","inLanguage":"es","@id":"https:\/\/www.afaraba.org\/blog\/#\/schema\/logo\/image\/","url":"http:\/\/www.afaraba.org\/blog\/wp-content\/uploads\/2020\/11\/cropped-AFA_HC-BLOG2.jpg","contentUrl":"http:\/\/www.afaraba.org\/blog\/wp-content\/uploads\/2020\/11\/cropped-AFA_HC-BLOG2.jpg","width":240,"height":89,"caption":"AFARABA"},"image":{"@id":"https:\/\/www.afaraba.org\/blog\/#\/schema\/logo\/image\/"}},{"@type":"Person","@id":"https:\/\/www.afaraba.org\/blog\/#\/schema\/person\/4a0ab48b67420072f420109f30843c71","name":"admin","image":{"@type":"ImageObject","inLanguage":"es","@id":"https:\/\/www.afaraba.org\/blog\/#\/schema\/person\/image\/","url":"http:\/\/0.gravatar.com\/avatar\/c2318eff2fb6ce04ef6dca732184cc5b?s=96&d=mm&r=g","contentUrl":"http:\/\/0.gravatar.com\/avatar\/c2318eff2fb6ce04ef6dca732184cc5b?s=96&d=mm&r=g","caption":"admin"},"url":"http:\/\/www.afaraba.org\/blog\/index.php\/author\/admin\/"}]}},"_links":{"self":[{"href":"http:\/\/www.afaraba.org\/blog\/index.php\/wp-json\/wp\/v2\/posts\/377"}],"collection":[{"href":"http:\/\/www.afaraba.org\/blog\/index.php\/wp-json\/wp\/v2\/posts"}],"about":[{"href":"http:\/\/www.afaraba.org\/blog\/index.php\/wp-json\/wp\/v2\/types\/post"}],"author":[{"embeddable":true,"href":"http:\/\/www.afaraba.org\/blog\/index.php\/wp-json\/wp\/v2\/users\/1"}],"replies":[{"embeddable":true,"href":"http:\/\/www.afaraba.org\/blog\/index.php\/wp-json\/wp\/v2\/comments?post=377"}],"version-history":[{"count":2,"href":"http:\/\/www.afaraba.org\/blog\/index.php\/wp-json\/wp\/v2\/posts\/377\/revisions"}],"predecessor-version":[{"id":380,"href":"http:\/\/www.afaraba.org\/blog\/index.php\/wp-json\/wp\/v2\/posts\/377\/revisions\/380"}],"wp:attachment":[{"href":"http:\/\/www.afaraba.org\/blog\/index.php\/wp-json\/wp\/v2\/media?parent=377"}],"wp:term":[{"taxonomy":"category","embeddable":true,"href":"http:\/\/www.afaraba.org\/blog\/index.php\/wp-json\/wp\/v2\/categories?post=377"},{"taxonomy":"post_tag","embeddable":true,"href":"http:\/\/www.afaraba.org\/blog\/index.php\/wp-json\/wp\/v2\/tags?post=377"}],"curies":[{"name":"wp","href":"https:\/\/api.w.org\/{rel}","templated":true}]}}