{"id":388,"date":"2020-01-17T08:02:11","date_gmt":"2020-01-17T07:02:11","guid":{"rendered":"http:\/\/www.afaraba.org\/blog\/?p=388"},"modified":"2020-11-20T10:17:07","modified_gmt":"2020-11-20T09:17:07","slug":"apdema-y-afaraba-codo-con-codo","status":"publish","type":"post","link":"http:\/\/www.afaraba.org\/blog\/index.php\/2020\/01\/17\/apdema-y-afaraba-codo-con-codo\/","title":{"rendered":"APDEMA Y AFARABA CODO CON CODO"},"content":{"rendered":"\n<p> \u00ab<strong>Desde <a rel=\"noreferrer noopener\" aria-label=\"APDEMA (se abre en una nueva pesta\u00f1a)\" href=\"http:\/\/www.apdema.org\/\" target=\"_blank\">APDEMA<\/a> nos solicitaron que colabor\u00e1semos para impartir una charla dirigida a las personas con discapacidad intelectual que atienden desde sus programas.\u00bb<\/strong><\/p>\n\n\n\n<p>No lo dudamos, porque \u00a0algunas de ellas no solo cuidan o acompa\u00f1an a sus familiares con demencia sino que, adem\u00e1s, tambi\u00e9n trabajan \u00a0o \u00a0se relacionan a diario \u00a0con \u00a0personas que padecen deterioro cognitivo. <\/p>\n\n\n\n<div class=\"wp-block-image\"><figure class=\"aligncenter size-large is-resized\"><img loading=\"lazy\" src=\"http:\/\/www.afaraba.org\/blog\/wp-content\/uploads\/2020\/01\/IMG_1114-DIFUMINADA-RGPD-1024x768.jpg\" alt=\"\" class=\"wp-image-389\" width=\"468\" height=\"351\" srcset=\"http:\/\/www.afaraba.org\/blog\/wp-content\/uploads\/2020\/01\/IMG_1114-DIFUMINADA-RGPD-1024x768.jpg 1024w, http:\/\/www.afaraba.org\/blog\/wp-content\/uploads\/2020\/01\/IMG_1114-DIFUMINADA-RGPD-300x225.jpg 300w, http:\/\/www.afaraba.org\/blog\/wp-content\/uploads\/2020\/01\/IMG_1114-DIFUMINADA-RGPD-768x576.jpg 768w, http:\/\/www.afaraba.org\/blog\/wp-content\/uploads\/2020\/01\/IMG_1114-DIFUMINADA-RGPD-1536x1152.jpg 1536w, http:\/\/www.afaraba.org\/blog\/wp-content\/uploads\/2020\/01\/IMG_1114-DIFUMINADA-RGPD-2048x1536.jpg 2048w, http:\/\/www.afaraba.org\/blog\/wp-content\/uploads\/2020\/01\/IMG_1114-DIFUMINADA-RGPD-1200x900.jpg 1200w\" sizes=\"(max-width: 468px) 85vw, 468px\" \/><\/figure><\/div>\n\n\n\n<p>Por ello, el pasado d\u00eda 15 de enero Paula Casas, trabajadora social de AFARABA, \u00a0estuvo en el Centro de APDEMA de Calle Cercas Bajas para trabajar el tema \u201cC\u00f3mo acompa\u00f1ar y comprender a nuestro familiar con demencia\u201d. El numeroso grupo de asistentes (grandes h\u00e9roes), \u00a0demostr\u00f3 \u00a0tener mucho inter\u00e9s por el tema \u00a0y ganas de participar. <\/p>\n\n\n\n<div class=\"wp-block-image\"><figure class=\"aligncenter size-large\"><a href=\"http:\/\/www.apdema.org\/\" target=\"_blank\" rel=\"noreferrer noopener\"><img loading=\"lazy\" width=\"293\" height=\"133\" src=\"http:\/\/www.afaraba.org\/blog\/wp-content\/uploads\/2020\/01\/logo.png\" alt=\"\" class=\"wp-image-390\"\/><\/a><\/figure><\/div>\n","protected":false},"excerpt":{"rendered":"<p>\u00abDesde APDEMA nos solicitaron que colabor\u00e1semos para impartir una charla dirigida a las personas con discapacidad intelectual que atienden desde sus programas.\u00bb No lo dudamos, porque \u00a0algunas de ellas no solo cuidan o acompa\u00f1an a sus familiares con demencia sino que, adem\u00e1s, tambi\u00e9n trabajan \u00a0o \u00a0se relacionan a diario \u00a0con \u00a0personas que padecen deterioro cognitivo. &hellip; <a href=\"http:\/\/www.afaraba.org\/blog\/index.php\/2020\/01\/17\/apdema-y-afaraba-codo-con-codo\/\" class=\"more-link\">Continuar leyendo<span class=\"screen-reader-text\"> \u00abAPDEMA Y AFARABA CODO CON CODO\u00bb<\/span><\/a><\/p>\n","protected":false},"author":1,"featured_media":0,"comment_status":"open","ping_status":"open","sticky":false,"template":"","format":"standard","meta":{"om_disable_all_campaigns":false,"_monsterinsights_skip_tracking":false,"_monsterinsights_sitenote_active":false,"_monsterinsights_sitenote_note":"","_monsterinsights_sitenote_category":0,"_uf_show_specific_survey":0,"_uf_disable_surveys":false},"categories":[109],"tags":[8,10,148,151,9,150,149,24],"aioseo_notices":[],"yoast_head":"<!-- This site is optimized with the Yoast SEO plugin v20.4 - https:\/\/yoast.com\/wordpress\/plugins\/seo\/ -->\n<title>APDEMA Y AFARABA CODO CON CODO - AFARABA<\/title>\n<meta name=\"robots\" content=\"index, follow, max-snippet:-1, max-image-preview:large, max-video-preview:-1\" \/>\n<link rel=\"canonical\" href=\"http:\/\/www.afaraba.org\/blog\/index.php\/2020\/01\/17\/apdema-y-afaraba-codo-con-codo\/\" \/>\n<meta property=\"og:locale\" content=\"es_ES\" \/>\n<meta property=\"og:type\" content=\"article\" \/>\n<meta property=\"og:title\" content=\"APDEMA Y AFARABA CODO CON CODO - AFARABA\" \/>\n<meta property=\"og:description\" content=\"\u00abDesde APDEMA nos solicitaron que colabor\u00e1semos para impartir una charla dirigida a las personas con discapacidad intelectual que atienden desde sus programas.\u00bb No lo dudamos, porque \u00a0algunas de ellas no solo cuidan o acompa\u00f1an a sus familiares con demencia sino que, adem\u00e1s, tambi\u00e9n trabajan \u00a0o \u00a0se relacionan a diario \u00a0con \u00a0personas que padecen deterioro cognitivo. &hellip; Continuar leyendo &quot;APDEMA Y AFARABA CODO CON CODO&quot;\" \/>\n<meta property=\"og:url\" content=\"http:\/\/www.afaraba.org\/blog\/index.php\/2020\/01\/17\/apdema-y-afaraba-codo-con-codo\/\" \/>\n<meta property=\"og:site_name\" content=\"AFARABA\" \/>\n<meta property=\"article:published_time\" content=\"2020-01-17T07:02:11+00:00\" \/>\n<meta property=\"article:modified_time\" content=\"2020-11-20T09:17:07+00:00\" \/>\n<meta property=\"og:image\" content=\"http:\/\/www.afaraba.org\/blog\/wp-content\/uploads\/2020\/01\/IMG_1114-DIFUMINADA-RGPD-1024x768.jpg\" \/>\n<meta name=\"author\" content=\"admin\" \/>\n<meta name=\"twitter:card\" content=\"summary_large_image\" \/>\n<meta name=\"twitter:label1\" content=\"Escrito por\" \/>\n\t<meta name=\"twitter:data1\" content=\"admin\" \/>\n\t<meta name=\"twitter:label2\" content=\"Tiempo de lectura\" \/>\n\t<meta name=\"twitter:data2\" content=\"1 minuto\" \/>\n<script type=\"application\/ld+json\" class=\"yoast-schema-graph\">{\"@context\":\"https:\/\/schema.org\",\"@graph\":[{\"@type\":\"Article\",\"@id\":\"http:\/\/www.afaraba.org\/blog\/index.php\/2020\/01\/17\/apdema-y-afaraba-codo-con-codo\/#article\",\"isPartOf\":{\"@id\":\"http:\/\/www.afaraba.org\/blog\/index.php\/2020\/01\/17\/apdema-y-afaraba-codo-con-codo\/\"},\"author\":{\"name\":\"admin\",\"@id\":\"https:\/\/www.afaraba.org\/blog\/#\/schema\/person\/4a0ab48b67420072f420109f30843c71\"},\"headline\":\"APDEMA Y AFARABA CODO CON CODO\",\"datePublished\":\"2020-01-17T07:02:11+00:00\",\"dateModified\":\"2020-11-20T09:17:07+00:00\",\"mainEntityOfPage\":{\"@id\":\"http:\/\/www.afaraba.org\/blog\/index.php\/2020\/01\/17\/apdema-y-afaraba-codo-con-codo\/\"},\"wordCount\":124,\"commentCount\":0,\"publisher\":{\"@id\":\"https:\/\/www.afaraba.org\/blog\/#organization\"},\"keywords\":[\"afaraba\",\"Alzheimer\",\"APDEMA\",\"CUIDADORES\",\"Demencias\",\"DISCAPACIDAD\",\"GRANDES HEROES\",\"vitoria gasteiz\"],\"articleSection\":[\"COLABORACI\u00d3N\"],\"inLanguage\":\"es\",\"potentialAction\":[{\"@type\":\"CommentAction\",\"name\":\"Comment\",\"target\":[\"http:\/\/www.afaraba.org\/blog\/index.php\/2020\/01\/17\/apdema-y-afaraba-codo-con-codo\/#respond\"]}]},{\"@type\":\"WebPage\",\"@id\":\"http:\/\/www.afaraba.org\/blog\/index.php\/2020\/01\/17\/apdema-y-afaraba-codo-con-codo\/\",\"url\":\"http:\/\/www.afaraba.org\/blog\/index.php\/2020\/01\/17\/apdema-y-afaraba-codo-con-codo\/\",\"name\":\"APDEMA Y AFARABA CODO CON CODO - AFARABA\",\"isPartOf\":{\"@id\":\"https:\/\/www.afaraba.org\/blog\/#website\"},\"datePublished\":\"2020-01-17T07:02:11+00:00\",\"dateModified\":\"2020-11-20T09:17:07+00:00\",\"breadcrumb\":{\"@id\":\"http:\/\/www.afaraba.org\/blog\/index.php\/2020\/01\/17\/apdema-y-afaraba-codo-con-codo\/#breadcrumb\"},\"inLanguage\":\"es\",\"potentialAction\":[{\"@type\":\"ReadAction\",\"target\":[\"http:\/\/www.afaraba.org\/blog\/index.php\/2020\/01\/17\/apdema-y-afaraba-codo-con-codo\/\"]}]},{\"@type\":\"BreadcrumbList\",\"@id\":\"http:\/\/www.afaraba.org\/blog\/index.php\/2020\/01\/17\/apdema-y-afaraba-codo-con-codo\/#breadcrumb\",\"itemListElement\":[{\"@type\":\"ListItem\",\"position\":1,\"name\":\"Portada\",\"item\":\"https:\/\/www.afaraba.org\/blog\/\"},{\"@type\":\"ListItem\",\"position\":2,\"name\":\"APDEMA Y AFARABA CODO CON CODO\"}]},{\"@type\":\"WebSite\",\"@id\":\"https:\/\/www.afaraba.org\/blog\/#website\",\"url\":\"https:\/\/www.afaraba.org\/blog\/\",\"name\":\"AFARABA\",\"description\":\"BLOG AFARABA\",\"publisher\":{\"@id\":\"https:\/\/www.afaraba.org\/blog\/#organization\"},\"potentialAction\":[{\"@type\":\"SearchAction\",\"target\":{\"@type\":\"EntryPoint\",\"urlTemplate\":\"https:\/\/www.afaraba.org\/blog\/?s={search_term_string}\"},\"query-input\":\"required name=search_term_string\"}],\"inLanguage\":\"es\"},{\"@type\":\"Organization\",\"@id\":\"https:\/\/www.afaraba.org\/blog\/#organization\",\"name\":\"AFARABA\",\"url\":\"https:\/\/www.afaraba.org\/blog\/\",\"logo\":{\"@type\":\"ImageObject\",\"inLanguage\":\"es\",\"@id\":\"https:\/\/www.afaraba.org\/blog\/#\/schema\/logo\/image\/\",\"url\":\"http:\/\/www.afaraba.org\/blog\/wp-content\/uploads\/2020\/11\/cropped-AFA_HC-BLOG2.jpg\",\"contentUrl\":\"http:\/\/www.afaraba.org\/blog\/wp-content\/uploads\/2020\/11\/cropped-AFA_HC-BLOG2.jpg\",\"width\":240,\"height\":89,\"caption\":\"AFARABA\"},\"image\":{\"@id\":\"https:\/\/www.afaraba.org\/blog\/#\/schema\/logo\/image\/\"}},{\"@type\":\"Person\",\"@id\":\"https:\/\/www.afaraba.org\/blog\/#\/schema\/person\/4a0ab48b67420072f420109f30843c71\",\"name\":\"admin\",\"image\":{\"@type\":\"ImageObject\",\"inLanguage\":\"es\",\"@id\":\"https:\/\/www.afaraba.org\/blog\/#\/schema\/person\/image\/\",\"url\":\"http:\/\/0.gravatar.com\/avatar\/c2318eff2fb6ce04ef6dca732184cc5b?s=96&d=mm&r=g\",\"contentUrl\":\"http:\/\/0.gravatar.com\/avatar\/c2318eff2fb6ce04ef6dca732184cc5b?s=96&d=mm&r=g\",\"caption\":\"admin\"},\"url\":\"http:\/\/www.afaraba.org\/blog\/index.php\/author\/admin\/\"}]}<\/script>\n<!-- \/ Yoast SEO plugin. -->","yoast_head_json":{"title":"APDEMA Y AFARABA CODO CON CODO - AFARABA","robots":{"index":"index","follow":"follow","max-snippet":"max-snippet:-1","max-image-preview":"max-image-preview:large","max-video-preview":"max-video-preview:-1"},"canonical":"http:\/\/www.afaraba.org\/blog\/index.php\/2020\/01\/17\/apdema-y-afaraba-codo-con-codo\/","og_locale":"es_ES","og_type":"article","og_title":"APDEMA Y AFARABA CODO CON CODO - AFARABA","og_description":"\u00abDesde APDEMA nos solicitaron que colabor\u00e1semos para impartir una charla dirigida a las personas con discapacidad intelectual que atienden desde sus programas.\u00bb No lo dudamos, porque \u00a0algunas de ellas no solo cuidan o acompa\u00f1an a sus familiares con demencia sino que, adem\u00e1s, tambi\u00e9n trabajan \u00a0o \u00a0se relacionan a diario \u00a0con \u00a0personas que padecen deterioro cognitivo. &hellip; Continuar leyendo \"APDEMA Y AFARABA CODO CON CODO\"","og_url":"http:\/\/www.afaraba.org\/blog\/index.php\/2020\/01\/17\/apdema-y-afaraba-codo-con-codo\/","og_site_name":"AFARABA","article_published_time":"2020-01-17T07:02:11+00:00","article_modified_time":"2020-11-20T09:17:07+00:00","og_image":[{"url":"http:\/\/www.afaraba.org\/blog\/wp-content\/uploads\/2020\/01\/IMG_1114-DIFUMINADA-RGPD-1024x768.jpg"}],"author":"admin","twitter_card":"summary_large_image","twitter_misc":{"Escrito por":"admin","Tiempo de lectura":"1 minuto"},"schema":{"@context":"https:\/\/schema.org","@graph":[{"@type":"Article","@id":"http:\/\/www.afaraba.org\/blog\/index.php\/2020\/01\/17\/apdema-y-afaraba-codo-con-codo\/#article","isPartOf":{"@id":"http:\/\/www.afaraba.org\/blog\/index.php\/2020\/01\/17\/apdema-y-afaraba-codo-con-codo\/"},"author":{"name":"admin","@id":"https:\/\/www.afaraba.org\/blog\/#\/schema\/person\/4a0ab48b67420072f420109f30843c71"},"headline":"APDEMA Y AFARABA CODO CON CODO","datePublished":"2020-01-17T07:02:11+00:00","dateModified":"2020-11-20T09:17:07+00:00","mainEntityOfPage":{"@id":"http:\/\/www.afaraba.org\/blog\/index.php\/2020\/01\/17\/apdema-y-afaraba-codo-con-codo\/"},"wordCount":124,"commentCount":0,"publisher":{"@id":"https:\/\/www.afaraba.org\/blog\/#organization"},"keywords":["afaraba","Alzheimer","APDEMA","CUIDADORES","Demencias","DISCAPACIDAD","GRANDES HEROES","vitoria gasteiz"],"articleSection":["COLABORACI\u00d3N"],"inLanguage":"es","potentialAction":[{"@type":"CommentAction","name":"Comment","target":["http:\/\/www.afaraba.org\/blog\/index.php\/2020\/01\/17\/apdema-y-afaraba-codo-con-codo\/#respond"]}]},{"@type":"WebPage","@id":"http:\/\/www.afaraba.org\/blog\/index.php\/2020\/01\/17\/apdema-y-afaraba-codo-con-codo\/","url":"http:\/\/www.afaraba.org\/blog\/index.php\/2020\/01\/17\/apdema-y-afaraba-codo-con-codo\/","name":"APDEMA Y AFARABA CODO CON CODO - AFARABA","isPartOf":{"@id":"https:\/\/www.afaraba.org\/blog\/#website"},"datePublished":"2020-01-17T07:02:11+00:00","dateModified":"2020-11-20T09:17:07+00:00","breadcrumb":{"@id":"http:\/\/www.afaraba.org\/blog\/index.php\/2020\/01\/17\/apdema-y-afaraba-codo-con-codo\/#breadcrumb"},"inLanguage":"es","potentialAction":[{"@type":"ReadAction","target":["http:\/\/www.afaraba.org\/blog\/index.php\/2020\/01\/17\/apdema-y-afaraba-codo-con-codo\/"]}]},{"@type":"BreadcrumbList","@id":"http:\/\/www.afaraba.org\/blog\/index.php\/2020\/01\/17\/apdema-y-afaraba-codo-con-codo\/#breadcrumb","itemListElement":[{"@type":"ListItem","position":1,"name":"Portada","item":"https:\/\/www.afaraba.org\/blog\/"},{"@type":"ListItem","position":2,"name":"APDEMA Y AFARABA CODO CON CODO"}]},{"@type":"WebSite","@id":"https:\/\/www.afaraba.org\/blog\/#website","url":"https:\/\/www.afaraba.org\/blog\/","name":"AFARABA","description":"BLOG AFARABA","publisher":{"@id":"https:\/\/www.afaraba.org\/blog\/#organization"},"potentialAction":[{"@type":"SearchAction","target":{"@type":"EntryPoint","urlTemplate":"https:\/\/www.afaraba.org\/blog\/?s={search_term_string}"},"query-input":"required name=search_term_string"}],"inLanguage":"es"},{"@type":"Organization","@id":"https:\/\/www.afaraba.org\/blog\/#organization","name":"AFARABA","url":"https:\/\/www.afaraba.org\/blog\/","logo":{"@type":"ImageObject","inLanguage":"es","@id":"https:\/\/www.afaraba.org\/blog\/#\/schema\/logo\/image\/","url":"http:\/\/www.afaraba.org\/blog\/wp-content\/uploads\/2020\/11\/cropped-AFA_HC-BLOG2.jpg","contentUrl":"http:\/\/www.afaraba.org\/blog\/wp-content\/uploads\/2020\/11\/cropped-AFA_HC-BLOG2.jpg","width":240,"height":89,"caption":"AFARABA"},"image":{"@id":"https:\/\/www.afaraba.org\/blog\/#\/schema\/logo\/image\/"}},{"@type":"Person","@id":"https:\/\/www.afaraba.org\/blog\/#\/schema\/person\/4a0ab48b67420072f420109f30843c71","name":"admin","image":{"@type":"ImageObject","inLanguage":"es","@id":"https:\/\/www.afaraba.org\/blog\/#\/schema\/person\/image\/","url":"http:\/\/0.gravatar.com\/avatar\/c2318eff2fb6ce04ef6dca732184cc5b?s=96&d=mm&r=g","contentUrl":"http:\/\/0.gravatar.com\/avatar\/c2318eff2fb6ce04ef6dca732184cc5b?s=96&d=mm&r=g","caption":"admin"},"url":"http:\/\/www.afaraba.org\/blog\/index.php\/author\/admin\/"}]}},"_links":{"self":[{"href":"http:\/\/www.afaraba.org\/blog\/index.php\/wp-json\/wp\/v2\/posts\/388"}],"collection":[{"href":"http:\/\/www.afaraba.org\/blog\/index.php\/wp-json\/wp\/v2\/posts"}],"about":[{"href":"http:\/\/www.afaraba.org\/blog\/index.php\/wp-json\/wp\/v2\/types\/post"}],"author":[{"embeddable":true,"href":"http:\/\/www.afaraba.org\/blog\/index.php\/wp-json\/wp\/v2\/users\/1"}],"replies":[{"embeddable":true,"href":"http:\/\/www.afaraba.org\/blog\/index.php\/wp-json\/wp\/v2\/comments?post=388"}],"version-history":[{"count":2,"href":"http:\/\/www.afaraba.org\/blog\/index.php\/wp-json\/wp\/v2\/posts\/388\/revisions"}],"predecessor-version":[{"id":392,"href":"http:\/\/www.afaraba.org\/blog\/index.php\/wp-json\/wp\/v2\/posts\/388\/revisions\/392"}],"wp:attachment":[{"href":"http:\/\/www.afaraba.org\/blog\/index.php\/wp-json\/wp\/v2\/media?parent=388"}],"wp:term":[{"taxonomy":"category","embeddable":true,"href":"http:\/\/www.afaraba.org\/blog\/index.php\/wp-json\/wp\/v2\/categories?post=388"},{"taxonomy":"post_tag","embeddable":true,"href":"http:\/\/www.afaraba.org\/blog\/index.php\/wp-json\/wp\/v2\/tags?post=388"}],"curies":[{"name":"wp","href":"https:\/\/api.w.org\/{rel}","templated":true}]}}