{"id":396,"date":"2020-01-31T16:57:00","date_gmt":"2020-01-31T15:57:00","guid":{"rendered":"http:\/\/www.afaraba.org\/blog\/?p=396"},"modified":"2020-11-11T15:47:18","modified_gmt":"2020-11-11T14:47:18","slug":"comprometidos-con-la-formacion-en-alava","status":"publish","type":"post","link":"http:\/\/www.afaraba.org\/blog\/index.php\/2020\/01\/31\/comprometidos-con-la-formacion-en-alava\/","title":{"rendered":"Comprometidos con la formaci\u00f3n en \u00c1lava"},"content":{"rendered":"\n<p><strong>Desde Aulas +55Elkartegiak y C\u00e1ritas Vitoria nos han invitado a participar en distintos actos formativos que han tenido lugar en algunas localidades alavesas. <\/strong><\/p>\n\n\n\n<p>Los&nbsp; d\u00edas 22 y 27&nbsp; de enero&nbsp;&nbsp; impartimos sendas&nbsp; una charlas en la bibliotecas municipales de Berantevilla y Zuazo de Cuartango, y el d\u00eda 29 de enero en el Centro Social de Oll\u00e1barre. <\/p>\n\n\n\n<figure class=\"wp-block-image size-large is-resized\"><img loading=\"lazy\" src=\"http:\/\/www.afaraba.org\/blog\/wp-content\/uploads\/2020\/02\/DSC04508-1024x682.jpg\" alt=\"\" class=\"wp-image-398\" width=\"410\" height=\"272\" srcset=\"http:\/\/www.afaraba.org\/blog\/wp-content\/uploads\/2020\/02\/DSC04508-1024x682.jpg 1024w, http:\/\/www.afaraba.org\/blog\/wp-content\/uploads\/2020\/02\/DSC04508-300x200.jpg 300w, http:\/\/www.afaraba.org\/blog\/wp-content\/uploads\/2020\/02\/DSC04508-768x511.jpg 768w, http:\/\/www.afaraba.org\/blog\/wp-content\/uploads\/2020\/02\/DSC04508-1536x1022.jpg 1536w, http:\/\/www.afaraba.org\/blog\/wp-content\/uploads\/2020\/02\/DSC04508-2048x1363.jpg 2048w, http:\/\/www.afaraba.org\/blog\/wp-content\/uploads\/2020\/02\/DSC04508-1200x799.jpg 1200w\" sizes=\"(max-width: 410px) 85vw, 410px\" \/><\/figure>\n\n\n\n<p>En el caso de C\u00e1ritas,&nbsp; la formaci\u00f3n estaba dirigida a las personas voluntarias&nbsp; de las zonas, mientras que Aulas+55 dirigi\u00f3 la convocatoria a la poblaci\u00f3n de los distintos pueblos que pertenecen Ayuntamiento Berantevilla.&nbsp; La acogida en ambos casos&nbsp; ha sido extraordinaria. <\/p>\n\n\n\n<figure class=\"wp-block-image size-large is-resized\"><img loading=\"lazy\" src=\"http:\/\/www.afaraba.org\/blog\/wp-content\/uploads\/2020\/02\/DSC04513-1024x682.jpg\" alt=\"\" class=\"wp-image-399\" width=\"398\" height=\"264\" srcset=\"http:\/\/www.afaraba.org\/blog\/wp-content\/uploads\/2020\/02\/DSC04513-1024x682.jpg 1024w, http:\/\/www.afaraba.org\/blog\/wp-content\/uploads\/2020\/02\/DSC04513-300x200.jpg 300w, http:\/\/www.afaraba.org\/blog\/wp-content\/uploads\/2020\/02\/DSC04513-768x511.jpg 768w, http:\/\/www.afaraba.org\/blog\/wp-content\/uploads\/2020\/02\/DSC04513-1536x1022.jpg 1536w, http:\/\/www.afaraba.org\/blog\/wp-content\/uploads\/2020\/02\/DSC04513-2048x1363.jpg 2048w, http:\/\/www.afaraba.org\/blog\/wp-content\/uploads\/2020\/02\/DSC04513-1200x799.jpg 1200w\" sizes=\"(max-width: 398px) 85vw, 398px\" \/><\/figure>\n\n\n\n<p>Gracias a todas y a todos, de verdad. <\/p>\n","protected":false},"excerpt":{"rendered":"<p>Desde Aulas +55Elkartegiak y C\u00e1ritas Vitoria nos han invitado a participar en distintos actos formativos que han tenido lugar en algunas localidades alavesas. Los&nbsp; d\u00edas 22 y 27&nbsp; de enero&nbsp;&nbsp; impartimos sendas&nbsp; una charlas en la bibliotecas municipales de Berantevilla y Zuazo de Cuartango, y el d\u00eda 29 de enero en el Centro Social de &hellip; <a href=\"http:\/\/www.afaraba.org\/blog\/index.php\/2020\/01\/31\/comprometidos-con-la-formacion-en-alava\/\" class=\"more-link\">Continuar leyendo<span class=\"screen-reader-text\"> \u00abComprometidos con la formaci\u00f3n en \u00c1lava\u00bb<\/span><\/a><\/p>\n","protected":false},"author":1,"featured_media":0,"comment_status":"open","ping_status":"open","sticky":false,"template":"","format":"standard","meta":{"om_disable_all_campaigns":false,"_monsterinsights_skip_tracking":false,"_monsterinsights_sitenote_active":false,"_monsterinsights_sitenote_note":"","_monsterinsights_sitenote_category":0,"_uf_show_specific_survey":0,"_uf_disable_surveys":false},"categories":[1],"tags":[155,8,152,157,160,154,159,156,153,57,158],"aioseo_notices":[],"yoast_head":"<!-- This site is optimized with the Yoast SEO plugin v20.4 - https:\/\/yoast.com\/wordpress\/plugins\/seo\/ -->\n<title>Comprometidos con la formaci\u00f3n en \u00c1lava - AFARABA<\/title>\n<meta name=\"robots\" content=\"index, follow, max-snippet:-1, max-image-preview:large, max-video-preview:-1\" \/>\n<link rel=\"canonical\" href=\"http:\/\/www.afaraba.org\/blog\/index.php\/2020\/01\/31\/comprometidos-con-la-formacion-en-alava\/\" \/>\n<meta property=\"og:locale\" content=\"es_ES\" \/>\n<meta property=\"og:type\" content=\"article\" \/>\n<meta property=\"og:title\" content=\"Comprometidos con la formaci\u00f3n en \u00c1lava - AFARABA\" \/>\n<meta property=\"og:description\" content=\"Desde Aulas +55Elkartegiak y C\u00e1ritas Vitoria nos han invitado a participar en distintos actos formativos que han tenido lugar en algunas localidades alavesas. Los&nbsp; d\u00edas 22 y 27&nbsp; de enero&nbsp;&nbsp; impartimos sendas&nbsp; una charlas en la bibliotecas municipales de Berantevilla y Zuazo de Cuartango, y el d\u00eda 29 de enero en el Centro Social de &hellip; Continuar leyendo &quot;Comprometidos con la formaci\u00f3n en \u00c1lava&quot;\" \/>\n<meta property=\"og:url\" content=\"http:\/\/www.afaraba.org\/blog\/index.php\/2020\/01\/31\/comprometidos-con-la-formacion-en-alava\/\" \/>\n<meta property=\"og:site_name\" content=\"AFARABA\" \/>\n<meta property=\"article:published_time\" content=\"2020-01-31T15:57:00+00:00\" \/>\n<meta property=\"article:modified_time\" content=\"2020-11-11T14:47:18+00:00\" \/>\n<meta property=\"og:image\" content=\"http:\/\/www.afaraba.org\/blog\/wp-content\/uploads\/2020\/02\/DSC04508-1024x682.jpg\" \/>\n<meta name=\"author\" content=\"admin\" \/>\n<meta name=\"twitter:card\" content=\"summary_large_image\" \/>\n<meta name=\"twitter:label1\" content=\"Escrito por\" \/>\n\t<meta name=\"twitter:data1\" content=\"admin\" \/>\n\t<meta name=\"twitter:label2\" content=\"Tiempo de lectura\" \/>\n\t<meta name=\"twitter:data2\" content=\"1 minuto\" \/>\n<script type=\"application\/ld+json\" class=\"yoast-schema-graph\">{\"@context\":\"https:\/\/schema.org\",\"@graph\":[{\"@type\":\"Article\",\"@id\":\"http:\/\/www.afaraba.org\/blog\/index.php\/2020\/01\/31\/comprometidos-con-la-formacion-en-alava\/#article\",\"isPartOf\":{\"@id\":\"http:\/\/www.afaraba.org\/blog\/index.php\/2020\/01\/31\/comprometidos-con-la-formacion-en-alava\/\"},\"author\":{\"name\":\"admin\",\"@id\":\"https:\/\/www.afaraba.org\/blog\/#\/schema\/person\/4a0ab48b67420072f420109f30843c71\"},\"headline\":\"Comprometidos con la formaci\u00f3n en \u00c1lava\",\"datePublished\":\"2020-01-31T15:57:00+00:00\",\"dateModified\":\"2020-11-11T14:47:18+00:00\",\"mainEntityOfPage\":{\"@id\":\"http:\/\/www.afaraba.org\/blog\/index.php\/2020\/01\/31\/comprometidos-con-la-formacion-en-alava\/\"},\"wordCount\":125,\"commentCount\":0,\"publisher\":{\"@id\":\"https:\/\/www.afaraba.org\/blog\/#organization\"},\"keywords\":[\"ACTOS FORMATIVOS\",\"afaraba\",\"AULAS+55\",\"BERANTEVILLA\",\"BIBLIOTECAS MUNICIPALES\",\"CARITAS\",\"CENTRO SOCIAL OLLABARRE\",\"CUARTANGO\",\"ELKARTEGIAK\",\"VITORIA\",\"ZUAZO DE CUARTANGO\"],\"articleSection\":[\"DIVULGACI\u00d3N\"],\"inLanguage\":\"es\",\"potentialAction\":[{\"@type\":\"CommentAction\",\"name\":\"Comment\",\"target\":[\"http:\/\/www.afaraba.org\/blog\/index.php\/2020\/01\/31\/comprometidos-con-la-formacion-en-alava\/#respond\"]}]},{\"@type\":\"WebPage\",\"@id\":\"http:\/\/www.afaraba.org\/blog\/index.php\/2020\/01\/31\/comprometidos-con-la-formacion-en-alava\/\",\"url\":\"http:\/\/www.afaraba.org\/blog\/index.php\/2020\/01\/31\/comprometidos-con-la-formacion-en-alava\/\",\"name\":\"Comprometidos con la formaci\u00f3n en \u00c1lava - AFARABA\",\"isPartOf\":{\"@id\":\"https:\/\/www.afaraba.org\/blog\/#website\"},\"datePublished\":\"2020-01-31T15:57:00+00:00\",\"dateModified\":\"2020-11-11T14:47:18+00:00\",\"breadcrumb\":{\"@id\":\"http:\/\/www.afaraba.org\/blog\/index.php\/2020\/01\/31\/comprometidos-con-la-formacion-en-alava\/#breadcrumb\"},\"inLanguage\":\"es\",\"potentialAction\":[{\"@type\":\"ReadAction\",\"target\":[\"http:\/\/www.afaraba.org\/blog\/index.php\/2020\/01\/31\/comprometidos-con-la-formacion-en-alava\/\"]}]},{\"@type\":\"BreadcrumbList\",\"@id\":\"http:\/\/www.afaraba.org\/blog\/index.php\/2020\/01\/31\/comprometidos-con-la-formacion-en-alava\/#breadcrumb\",\"itemListElement\":[{\"@type\":\"ListItem\",\"position\":1,\"name\":\"Portada\",\"item\":\"https:\/\/www.afaraba.org\/blog\/\"},{\"@type\":\"ListItem\",\"position\":2,\"name\":\"Comprometidos con la formaci\u00f3n en \u00c1lava\"}]},{\"@type\":\"WebSite\",\"@id\":\"https:\/\/www.afaraba.org\/blog\/#website\",\"url\":\"https:\/\/www.afaraba.org\/blog\/\",\"name\":\"AFARABA\",\"description\":\"BLOG AFARABA\",\"publisher\":{\"@id\":\"https:\/\/www.afaraba.org\/blog\/#organization\"},\"potentialAction\":[{\"@type\":\"SearchAction\",\"target\":{\"@type\":\"EntryPoint\",\"urlTemplate\":\"https:\/\/www.afaraba.org\/blog\/?s={search_term_string}\"},\"query-input\":\"required name=search_term_string\"}],\"inLanguage\":\"es\"},{\"@type\":\"Organization\",\"@id\":\"https:\/\/www.afaraba.org\/blog\/#organization\",\"name\":\"AFARABA\",\"url\":\"https:\/\/www.afaraba.org\/blog\/\",\"logo\":{\"@type\":\"ImageObject\",\"inLanguage\":\"es\",\"@id\":\"https:\/\/www.afaraba.org\/blog\/#\/schema\/logo\/image\/\",\"url\":\"http:\/\/www.afaraba.org\/blog\/wp-content\/uploads\/2020\/11\/cropped-AFA_HC-BLOG2.jpg\",\"contentUrl\":\"http:\/\/www.afaraba.org\/blog\/wp-content\/uploads\/2020\/11\/cropped-AFA_HC-BLOG2.jpg\",\"width\":240,\"height\":89,\"caption\":\"AFARABA\"},\"image\":{\"@id\":\"https:\/\/www.afaraba.org\/blog\/#\/schema\/logo\/image\/\"}},{\"@type\":\"Person\",\"@id\":\"https:\/\/www.afaraba.org\/blog\/#\/schema\/person\/4a0ab48b67420072f420109f30843c71\",\"name\":\"admin\",\"image\":{\"@type\":\"ImageObject\",\"inLanguage\":\"es\",\"@id\":\"https:\/\/www.afaraba.org\/blog\/#\/schema\/person\/image\/\",\"url\":\"http:\/\/0.gravatar.com\/avatar\/c2318eff2fb6ce04ef6dca732184cc5b?s=96&d=mm&r=g\",\"contentUrl\":\"http:\/\/0.gravatar.com\/avatar\/c2318eff2fb6ce04ef6dca732184cc5b?s=96&d=mm&r=g\",\"caption\":\"admin\"},\"url\":\"http:\/\/www.afaraba.org\/blog\/index.php\/author\/admin\/\"}]}<\/script>\n<!-- \/ Yoast SEO plugin. -->","yoast_head_json":{"title":"Comprometidos con la formaci\u00f3n en \u00c1lava - AFARABA","robots":{"index":"index","follow":"follow","max-snippet":"max-snippet:-1","max-image-preview":"max-image-preview:large","max-video-preview":"max-video-preview:-1"},"canonical":"http:\/\/www.afaraba.org\/blog\/index.php\/2020\/01\/31\/comprometidos-con-la-formacion-en-alava\/","og_locale":"es_ES","og_type":"article","og_title":"Comprometidos con la formaci\u00f3n en \u00c1lava - AFARABA","og_description":"Desde Aulas +55Elkartegiak y C\u00e1ritas Vitoria nos han invitado a participar en distintos actos formativos que han tenido lugar en algunas localidades alavesas. Los&nbsp; d\u00edas 22 y 27&nbsp; de enero&nbsp;&nbsp; impartimos sendas&nbsp; una charlas en la bibliotecas municipales de Berantevilla y Zuazo de Cuartango, y el d\u00eda 29 de enero en el Centro Social de &hellip; Continuar leyendo \"Comprometidos con la formaci\u00f3n en \u00c1lava\"","og_url":"http:\/\/www.afaraba.org\/blog\/index.php\/2020\/01\/31\/comprometidos-con-la-formacion-en-alava\/","og_site_name":"AFARABA","article_published_time":"2020-01-31T15:57:00+00:00","article_modified_time":"2020-11-11T14:47:18+00:00","og_image":[{"url":"http:\/\/www.afaraba.org\/blog\/wp-content\/uploads\/2020\/02\/DSC04508-1024x682.jpg"}],"author":"admin","twitter_card":"summary_large_image","twitter_misc":{"Escrito por":"admin","Tiempo de lectura":"1 minuto"},"schema":{"@context":"https:\/\/schema.org","@graph":[{"@type":"Article","@id":"http:\/\/www.afaraba.org\/blog\/index.php\/2020\/01\/31\/comprometidos-con-la-formacion-en-alava\/#article","isPartOf":{"@id":"http:\/\/www.afaraba.org\/blog\/index.php\/2020\/01\/31\/comprometidos-con-la-formacion-en-alava\/"},"author":{"name":"admin","@id":"https:\/\/www.afaraba.org\/blog\/#\/schema\/person\/4a0ab48b67420072f420109f30843c71"},"headline":"Comprometidos con la formaci\u00f3n en \u00c1lava","datePublished":"2020-01-31T15:57:00+00:00","dateModified":"2020-11-11T14:47:18+00:00","mainEntityOfPage":{"@id":"http:\/\/www.afaraba.org\/blog\/index.php\/2020\/01\/31\/comprometidos-con-la-formacion-en-alava\/"},"wordCount":125,"commentCount":0,"publisher":{"@id":"https:\/\/www.afaraba.org\/blog\/#organization"},"keywords":["ACTOS FORMATIVOS","afaraba","AULAS+55","BERANTEVILLA","BIBLIOTECAS MUNICIPALES","CARITAS","CENTRO SOCIAL OLLABARRE","CUARTANGO","ELKARTEGIAK","VITORIA","ZUAZO DE CUARTANGO"],"articleSection":["DIVULGACI\u00d3N"],"inLanguage":"es","potentialAction":[{"@type":"CommentAction","name":"Comment","target":["http:\/\/www.afaraba.org\/blog\/index.php\/2020\/01\/31\/comprometidos-con-la-formacion-en-alava\/#respond"]}]},{"@type":"WebPage","@id":"http:\/\/www.afaraba.org\/blog\/index.php\/2020\/01\/31\/comprometidos-con-la-formacion-en-alava\/","url":"http:\/\/www.afaraba.org\/blog\/index.php\/2020\/01\/31\/comprometidos-con-la-formacion-en-alava\/","name":"Comprometidos con la formaci\u00f3n en \u00c1lava - AFARABA","isPartOf":{"@id":"https:\/\/www.afaraba.org\/blog\/#website"},"datePublished":"2020-01-31T15:57:00+00:00","dateModified":"2020-11-11T14:47:18+00:00","breadcrumb":{"@id":"http:\/\/www.afaraba.org\/blog\/index.php\/2020\/01\/31\/comprometidos-con-la-formacion-en-alava\/#breadcrumb"},"inLanguage":"es","potentialAction":[{"@type":"ReadAction","target":["http:\/\/www.afaraba.org\/blog\/index.php\/2020\/01\/31\/comprometidos-con-la-formacion-en-alava\/"]}]},{"@type":"BreadcrumbList","@id":"http:\/\/www.afaraba.org\/blog\/index.php\/2020\/01\/31\/comprometidos-con-la-formacion-en-alava\/#breadcrumb","itemListElement":[{"@type":"ListItem","position":1,"name":"Portada","item":"https:\/\/www.afaraba.org\/blog\/"},{"@type":"ListItem","position":2,"name":"Comprometidos con la formaci\u00f3n en \u00c1lava"}]},{"@type":"WebSite","@id":"https:\/\/www.afaraba.org\/blog\/#website","url":"https:\/\/www.afaraba.org\/blog\/","name":"AFARABA","description":"BLOG AFARABA","publisher":{"@id":"https:\/\/www.afaraba.org\/blog\/#organization"},"potentialAction":[{"@type":"SearchAction","target":{"@type":"EntryPoint","urlTemplate":"https:\/\/www.afaraba.org\/blog\/?s={search_term_string}"},"query-input":"required name=search_term_string"}],"inLanguage":"es"},{"@type":"Organization","@id":"https:\/\/www.afaraba.org\/blog\/#organization","name":"AFARABA","url":"https:\/\/www.afaraba.org\/blog\/","logo":{"@type":"ImageObject","inLanguage":"es","@id":"https:\/\/www.afaraba.org\/blog\/#\/schema\/logo\/image\/","url":"http:\/\/www.afaraba.org\/blog\/wp-content\/uploads\/2020\/11\/cropped-AFA_HC-BLOG2.jpg","contentUrl":"http:\/\/www.afaraba.org\/blog\/wp-content\/uploads\/2020\/11\/cropped-AFA_HC-BLOG2.jpg","width":240,"height":89,"caption":"AFARABA"},"image":{"@id":"https:\/\/www.afaraba.org\/blog\/#\/schema\/logo\/image\/"}},{"@type":"Person","@id":"https:\/\/www.afaraba.org\/blog\/#\/schema\/person\/4a0ab48b67420072f420109f30843c71","name":"admin","image":{"@type":"ImageObject","inLanguage":"es","@id":"https:\/\/www.afaraba.org\/blog\/#\/schema\/person\/image\/","url":"http:\/\/0.gravatar.com\/avatar\/c2318eff2fb6ce04ef6dca732184cc5b?s=96&d=mm&r=g","contentUrl":"http:\/\/0.gravatar.com\/avatar\/c2318eff2fb6ce04ef6dca732184cc5b?s=96&d=mm&r=g","caption":"admin"},"url":"http:\/\/www.afaraba.org\/blog\/index.php\/author\/admin\/"}]}},"_links":{"self":[{"href":"http:\/\/www.afaraba.org\/blog\/index.php\/wp-json\/wp\/v2\/posts\/396"}],"collection":[{"href":"http:\/\/www.afaraba.org\/blog\/index.php\/wp-json\/wp\/v2\/posts"}],"about":[{"href":"http:\/\/www.afaraba.org\/blog\/index.php\/wp-json\/wp\/v2\/types\/post"}],"author":[{"embeddable":true,"href":"http:\/\/www.afaraba.org\/blog\/index.php\/wp-json\/wp\/v2\/users\/1"}],"replies":[{"embeddable":true,"href":"http:\/\/www.afaraba.org\/blog\/index.php\/wp-json\/wp\/v2\/comments?post=396"}],"version-history":[{"count":2,"href":"http:\/\/www.afaraba.org\/blog\/index.php\/wp-json\/wp\/v2\/posts\/396\/revisions"}],"predecessor-version":[{"id":400,"href":"http:\/\/www.afaraba.org\/blog\/index.php\/wp-json\/wp\/v2\/posts\/396\/revisions\/400"}],"wp:attachment":[{"href":"http:\/\/www.afaraba.org\/blog\/index.php\/wp-json\/wp\/v2\/media?parent=396"}],"wp:term":[{"taxonomy":"category","embeddable":true,"href":"http:\/\/www.afaraba.org\/blog\/index.php\/wp-json\/wp\/v2\/categories?post=396"},{"taxonomy":"post_tag","embeddable":true,"href":"http:\/\/www.afaraba.org\/blog\/index.php\/wp-json\/wp\/v2\/tags?post=396"}],"curies":[{"name":"wp","href":"https:\/\/api.w.org\/{rel}","templated":true}]}}