{"id":402,"date":"2020-02-28T06:50:00","date_gmt":"2020-02-28T05:50:00","guid":{"rendered":"http:\/\/www.afaraba.org\/blog\/?p=402"},"modified":"2020-11-11T15:46:40","modified_gmt":"2020-11-11T14:46:40","slug":"charla-informativa-euskotren","status":"publish","type":"post","link":"http:\/\/www.afaraba.org\/blog\/index.php\/2020\/02\/28\/charla-informativa-euskotren\/","title":{"rendered":"Charla informativa Euskotren"},"content":{"rendered":"\n<p> Una vez m\u00e1s dimos una charla informativa conjunta a los nuevos agentes del tranv\u00eda y tren de Euskotren en las instalaciones de Lebario, un placer contar con tanta implicaci\u00f3n por parte de estos profesionales <\/p>\n\n\n\n<figure class=\"wp-block-image size-large\"><img loading=\"lazy\" width=\"750\" height=\"446\" src=\"http:\/\/www.afaraba.org\/blog\/wp-content\/uploads\/2020\/04\/euskotren.jpg\" alt=\"\" class=\"wp-image-403\" srcset=\"http:\/\/www.afaraba.org\/blog\/wp-content\/uploads\/2020\/04\/euskotren.jpg 750w, http:\/\/www.afaraba.org\/blog\/wp-content\/uploads\/2020\/04\/euskotren-300x178.jpg 300w\" sizes=\"(max-width: 709px) 85vw, (max-width: 909px) 67vw, (max-width: 984px) 61vw, (max-width: 1362px) 45vw, 600px\" \/><\/figure>\n","protected":false},"excerpt":{"rendered":"<p>Una vez m\u00e1s dimos una charla informativa conjunta a los nuevos agentes del tranv\u00eda y tren de Euskotren en las instalaciones de Lebario, un placer contar con tanta implicaci\u00f3n por parte de estos profesionales<\/p>\n","protected":false},"author":1,"featured_media":0,"comment_status":"open","ping_status":"open","sticky":false,"template":"","format":"standard","meta":{"om_disable_all_campaigns":false,"_monsterinsights_skip_tracking":false,"_monsterinsights_sitenote_active":false,"_monsterinsights_sitenote_note":"","_monsterinsights_sitenote_category":0,"_uf_show_specific_survey":0,"_uf_disable_surveys":false},"categories":[5],"tags":[8,10,161,9,14,13],"aioseo_notices":[],"yoast_head":"<!-- This site is optimized with the Yoast SEO plugin v20.4 - https:\/\/yoast.com\/wordpress\/plugins\/seo\/ -->\n<title>Charla informativa Euskotren - AFARABA<\/title>\n<meta name=\"robots\" content=\"index, follow, max-snippet:-1, max-image-preview:large, max-video-preview:-1\" \/>\n<link rel=\"canonical\" href=\"https:\/\/www.afaraba.org\/blog\/index.php\/2020\/02\/28\/charla-informativa-euskotren\/\" \/>\n<meta property=\"og:locale\" content=\"es_ES\" \/>\n<meta property=\"og:type\" content=\"article\" \/>\n<meta property=\"og:title\" content=\"Charla informativa Euskotren - AFARABA\" \/>\n<meta property=\"og:description\" content=\"Una vez m\u00e1s dimos una charla informativa conjunta a los nuevos agentes del tranv\u00eda y tren de Euskotren en las instalaciones de Lebario, un placer contar con tanta implicaci\u00f3n por parte de estos profesionales\" \/>\n<meta property=\"og:url\" content=\"https:\/\/www.afaraba.org\/blog\/index.php\/2020\/02\/28\/charla-informativa-euskotren\/\" \/>\n<meta property=\"og:site_name\" content=\"AFARABA\" \/>\n<meta property=\"article:published_time\" content=\"2020-02-28T05:50:00+00:00\" \/>\n<meta property=\"article:modified_time\" content=\"2020-11-11T14:46:40+00:00\" \/>\n<meta property=\"og:image\" content=\"http:\/\/www.afaraba.org\/blog\/wp-content\/uploads\/2020\/04\/euskotren.jpg\" \/>\n<meta name=\"author\" content=\"admin\" \/>\n<meta name=\"twitter:card\" content=\"summary_large_image\" \/>\n<meta name=\"twitter:label1\" content=\"Escrito por\" \/>\n\t<meta name=\"twitter:data1\" content=\"admin\" \/>\n<script type=\"application\/ld+json\" class=\"yoast-schema-graph\">{\"@context\":\"https:\/\/schema.org\",\"@graph\":[{\"@type\":\"Article\",\"@id\":\"https:\/\/www.afaraba.org\/blog\/index.php\/2020\/02\/28\/charla-informativa-euskotren\/#article\",\"isPartOf\":{\"@id\":\"https:\/\/www.afaraba.org\/blog\/index.php\/2020\/02\/28\/charla-informativa-euskotren\/\"},\"author\":{\"name\":\"admin\",\"@id\":\"https:\/\/www.afaraba.org\/blog\/#\/schema\/person\/4a0ab48b67420072f420109f30843c71\"},\"headline\":\"Charla informativa Euskotren\",\"datePublished\":\"2020-02-28T05:50:00+00:00\",\"dateModified\":\"2020-11-11T14:46:40+00:00\",\"mainEntityOfPage\":{\"@id\":\"https:\/\/www.afaraba.org\/blog\/index.php\/2020\/02\/28\/charla-informativa-euskotren\/\"},\"wordCount\":40,\"commentCount\":0,\"publisher\":{\"@id\":\"https:\/\/www.afaraba.org\/blog\/#organization\"},\"keywords\":[\"afaraba\",\"Alzheimer\",\"charla informativa\",\"Demencias\",\"Euskotren\",\"lebario\"],\"articleSection\":[\"FORMACI\u00d3N\"],\"inLanguage\":\"es\",\"potentialAction\":[{\"@type\":\"CommentAction\",\"name\":\"Comment\",\"target\":[\"https:\/\/www.afaraba.org\/blog\/index.php\/2020\/02\/28\/charla-informativa-euskotren\/#respond\"]}]},{\"@type\":\"WebPage\",\"@id\":\"https:\/\/www.afaraba.org\/blog\/index.php\/2020\/02\/28\/charla-informativa-euskotren\/\",\"url\":\"https:\/\/www.afaraba.org\/blog\/index.php\/2020\/02\/28\/charla-informativa-euskotren\/\",\"name\":\"Charla informativa Euskotren - AFARABA\",\"isPartOf\":{\"@id\":\"https:\/\/www.afaraba.org\/blog\/#website\"},\"datePublished\":\"2020-02-28T05:50:00+00:00\",\"dateModified\":\"2020-11-11T14:46:40+00:00\",\"breadcrumb\":{\"@id\":\"https:\/\/www.afaraba.org\/blog\/index.php\/2020\/02\/28\/charla-informativa-euskotren\/#breadcrumb\"},\"inLanguage\":\"es\",\"potentialAction\":[{\"@type\":\"ReadAction\",\"target\":[\"https:\/\/www.afaraba.org\/blog\/index.php\/2020\/02\/28\/charla-informativa-euskotren\/\"]}]},{\"@type\":\"BreadcrumbList\",\"@id\":\"https:\/\/www.afaraba.org\/blog\/index.php\/2020\/02\/28\/charla-informativa-euskotren\/#breadcrumb\",\"itemListElement\":[{\"@type\":\"ListItem\",\"position\":1,\"name\":\"Portada\",\"item\":\"https:\/\/www.afaraba.org\/blog\/\"},{\"@type\":\"ListItem\",\"position\":2,\"name\":\"Charla informativa Euskotren\"}]},{\"@type\":\"WebSite\",\"@id\":\"https:\/\/www.afaraba.org\/blog\/#website\",\"url\":\"https:\/\/www.afaraba.org\/blog\/\",\"name\":\"AFARABA\",\"description\":\"BLOG AFARABA\",\"publisher\":{\"@id\":\"https:\/\/www.afaraba.org\/blog\/#organization\"},\"potentialAction\":[{\"@type\":\"SearchAction\",\"target\":{\"@type\":\"EntryPoint\",\"urlTemplate\":\"https:\/\/www.afaraba.org\/blog\/?s={search_term_string}\"},\"query-input\":\"required name=search_term_string\"}],\"inLanguage\":\"es\"},{\"@type\":\"Organization\",\"@id\":\"https:\/\/www.afaraba.org\/blog\/#organization\",\"name\":\"AFARABA\",\"url\":\"https:\/\/www.afaraba.org\/blog\/\",\"logo\":{\"@type\":\"ImageObject\",\"inLanguage\":\"es\",\"@id\":\"https:\/\/www.afaraba.org\/blog\/#\/schema\/logo\/image\/\",\"url\":\"http:\/\/www.afaraba.org\/blog\/wp-content\/uploads\/2020\/11\/cropped-AFA_HC-BLOG2.jpg\",\"contentUrl\":\"http:\/\/www.afaraba.org\/blog\/wp-content\/uploads\/2020\/11\/cropped-AFA_HC-BLOG2.jpg\",\"width\":240,\"height\":89,\"caption\":\"AFARABA\"},\"image\":{\"@id\":\"https:\/\/www.afaraba.org\/blog\/#\/schema\/logo\/image\/\"}},{\"@type\":\"Person\",\"@id\":\"https:\/\/www.afaraba.org\/blog\/#\/schema\/person\/4a0ab48b67420072f420109f30843c71\",\"name\":\"admin\",\"image\":{\"@type\":\"ImageObject\",\"inLanguage\":\"es\",\"@id\":\"https:\/\/www.afaraba.org\/blog\/#\/schema\/person\/image\/\",\"url\":\"http:\/\/0.gravatar.com\/avatar\/c2318eff2fb6ce04ef6dca732184cc5b?s=96&d=mm&r=g\",\"contentUrl\":\"http:\/\/0.gravatar.com\/avatar\/c2318eff2fb6ce04ef6dca732184cc5b?s=96&d=mm&r=g\",\"caption\":\"admin\"},\"url\":\"http:\/\/www.afaraba.org\/blog\/index.php\/author\/admin\/\"}]}<\/script>\n<!-- \/ Yoast SEO plugin. -->","yoast_head_json":{"title":"Charla informativa Euskotren - AFARABA","robots":{"index":"index","follow":"follow","max-snippet":"max-snippet:-1","max-image-preview":"max-image-preview:large","max-video-preview":"max-video-preview:-1"},"canonical":"https:\/\/www.afaraba.org\/blog\/index.php\/2020\/02\/28\/charla-informativa-euskotren\/","og_locale":"es_ES","og_type":"article","og_title":"Charla informativa Euskotren - AFARABA","og_description":"Una vez m\u00e1s dimos una charla informativa conjunta a los nuevos agentes del tranv\u00eda y tren de Euskotren en las instalaciones de Lebario, un placer contar con tanta implicaci\u00f3n por parte de estos profesionales","og_url":"https:\/\/www.afaraba.org\/blog\/index.php\/2020\/02\/28\/charla-informativa-euskotren\/","og_site_name":"AFARABA","article_published_time":"2020-02-28T05:50:00+00:00","article_modified_time":"2020-11-11T14:46:40+00:00","og_image":[{"url":"http:\/\/www.afaraba.org\/blog\/wp-content\/uploads\/2020\/04\/euskotren.jpg"}],"author":"admin","twitter_card":"summary_large_image","twitter_misc":{"Escrito por":"admin"},"schema":{"@context":"https:\/\/schema.org","@graph":[{"@type":"Article","@id":"https:\/\/www.afaraba.org\/blog\/index.php\/2020\/02\/28\/charla-informativa-euskotren\/#article","isPartOf":{"@id":"https:\/\/www.afaraba.org\/blog\/index.php\/2020\/02\/28\/charla-informativa-euskotren\/"},"author":{"name":"admin","@id":"https:\/\/www.afaraba.org\/blog\/#\/schema\/person\/4a0ab48b67420072f420109f30843c71"},"headline":"Charla informativa Euskotren","datePublished":"2020-02-28T05:50:00+00:00","dateModified":"2020-11-11T14:46:40+00:00","mainEntityOfPage":{"@id":"https:\/\/www.afaraba.org\/blog\/index.php\/2020\/02\/28\/charla-informativa-euskotren\/"},"wordCount":40,"commentCount":0,"publisher":{"@id":"https:\/\/www.afaraba.org\/blog\/#organization"},"keywords":["afaraba","Alzheimer","charla informativa","Demencias","Euskotren","lebario"],"articleSection":["FORMACI\u00d3N"],"inLanguage":"es","potentialAction":[{"@type":"CommentAction","name":"Comment","target":["https:\/\/www.afaraba.org\/blog\/index.php\/2020\/02\/28\/charla-informativa-euskotren\/#respond"]}]},{"@type":"WebPage","@id":"https:\/\/www.afaraba.org\/blog\/index.php\/2020\/02\/28\/charla-informativa-euskotren\/","url":"https:\/\/www.afaraba.org\/blog\/index.php\/2020\/02\/28\/charla-informativa-euskotren\/","name":"Charla informativa Euskotren - AFARABA","isPartOf":{"@id":"https:\/\/www.afaraba.org\/blog\/#website"},"datePublished":"2020-02-28T05:50:00+00:00","dateModified":"2020-11-11T14:46:40+00:00","breadcrumb":{"@id":"https:\/\/www.afaraba.org\/blog\/index.php\/2020\/02\/28\/charla-informativa-euskotren\/#breadcrumb"},"inLanguage":"es","potentialAction":[{"@type":"ReadAction","target":["https:\/\/www.afaraba.org\/blog\/index.php\/2020\/02\/28\/charla-informativa-euskotren\/"]}]},{"@type":"BreadcrumbList","@id":"https:\/\/www.afaraba.org\/blog\/index.php\/2020\/02\/28\/charla-informativa-euskotren\/#breadcrumb","itemListElement":[{"@type":"ListItem","position":1,"name":"Portada","item":"https:\/\/www.afaraba.org\/blog\/"},{"@type":"ListItem","position":2,"name":"Charla informativa Euskotren"}]},{"@type":"WebSite","@id":"https:\/\/www.afaraba.org\/blog\/#website","url":"https:\/\/www.afaraba.org\/blog\/","name":"AFARABA","description":"BLOG AFARABA","publisher":{"@id":"https:\/\/www.afaraba.org\/blog\/#organization"},"potentialAction":[{"@type":"SearchAction","target":{"@type":"EntryPoint","urlTemplate":"https:\/\/www.afaraba.org\/blog\/?s={search_term_string}"},"query-input":"required name=search_term_string"}],"inLanguage":"es"},{"@type":"Organization","@id":"https:\/\/www.afaraba.org\/blog\/#organization","name":"AFARABA","url":"https:\/\/www.afaraba.org\/blog\/","logo":{"@type":"ImageObject","inLanguage":"es","@id":"https:\/\/www.afaraba.org\/blog\/#\/schema\/logo\/image\/","url":"http:\/\/www.afaraba.org\/blog\/wp-content\/uploads\/2020\/11\/cropped-AFA_HC-BLOG2.jpg","contentUrl":"http:\/\/www.afaraba.org\/blog\/wp-content\/uploads\/2020\/11\/cropped-AFA_HC-BLOG2.jpg","width":240,"height":89,"caption":"AFARABA"},"image":{"@id":"https:\/\/www.afaraba.org\/blog\/#\/schema\/logo\/image\/"}},{"@type":"Person","@id":"https:\/\/www.afaraba.org\/blog\/#\/schema\/person\/4a0ab48b67420072f420109f30843c71","name":"admin","image":{"@type":"ImageObject","inLanguage":"es","@id":"https:\/\/www.afaraba.org\/blog\/#\/schema\/person\/image\/","url":"http:\/\/0.gravatar.com\/avatar\/c2318eff2fb6ce04ef6dca732184cc5b?s=96&d=mm&r=g","contentUrl":"http:\/\/0.gravatar.com\/avatar\/c2318eff2fb6ce04ef6dca732184cc5b?s=96&d=mm&r=g","caption":"admin"},"url":"http:\/\/www.afaraba.org\/blog\/index.php\/author\/admin\/"}]}},"_links":{"self":[{"href":"http:\/\/www.afaraba.org\/blog\/index.php\/wp-json\/wp\/v2\/posts\/402"}],"collection":[{"href":"http:\/\/www.afaraba.org\/blog\/index.php\/wp-json\/wp\/v2\/posts"}],"about":[{"href":"http:\/\/www.afaraba.org\/blog\/index.php\/wp-json\/wp\/v2\/types\/post"}],"author":[{"embeddable":true,"href":"http:\/\/www.afaraba.org\/blog\/index.php\/wp-json\/wp\/v2\/users\/1"}],"replies":[{"embeddable":true,"href":"http:\/\/www.afaraba.org\/blog\/index.php\/wp-json\/wp\/v2\/comments?post=402"}],"version-history":[{"count":1,"href":"http:\/\/www.afaraba.org\/blog\/index.php\/wp-json\/wp\/v2\/posts\/402\/revisions"}],"predecessor-version":[{"id":404,"href":"http:\/\/www.afaraba.org\/blog\/index.php\/wp-json\/wp\/v2\/posts\/402\/revisions\/404"}],"wp:attachment":[{"href":"http:\/\/www.afaraba.org\/blog\/index.php\/wp-json\/wp\/v2\/media?parent=402"}],"wp:term":[{"taxonomy":"category","embeddable":true,"href":"http:\/\/www.afaraba.org\/blog\/index.php\/wp-json\/wp\/v2\/categories?post=402"},{"taxonomy":"post_tag","embeddable":true,"href":"http:\/\/www.afaraba.org\/blog\/index.php\/wp-json\/wp\/v2\/tags?post=402"}],"curies":[{"name":"wp","href":"https:\/\/api.w.org\/{rel}","templated":true}]}}