{"id":409,"date":"2020-02-13T10:54:00","date_gmt":"2020-02-13T09:54:00","guid":{"rendered":"http:\/\/www.afaraba.org\/blog\/?p=409"},"modified":"2020-11-11T15:47:01","modified_gmt":"2020-11-11T14:47:01","slug":"proyecto-memories-egibide","status":"publish","type":"post","link":"http:\/\/www.afaraba.org\/blog\/index.php\/2020\/02\/13\/proyecto-memories-egibide\/","title":{"rendered":"PROYECTO MEMORIES EGIBIDE"},"content":{"rendered":"\n<p>Desde Egibide Mendizorrotza desarrollaron una iniciativa (proyecto\nEmpresa e Iniciativa Emprendedora), para que todos aquellos comensales que acudiesen\ndesde diciembre como dejaran sus recuerdos por escrito adem\u00e1s de un peque\u00f1o\ndonativo. Para ello, los alumnos adornaron el comedor con murales e instalaron\nsobre las mesas unas preciosas nubes que ellos mismos dise\u00f1aron.<\/p>\n\n\n\n<figure class=\"wp-block-image size-large is-resized\"><img loading=\"lazy\" src=\"http:\/\/www.afaraba.org\/blog\/wp-content\/uploads\/2020\/04\/IMG-20191213-WA0005-578x1024.jpg\" alt=\"\" class=\"wp-image-411\" width=\"201\" height=\"356\" srcset=\"http:\/\/www.afaraba.org\/blog\/wp-content\/uploads\/2020\/04\/IMG-20191213-WA0005-578x1024.jpg 578w, http:\/\/www.afaraba.org\/blog\/wp-content\/uploads\/2020\/04\/IMG-20191213-WA0005-169x300.jpg 169w, http:\/\/www.afaraba.org\/blog\/wp-content\/uploads\/2020\/04\/IMG-20191213-WA0005-768x1360.jpg 768w, http:\/\/www.afaraba.org\/blog\/wp-content\/uploads\/2020\/04\/IMG-20191213-WA0005-867x1536.jpg 867w, http:\/\/www.afaraba.org\/blog\/wp-content\/uploads\/2020\/04\/IMG-20191213-WA0005.jpg 1120w\" sizes=\"(max-width: 201px) 85vw, 201px\" \/><\/figure>\n\n\n\n<p> Adem\u00e1s el 13 de febrero realizaron el Men\u00fa solidario en beneficio de AFARABA <\/p>\n\n\n\n<figure class=\"wp-block-image size-large is-resized\"><img loading=\"lazy\" src=\"http:\/\/www.afaraba.org\/blog\/wp-content\/uploads\/2020\/04\/WhatsApp-Image-2020-02-13-at-16.06.15-768x1024.jpeg\" alt=\"\" class=\"wp-image-412\" width=\"236\" height=\"314\" srcset=\"http:\/\/www.afaraba.org\/blog\/wp-content\/uploads\/2020\/04\/WhatsApp-Image-2020-02-13-at-16.06.15-768x1024.jpeg 768w, http:\/\/www.afaraba.org\/blog\/wp-content\/uploads\/2020\/04\/WhatsApp-Image-2020-02-13-at-16.06.15-225x300.jpeg 225w, http:\/\/www.afaraba.org\/blog\/wp-content\/uploads\/2020\/04\/WhatsApp-Image-2020-02-13-at-16.06.15-1152x1536.jpeg 1152w, http:\/\/www.afaraba.org\/blog\/wp-content\/uploads\/2020\/04\/WhatsApp-Image-2020-02-13-at-16.06.15.jpeg 1200w\" sizes=\"(max-width: 236px) 85vw, 236px\" \/><\/figure>\n\n\n\n<p>Much\u00edsimas Gracias a este equipazo!! Unas J\u00f3venes promesas de la cocina que con su \u201cProyecto Memories\u201d adem\u00e1s de la recaudaci\u00f3n conseguida de 1100\u20ac han realizado una maravillosa divulgaci\u00f3n sobre el Alzheimer y otras demencias, adem\u00e1s de hacernos un poco m\u00e1s visibles en nuestra maravillosa Ciudad!! Deseando degustar vuestras creaciones en los mejores restaurantes de Vitoria-Gasteiz<\/p>\n\n\n\n<figure class=\"wp-block-image size-large\"><img loading=\"lazy\" width=\"1024\" height=\"768\" src=\"http:\/\/www.afaraba.org\/blog\/wp-content\/uploads\/2020\/04\/WhatsApp-Image-2020-02-13-at-16.02.37-1024x768.jpeg\" alt=\"\" class=\"wp-image-413\" srcset=\"http:\/\/www.afaraba.org\/blog\/wp-content\/uploads\/2020\/04\/WhatsApp-Image-2020-02-13-at-16.02.37-1024x768.jpeg 1024w, http:\/\/www.afaraba.org\/blog\/wp-content\/uploads\/2020\/04\/WhatsApp-Image-2020-02-13-at-16.02.37-300x225.jpeg 300w, http:\/\/www.afaraba.org\/blog\/wp-content\/uploads\/2020\/04\/WhatsApp-Image-2020-02-13-at-16.02.37-768x576.jpeg 768w, http:\/\/www.afaraba.org\/blog\/wp-content\/uploads\/2020\/04\/WhatsApp-Image-2020-02-13-at-16.02.37-1536x1152.jpeg 1536w, http:\/\/www.afaraba.org\/blog\/wp-content\/uploads\/2020\/04\/WhatsApp-Image-2020-02-13-at-16.02.37-1200x900.jpeg 1200w, http:\/\/www.afaraba.org\/blog\/wp-content\/uploads\/2020\/04\/WhatsApp-Image-2020-02-13-at-16.02.37.jpeg 1600w\" sizes=\"(max-width: 709px) 85vw, (max-width: 909px) 67vw, (max-width: 1362px) 62vw, 840px\" \/><\/figure>\n","protected":false},"excerpt":{"rendered":"<p>Desde Egibide Mendizorrotza desarrollaron una iniciativa (proyecto Empresa e Iniciativa Emprendedora), para que todos aquellos comensales que acudiesen desde diciembre como dejaran sus recuerdos por escrito adem\u00e1s de un peque\u00f1o donativo. Para ello, los alumnos adornaron el comedor con murales e instalaron sobre las mesas unas preciosas nubes que ellos mismos dise\u00f1aron. Adem\u00e1s el 13 &hellip; <a href=\"http:\/\/www.afaraba.org\/blog\/index.php\/2020\/02\/13\/proyecto-memories-egibide\/\" class=\"more-link\">Continuar leyendo<span class=\"screen-reader-text\"> \u00abPROYECTO MEMORIES EGIBIDE\u00bb<\/span><\/a><\/p>\n","protected":false},"author":1,"featured_media":0,"comment_status":"open","ping_status":"open","sticky":false,"template":"","format":"standard","meta":{"om_disable_all_campaigns":false,"_monsterinsights_skip_tracking":false,"_monsterinsights_sitenote_active":false,"_monsterinsights_sitenote_note":"","_monsterinsights_sitenote_category":0,"_uf_show_specific_survey":0,"_uf_disable_surveys":false},"categories":[6],"tags":[8,165,164,166,76,24],"aioseo_notices":[],"yoast_head":"<!-- This site is optimized with the Yoast SEO plugin v20.4 - https:\/\/yoast.com\/wordpress\/plugins\/seo\/ -->\n<title>PROYECTO MEMORIES EGIBIDE - AFARABA<\/title>\n<meta name=\"robots\" content=\"index, follow, max-snippet:-1, max-image-preview:large, max-video-preview:-1\" \/>\n<link rel=\"canonical\" href=\"http:\/\/www.afaraba.org\/blog\/index.php\/2020\/02\/13\/proyecto-memories-egibide\/\" \/>\n<meta property=\"og:locale\" content=\"es_ES\" \/>\n<meta property=\"og:type\" content=\"article\" \/>\n<meta property=\"og:title\" content=\"PROYECTO MEMORIES EGIBIDE - AFARABA\" \/>\n<meta property=\"og:description\" content=\"Desde Egibide Mendizorrotza desarrollaron una iniciativa (proyecto Empresa e Iniciativa Emprendedora), para que todos aquellos comensales que acudiesen desde diciembre como dejaran sus recuerdos por escrito adem\u00e1s de un peque\u00f1o donativo. Para ello, los alumnos adornaron el comedor con murales e instalaron sobre las mesas unas preciosas nubes que ellos mismos dise\u00f1aron. Adem\u00e1s el 13 &hellip; Continuar leyendo &quot;PROYECTO MEMORIES EGIBIDE&quot;\" \/>\n<meta property=\"og:url\" content=\"http:\/\/www.afaraba.org\/blog\/index.php\/2020\/02\/13\/proyecto-memories-egibide\/\" \/>\n<meta property=\"og:site_name\" content=\"AFARABA\" \/>\n<meta property=\"article:published_time\" content=\"2020-02-13T09:54:00+00:00\" \/>\n<meta property=\"article:modified_time\" content=\"2020-11-11T14:47:01+00:00\" \/>\n<meta property=\"og:image\" content=\"http:\/\/www.afaraba.org\/blog\/wp-content\/uploads\/2020\/04\/IMG-20191213-WA0005-578x1024.jpg\" \/>\n<meta name=\"author\" content=\"admin\" \/>\n<meta name=\"twitter:card\" content=\"summary_large_image\" \/>\n<meta name=\"twitter:label1\" content=\"Escrito por\" \/>\n\t<meta name=\"twitter:data1\" content=\"admin\" \/>\n\t<meta name=\"twitter:label2\" content=\"Tiempo de lectura\" \/>\n\t<meta name=\"twitter:data2\" content=\"1 minuto\" \/>\n<script type=\"application\/ld+json\" class=\"yoast-schema-graph\">{\"@context\":\"https:\/\/schema.org\",\"@graph\":[{\"@type\":\"Article\",\"@id\":\"http:\/\/www.afaraba.org\/blog\/index.php\/2020\/02\/13\/proyecto-memories-egibide\/#article\",\"isPartOf\":{\"@id\":\"http:\/\/www.afaraba.org\/blog\/index.php\/2020\/02\/13\/proyecto-memories-egibide\/\"},\"author\":{\"name\":\"admin\",\"@id\":\"https:\/\/www.afaraba.org\/blog\/#\/schema\/person\/4a0ab48b67420072f420109f30843c71\"},\"headline\":\"PROYECTO MEMORIES EGIBIDE\",\"datePublished\":\"2020-02-13T09:54:00+00:00\",\"dateModified\":\"2020-11-11T14:47:01+00:00\",\"mainEntityOfPage\":{\"@id\":\"http:\/\/www.afaraba.org\/blog\/index.php\/2020\/02\/13\/proyecto-memories-egibide\/\"},\"wordCount\":132,\"commentCount\":0,\"publisher\":{\"@id\":\"https:\/\/www.afaraba.org\/blog\/#organization\"},\"keywords\":[\"afaraba\",\"chefs\",\"egibide\",\"escuela de hosteleria\",\"solidarios\",\"vitoria gasteiz\"],\"articleSection\":[\"SOLIDARIOS\"],\"inLanguage\":\"es\",\"potentialAction\":[{\"@type\":\"CommentAction\",\"name\":\"Comment\",\"target\":[\"http:\/\/www.afaraba.org\/blog\/index.php\/2020\/02\/13\/proyecto-memories-egibide\/#respond\"]}]},{\"@type\":\"WebPage\",\"@id\":\"http:\/\/www.afaraba.org\/blog\/index.php\/2020\/02\/13\/proyecto-memories-egibide\/\",\"url\":\"http:\/\/www.afaraba.org\/blog\/index.php\/2020\/02\/13\/proyecto-memories-egibide\/\",\"name\":\"PROYECTO MEMORIES EGIBIDE - AFARABA\",\"isPartOf\":{\"@id\":\"https:\/\/www.afaraba.org\/blog\/#website\"},\"datePublished\":\"2020-02-13T09:54:00+00:00\",\"dateModified\":\"2020-11-11T14:47:01+00:00\",\"breadcrumb\":{\"@id\":\"http:\/\/www.afaraba.org\/blog\/index.php\/2020\/02\/13\/proyecto-memories-egibide\/#breadcrumb\"},\"inLanguage\":\"es\",\"potentialAction\":[{\"@type\":\"ReadAction\",\"target\":[\"http:\/\/www.afaraba.org\/blog\/index.php\/2020\/02\/13\/proyecto-memories-egibide\/\"]}]},{\"@type\":\"BreadcrumbList\",\"@id\":\"http:\/\/www.afaraba.org\/blog\/index.php\/2020\/02\/13\/proyecto-memories-egibide\/#breadcrumb\",\"itemListElement\":[{\"@type\":\"ListItem\",\"position\":1,\"name\":\"Portada\",\"item\":\"https:\/\/www.afaraba.org\/blog\/\"},{\"@type\":\"ListItem\",\"position\":2,\"name\":\"PROYECTO MEMORIES EGIBIDE\"}]},{\"@type\":\"WebSite\",\"@id\":\"https:\/\/www.afaraba.org\/blog\/#website\",\"url\":\"https:\/\/www.afaraba.org\/blog\/\",\"name\":\"AFARABA\",\"description\":\"BLOG AFARABA\",\"publisher\":{\"@id\":\"https:\/\/www.afaraba.org\/blog\/#organization\"},\"potentialAction\":[{\"@type\":\"SearchAction\",\"target\":{\"@type\":\"EntryPoint\",\"urlTemplate\":\"https:\/\/www.afaraba.org\/blog\/?s={search_term_string}\"},\"query-input\":\"required name=search_term_string\"}],\"inLanguage\":\"es\"},{\"@type\":\"Organization\",\"@id\":\"https:\/\/www.afaraba.org\/blog\/#organization\",\"name\":\"AFARABA\",\"url\":\"https:\/\/www.afaraba.org\/blog\/\",\"logo\":{\"@type\":\"ImageObject\",\"inLanguage\":\"es\",\"@id\":\"https:\/\/www.afaraba.org\/blog\/#\/schema\/logo\/image\/\",\"url\":\"http:\/\/www.afaraba.org\/blog\/wp-content\/uploads\/2020\/11\/cropped-AFA_HC-BLOG2.jpg\",\"contentUrl\":\"http:\/\/www.afaraba.org\/blog\/wp-content\/uploads\/2020\/11\/cropped-AFA_HC-BLOG2.jpg\",\"width\":240,\"height\":89,\"caption\":\"AFARABA\"},\"image\":{\"@id\":\"https:\/\/www.afaraba.org\/blog\/#\/schema\/logo\/image\/\"}},{\"@type\":\"Person\",\"@id\":\"https:\/\/www.afaraba.org\/blog\/#\/schema\/person\/4a0ab48b67420072f420109f30843c71\",\"name\":\"admin\",\"image\":{\"@type\":\"ImageObject\",\"inLanguage\":\"es\",\"@id\":\"https:\/\/www.afaraba.org\/blog\/#\/schema\/person\/image\/\",\"url\":\"http:\/\/0.gravatar.com\/avatar\/c2318eff2fb6ce04ef6dca732184cc5b?s=96&d=mm&r=g\",\"contentUrl\":\"http:\/\/0.gravatar.com\/avatar\/c2318eff2fb6ce04ef6dca732184cc5b?s=96&d=mm&r=g\",\"caption\":\"admin\"},\"url\":\"http:\/\/www.afaraba.org\/blog\/index.php\/author\/admin\/\"}]}<\/script>\n<!-- \/ Yoast SEO plugin. -->","yoast_head_json":{"title":"PROYECTO MEMORIES EGIBIDE - AFARABA","robots":{"index":"index","follow":"follow","max-snippet":"max-snippet:-1","max-image-preview":"max-image-preview:large","max-video-preview":"max-video-preview:-1"},"canonical":"http:\/\/www.afaraba.org\/blog\/index.php\/2020\/02\/13\/proyecto-memories-egibide\/","og_locale":"es_ES","og_type":"article","og_title":"PROYECTO MEMORIES EGIBIDE - AFARABA","og_description":"Desde Egibide Mendizorrotza desarrollaron una iniciativa (proyecto Empresa e Iniciativa Emprendedora), para que todos aquellos comensales que acudiesen desde diciembre como dejaran sus recuerdos por escrito adem\u00e1s de un peque\u00f1o donativo. Para ello, los alumnos adornaron el comedor con murales e instalaron sobre las mesas unas preciosas nubes que ellos mismos dise\u00f1aron. Adem\u00e1s el 13 &hellip; Continuar leyendo \"PROYECTO MEMORIES EGIBIDE\"","og_url":"http:\/\/www.afaraba.org\/blog\/index.php\/2020\/02\/13\/proyecto-memories-egibide\/","og_site_name":"AFARABA","article_published_time":"2020-02-13T09:54:00+00:00","article_modified_time":"2020-11-11T14:47:01+00:00","og_image":[{"url":"http:\/\/www.afaraba.org\/blog\/wp-content\/uploads\/2020\/04\/IMG-20191213-WA0005-578x1024.jpg"}],"author":"admin","twitter_card":"summary_large_image","twitter_misc":{"Escrito por":"admin","Tiempo de lectura":"1 minuto"},"schema":{"@context":"https:\/\/schema.org","@graph":[{"@type":"Article","@id":"http:\/\/www.afaraba.org\/blog\/index.php\/2020\/02\/13\/proyecto-memories-egibide\/#article","isPartOf":{"@id":"http:\/\/www.afaraba.org\/blog\/index.php\/2020\/02\/13\/proyecto-memories-egibide\/"},"author":{"name":"admin","@id":"https:\/\/www.afaraba.org\/blog\/#\/schema\/person\/4a0ab48b67420072f420109f30843c71"},"headline":"PROYECTO MEMORIES EGIBIDE","datePublished":"2020-02-13T09:54:00+00:00","dateModified":"2020-11-11T14:47:01+00:00","mainEntityOfPage":{"@id":"http:\/\/www.afaraba.org\/blog\/index.php\/2020\/02\/13\/proyecto-memories-egibide\/"},"wordCount":132,"commentCount":0,"publisher":{"@id":"https:\/\/www.afaraba.org\/blog\/#organization"},"keywords":["afaraba","chefs","egibide","escuela de hosteleria","solidarios","vitoria gasteiz"],"articleSection":["SOLIDARIOS"],"inLanguage":"es","potentialAction":[{"@type":"CommentAction","name":"Comment","target":["http:\/\/www.afaraba.org\/blog\/index.php\/2020\/02\/13\/proyecto-memories-egibide\/#respond"]}]},{"@type":"WebPage","@id":"http:\/\/www.afaraba.org\/blog\/index.php\/2020\/02\/13\/proyecto-memories-egibide\/","url":"http:\/\/www.afaraba.org\/blog\/index.php\/2020\/02\/13\/proyecto-memories-egibide\/","name":"PROYECTO MEMORIES EGIBIDE - AFARABA","isPartOf":{"@id":"https:\/\/www.afaraba.org\/blog\/#website"},"datePublished":"2020-02-13T09:54:00+00:00","dateModified":"2020-11-11T14:47:01+00:00","breadcrumb":{"@id":"http:\/\/www.afaraba.org\/blog\/index.php\/2020\/02\/13\/proyecto-memories-egibide\/#breadcrumb"},"inLanguage":"es","potentialAction":[{"@type":"ReadAction","target":["http:\/\/www.afaraba.org\/blog\/index.php\/2020\/02\/13\/proyecto-memories-egibide\/"]}]},{"@type":"BreadcrumbList","@id":"http:\/\/www.afaraba.org\/blog\/index.php\/2020\/02\/13\/proyecto-memories-egibide\/#breadcrumb","itemListElement":[{"@type":"ListItem","position":1,"name":"Portada","item":"https:\/\/www.afaraba.org\/blog\/"},{"@type":"ListItem","position":2,"name":"PROYECTO MEMORIES EGIBIDE"}]},{"@type":"WebSite","@id":"https:\/\/www.afaraba.org\/blog\/#website","url":"https:\/\/www.afaraba.org\/blog\/","name":"AFARABA","description":"BLOG AFARABA","publisher":{"@id":"https:\/\/www.afaraba.org\/blog\/#organization"},"potentialAction":[{"@type":"SearchAction","target":{"@type":"EntryPoint","urlTemplate":"https:\/\/www.afaraba.org\/blog\/?s={search_term_string}"},"query-input":"required name=search_term_string"}],"inLanguage":"es"},{"@type":"Organization","@id":"https:\/\/www.afaraba.org\/blog\/#organization","name":"AFARABA","url":"https:\/\/www.afaraba.org\/blog\/","logo":{"@type":"ImageObject","inLanguage":"es","@id":"https:\/\/www.afaraba.org\/blog\/#\/schema\/logo\/image\/","url":"http:\/\/www.afaraba.org\/blog\/wp-content\/uploads\/2020\/11\/cropped-AFA_HC-BLOG2.jpg","contentUrl":"http:\/\/www.afaraba.org\/blog\/wp-content\/uploads\/2020\/11\/cropped-AFA_HC-BLOG2.jpg","width":240,"height":89,"caption":"AFARABA"},"image":{"@id":"https:\/\/www.afaraba.org\/blog\/#\/schema\/logo\/image\/"}},{"@type":"Person","@id":"https:\/\/www.afaraba.org\/blog\/#\/schema\/person\/4a0ab48b67420072f420109f30843c71","name":"admin","image":{"@type":"ImageObject","inLanguage":"es","@id":"https:\/\/www.afaraba.org\/blog\/#\/schema\/person\/image\/","url":"http:\/\/0.gravatar.com\/avatar\/c2318eff2fb6ce04ef6dca732184cc5b?s=96&d=mm&r=g","contentUrl":"http:\/\/0.gravatar.com\/avatar\/c2318eff2fb6ce04ef6dca732184cc5b?s=96&d=mm&r=g","caption":"admin"},"url":"http:\/\/www.afaraba.org\/blog\/index.php\/author\/admin\/"}]}},"_links":{"self":[{"href":"http:\/\/www.afaraba.org\/blog\/index.php\/wp-json\/wp\/v2\/posts\/409"}],"collection":[{"href":"http:\/\/www.afaraba.org\/blog\/index.php\/wp-json\/wp\/v2\/posts"}],"about":[{"href":"http:\/\/www.afaraba.org\/blog\/index.php\/wp-json\/wp\/v2\/types\/post"}],"author":[{"embeddable":true,"href":"http:\/\/www.afaraba.org\/blog\/index.php\/wp-json\/wp\/v2\/users\/1"}],"replies":[{"embeddable":true,"href":"http:\/\/www.afaraba.org\/blog\/index.php\/wp-json\/wp\/v2\/comments?post=409"}],"version-history":[{"count":1,"href":"http:\/\/www.afaraba.org\/blog\/index.php\/wp-json\/wp\/v2\/posts\/409\/revisions"}],"predecessor-version":[{"id":414,"href":"http:\/\/www.afaraba.org\/blog\/index.php\/wp-json\/wp\/v2\/posts\/409\/revisions\/414"}],"wp:attachment":[{"href":"http:\/\/www.afaraba.org\/blog\/index.php\/wp-json\/wp\/v2\/media?parent=409"}],"wp:term":[{"taxonomy":"category","embeddable":true,"href":"http:\/\/www.afaraba.org\/blog\/index.php\/wp-json\/wp\/v2\/categories?post=409"},{"taxonomy":"post_tag","embeddable":true,"href":"http:\/\/www.afaraba.org\/blog\/index.php\/wp-json\/wp\/v2\/tags?post=409"}],"curies":[{"name":"wp","href":"https:\/\/api.w.org\/{rel}","templated":true}]}}