{"id":41,"date":"2019-05-16T10:01:19","date_gmt":"2019-05-16T09:01:19","guid":{"rendered":"http:\/\/www.afaraba.org\/blog\/?p=41"},"modified":"2020-11-20T10:25:23","modified_gmt":"2020-11-20T09:25:23","slug":"charla-colegio-hogar-san-jose","status":"publish","type":"post","link":"http:\/\/www.afaraba.org\/blog\/index.php\/2019\/05\/16\/charla-colegio-hogar-san-jose\/","title":{"rendered":"Charla Colegio Hogar San Jos\u00e9"},"content":{"rendered":"\n<h3><strong>Desde <a rel=\"noreferrer noopener\" href=\"http:\/\/batekin.org\/\" target=\"_blank\">Batekin <\/a>se  pusieron en contacto con nosotros con la iniciativa de dar a conocer  AFARABA y la labor de nuestros voluntarios en la Asociaci\u00f3n a un grupo  de j\u00f3venes de 4 E.S.O del <a rel=\"noreferrer noopener\" href=\"http:\/\/www.kristaueskola.eus\/colegios\/colegio-hogar-san-jose-vitoria\/\" target=\"_blank\">Colegio Hogar San Jos\u00e9<\/a>.<\/strong><\/h3>\n\n\n\n<p>Es por ello que este lunes una de nuestras Psicologas Amaia  Zugadi acompa\u00f1ada de uno de nuestros voluntarios Sabin tomaron rumbo al  Colegio Hogar San Jos\u00e9 para desarrollar dicha iniciativa.<\/p>\n\n\n\n<p>Durante la charla Amaia les explic\u00f3 los objetivos de AFARABA,  que es el Alzheimer y las demencias y de como afectan a todos los  miembros de la familia.<\/p>\n\n\n\n<p>Adem\u00e1s gracias al testimonio directo de uno de nuestros  voluntarios, Sabin, pudieron ver la importancia del voluntariado y de  c\u00f3mo se puede colaborar.<\/p>\n","protected":false},"excerpt":{"rendered":"<p>Desde Batekin se pusieron en contacto con nosotros con la iniciativa de dar a conocer AFARABA y la labor de nuestros voluntarios en la Asociaci\u00f3n a un grupo de j\u00f3venes de 4 E.S.O del Colegio Hogar San Jos\u00e9. Es por ello que este lunes una de nuestras Psicologas Amaia Zugadi acompa\u00f1ada de uno de nuestros &hellip; <a href=\"http:\/\/www.afaraba.org\/blog\/index.php\/2019\/05\/16\/charla-colegio-hogar-san-jose\/\" class=\"more-link\">Continuar leyendo<span class=\"screen-reader-text\"> \u00abCharla Colegio Hogar San Jos\u00e9\u00bb<\/span><\/a><\/p>\n","protected":false},"author":1,"featured_media":42,"comment_status":"open","ping_status":"open","sticky":false,"template":"","format":"standard","meta":{"om_disable_all_campaigns":false,"_monsterinsights_skip_tracking":false,"_monsterinsights_sitenote_active":false,"_monsterinsights_sitenote_note":"","_monsterinsights_sitenote_category":0,"_uf_show_specific_survey":0,"_uf_disable_surveys":false},"categories":[1],"tags":[17,19,18],"aioseo_notices":[],"yoast_head":"<!-- This site is optimized with the Yoast SEO plugin v20.4 - https:\/\/yoast.com\/wordpress\/plugins\/seo\/ -->\n<title>Charla Colegio Hogar San Jos\u00e9 - AFARABA<\/title>\n<meta name=\"robots\" content=\"index, follow, max-snippet:-1, max-image-preview:large, max-video-preview:-1\" \/>\n<link rel=\"canonical\" href=\"http:\/\/www.afaraba.org\/blog\/index.php\/2019\/05\/16\/charla-colegio-hogar-san-jose\/\" \/>\n<meta property=\"og:locale\" content=\"es_ES\" \/>\n<meta property=\"og:type\" content=\"article\" \/>\n<meta property=\"og:title\" content=\"Charla Colegio Hogar San Jos\u00e9 - AFARABA\" \/>\n<meta property=\"og:description\" content=\"Desde Batekin se pusieron en contacto con nosotros con la iniciativa de dar a conocer AFARABA y la labor de nuestros voluntarios en la Asociaci\u00f3n a un grupo de j\u00f3venes de 4 E.S.O del Colegio Hogar San Jos\u00e9. Es por ello que este lunes una de nuestras Psicologas Amaia Zugadi acompa\u00f1ada de uno de nuestros &hellip; Continuar leyendo &quot;Charla Colegio Hogar San Jos\u00e9&quot;\" \/>\n<meta property=\"og:url\" content=\"http:\/\/www.afaraba.org\/blog\/index.php\/2019\/05\/16\/charla-colegio-hogar-san-jose\/\" \/>\n<meta property=\"og:site_name\" content=\"AFARABA\" \/>\n<meta property=\"article:published_time\" content=\"2019-05-16T09:01:19+00:00\" \/>\n<meta property=\"article:modified_time\" content=\"2020-11-20T09:25:23+00:00\" \/>\n<meta property=\"og:image\" content=\"http:\/\/www.afaraba.org\/blog\/wp-content\/uploads\/2019\/05\/02.jpg\" \/>\n\t<meta property=\"og:image:width\" content=\"1600\" \/>\n\t<meta property=\"og:image:height\" content=\"1200\" \/>\n\t<meta property=\"og:image:type\" content=\"image\/jpeg\" \/>\n<meta name=\"author\" content=\"admin\" \/>\n<meta name=\"twitter:card\" content=\"summary_large_image\" \/>\n<meta name=\"twitter:label1\" content=\"Escrito por\" \/>\n\t<meta name=\"twitter:data1\" content=\"admin\" \/>\n\t<meta name=\"twitter:label2\" content=\"Tiempo de lectura\" \/>\n\t<meta name=\"twitter:data2\" content=\"1 minuto\" \/>\n<script type=\"application\/ld+json\" class=\"yoast-schema-graph\">{\"@context\":\"https:\/\/schema.org\",\"@graph\":[{\"@type\":\"Article\",\"@id\":\"http:\/\/www.afaraba.org\/blog\/index.php\/2019\/05\/16\/charla-colegio-hogar-san-jose\/#article\",\"isPartOf\":{\"@id\":\"http:\/\/www.afaraba.org\/blog\/index.php\/2019\/05\/16\/charla-colegio-hogar-san-jose\/\"},\"author\":{\"name\":\"admin\",\"@id\":\"https:\/\/www.afaraba.org\/blog\/#\/schema\/person\/4a0ab48b67420072f420109f30843c71\"},\"headline\":\"Charla Colegio Hogar San Jos\u00e9\",\"datePublished\":\"2019-05-16T09:01:19+00:00\",\"dateModified\":\"2020-11-20T09:25:23+00:00\",\"mainEntityOfPage\":{\"@id\":\"http:\/\/www.afaraba.org\/blog\/index.php\/2019\/05\/16\/charla-colegio-hogar-san-jose\/\"},\"wordCount\":130,\"commentCount\":0,\"publisher\":{\"@id\":\"https:\/\/www.afaraba.org\/blog\/#organization\"},\"keywords\":[\"batekin\",\"charla\",\"colegio hogar san jos\u00e9\"],\"articleSection\":[\"DIVULGACI\u00d3N\"],\"inLanguage\":\"es\",\"potentialAction\":[{\"@type\":\"CommentAction\",\"name\":\"Comment\",\"target\":[\"http:\/\/www.afaraba.org\/blog\/index.php\/2019\/05\/16\/charla-colegio-hogar-san-jose\/#respond\"]}]},{\"@type\":\"WebPage\",\"@id\":\"http:\/\/www.afaraba.org\/blog\/index.php\/2019\/05\/16\/charla-colegio-hogar-san-jose\/\",\"url\":\"http:\/\/www.afaraba.org\/blog\/index.php\/2019\/05\/16\/charla-colegio-hogar-san-jose\/\",\"name\":\"Charla Colegio Hogar San Jos\u00e9 - AFARABA\",\"isPartOf\":{\"@id\":\"https:\/\/www.afaraba.org\/blog\/#website\"},\"datePublished\":\"2019-05-16T09:01:19+00:00\",\"dateModified\":\"2020-11-20T09:25:23+00:00\",\"breadcrumb\":{\"@id\":\"http:\/\/www.afaraba.org\/blog\/index.php\/2019\/05\/16\/charla-colegio-hogar-san-jose\/#breadcrumb\"},\"inLanguage\":\"es\",\"potentialAction\":[{\"@type\":\"ReadAction\",\"target\":[\"http:\/\/www.afaraba.org\/blog\/index.php\/2019\/05\/16\/charla-colegio-hogar-san-jose\/\"]}]},{\"@type\":\"BreadcrumbList\",\"@id\":\"http:\/\/www.afaraba.org\/blog\/index.php\/2019\/05\/16\/charla-colegio-hogar-san-jose\/#breadcrumb\",\"itemListElement\":[{\"@type\":\"ListItem\",\"position\":1,\"name\":\"Portada\",\"item\":\"https:\/\/www.afaraba.org\/blog\/\"},{\"@type\":\"ListItem\",\"position\":2,\"name\":\"Charla Colegio Hogar San Jos\u00e9\"}]},{\"@type\":\"WebSite\",\"@id\":\"https:\/\/www.afaraba.org\/blog\/#website\",\"url\":\"https:\/\/www.afaraba.org\/blog\/\",\"name\":\"AFARABA\",\"description\":\"BLOG AFARABA\",\"publisher\":{\"@id\":\"https:\/\/www.afaraba.org\/blog\/#organization\"},\"potentialAction\":[{\"@type\":\"SearchAction\",\"target\":{\"@type\":\"EntryPoint\",\"urlTemplate\":\"https:\/\/www.afaraba.org\/blog\/?s={search_term_string}\"},\"query-input\":\"required name=search_term_string\"}],\"inLanguage\":\"es\"},{\"@type\":\"Organization\",\"@id\":\"https:\/\/www.afaraba.org\/blog\/#organization\",\"name\":\"AFARABA\",\"url\":\"https:\/\/www.afaraba.org\/blog\/\",\"logo\":{\"@type\":\"ImageObject\",\"inLanguage\":\"es\",\"@id\":\"https:\/\/www.afaraba.org\/blog\/#\/schema\/logo\/image\/\",\"url\":\"http:\/\/www.afaraba.org\/blog\/wp-content\/uploads\/2020\/11\/cropped-AFA_HC-BLOG2.jpg\",\"contentUrl\":\"http:\/\/www.afaraba.org\/blog\/wp-content\/uploads\/2020\/11\/cropped-AFA_HC-BLOG2.jpg\",\"width\":240,\"height\":89,\"caption\":\"AFARABA\"},\"image\":{\"@id\":\"https:\/\/www.afaraba.org\/blog\/#\/schema\/logo\/image\/\"}},{\"@type\":\"Person\",\"@id\":\"https:\/\/www.afaraba.org\/blog\/#\/schema\/person\/4a0ab48b67420072f420109f30843c71\",\"name\":\"admin\",\"image\":{\"@type\":\"ImageObject\",\"inLanguage\":\"es\",\"@id\":\"https:\/\/www.afaraba.org\/blog\/#\/schema\/person\/image\/\",\"url\":\"http:\/\/0.gravatar.com\/avatar\/c2318eff2fb6ce04ef6dca732184cc5b?s=96&d=mm&r=g\",\"contentUrl\":\"http:\/\/0.gravatar.com\/avatar\/c2318eff2fb6ce04ef6dca732184cc5b?s=96&d=mm&r=g\",\"caption\":\"admin\"},\"url\":\"http:\/\/www.afaraba.org\/blog\/index.php\/author\/admin\/\"}]}<\/script>\n<!-- \/ Yoast SEO plugin. -->","yoast_head_json":{"title":"Charla Colegio Hogar San Jos\u00e9 - AFARABA","robots":{"index":"index","follow":"follow","max-snippet":"max-snippet:-1","max-image-preview":"max-image-preview:large","max-video-preview":"max-video-preview:-1"},"canonical":"http:\/\/www.afaraba.org\/blog\/index.php\/2019\/05\/16\/charla-colegio-hogar-san-jose\/","og_locale":"es_ES","og_type":"article","og_title":"Charla Colegio Hogar San Jos\u00e9 - AFARABA","og_description":"Desde Batekin se pusieron en contacto con nosotros con la iniciativa de dar a conocer AFARABA y la labor de nuestros voluntarios en la Asociaci\u00f3n a un grupo de j\u00f3venes de 4 E.S.O del Colegio Hogar San Jos\u00e9. Es por ello que este lunes una de nuestras Psicologas Amaia Zugadi acompa\u00f1ada de uno de nuestros &hellip; Continuar leyendo \"Charla Colegio Hogar San Jos\u00e9\"","og_url":"http:\/\/www.afaraba.org\/blog\/index.php\/2019\/05\/16\/charla-colegio-hogar-san-jose\/","og_site_name":"AFARABA","article_published_time":"2019-05-16T09:01:19+00:00","article_modified_time":"2020-11-20T09:25:23+00:00","og_image":[{"width":1600,"height":1200,"url":"http:\/\/www.afaraba.org\/blog\/wp-content\/uploads\/2019\/05\/02.jpg","type":"image\/jpeg"}],"author":"admin","twitter_card":"summary_large_image","twitter_misc":{"Escrito por":"admin","Tiempo de lectura":"1 minuto"},"schema":{"@context":"https:\/\/schema.org","@graph":[{"@type":"Article","@id":"http:\/\/www.afaraba.org\/blog\/index.php\/2019\/05\/16\/charla-colegio-hogar-san-jose\/#article","isPartOf":{"@id":"http:\/\/www.afaraba.org\/blog\/index.php\/2019\/05\/16\/charla-colegio-hogar-san-jose\/"},"author":{"name":"admin","@id":"https:\/\/www.afaraba.org\/blog\/#\/schema\/person\/4a0ab48b67420072f420109f30843c71"},"headline":"Charla Colegio Hogar San Jos\u00e9","datePublished":"2019-05-16T09:01:19+00:00","dateModified":"2020-11-20T09:25:23+00:00","mainEntityOfPage":{"@id":"http:\/\/www.afaraba.org\/blog\/index.php\/2019\/05\/16\/charla-colegio-hogar-san-jose\/"},"wordCount":130,"commentCount":0,"publisher":{"@id":"https:\/\/www.afaraba.org\/blog\/#organization"},"keywords":["batekin","charla","colegio hogar san jos\u00e9"],"articleSection":["DIVULGACI\u00d3N"],"inLanguage":"es","potentialAction":[{"@type":"CommentAction","name":"Comment","target":["http:\/\/www.afaraba.org\/blog\/index.php\/2019\/05\/16\/charla-colegio-hogar-san-jose\/#respond"]}]},{"@type":"WebPage","@id":"http:\/\/www.afaraba.org\/blog\/index.php\/2019\/05\/16\/charla-colegio-hogar-san-jose\/","url":"http:\/\/www.afaraba.org\/blog\/index.php\/2019\/05\/16\/charla-colegio-hogar-san-jose\/","name":"Charla Colegio Hogar San Jos\u00e9 - AFARABA","isPartOf":{"@id":"https:\/\/www.afaraba.org\/blog\/#website"},"datePublished":"2019-05-16T09:01:19+00:00","dateModified":"2020-11-20T09:25:23+00:00","breadcrumb":{"@id":"http:\/\/www.afaraba.org\/blog\/index.php\/2019\/05\/16\/charla-colegio-hogar-san-jose\/#breadcrumb"},"inLanguage":"es","potentialAction":[{"@type":"ReadAction","target":["http:\/\/www.afaraba.org\/blog\/index.php\/2019\/05\/16\/charla-colegio-hogar-san-jose\/"]}]},{"@type":"BreadcrumbList","@id":"http:\/\/www.afaraba.org\/blog\/index.php\/2019\/05\/16\/charla-colegio-hogar-san-jose\/#breadcrumb","itemListElement":[{"@type":"ListItem","position":1,"name":"Portada","item":"https:\/\/www.afaraba.org\/blog\/"},{"@type":"ListItem","position":2,"name":"Charla Colegio Hogar San Jos\u00e9"}]},{"@type":"WebSite","@id":"https:\/\/www.afaraba.org\/blog\/#website","url":"https:\/\/www.afaraba.org\/blog\/","name":"AFARABA","description":"BLOG AFARABA","publisher":{"@id":"https:\/\/www.afaraba.org\/blog\/#organization"},"potentialAction":[{"@type":"SearchAction","target":{"@type":"EntryPoint","urlTemplate":"https:\/\/www.afaraba.org\/blog\/?s={search_term_string}"},"query-input":"required name=search_term_string"}],"inLanguage":"es"},{"@type":"Organization","@id":"https:\/\/www.afaraba.org\/blog\/#organization","name":"AFARABA","url":"https:\/\/www.afaraba.org\/blog\/","logo":{"@type":"ImageObject","inLanguage":"es","@id":"https:\/\/www.afaraba.org\/blog\/#\/schema\/logo\/image\/","url":"http:\/\/www.afaraba.org\/blog\/wp-content\/uploads\/2020\/11\/cropped-AFA_HC-BLOG2.jpg","contentUrl":"http:\/\/www.afaraba.org\/blog\/wp-content\/uploads\/2020\/11\/cropped-AFA_HC-BLOG2.jpg","width":240,"height":89,"caption":"AFARABA"},"image":{"@id":"https:\/\/www.afaraba.org\/blog\/#\/schema\/logo\/image\/"}},{"@type":"Person","@id":"https:\/\/www.afaraba.org\/blog\/#\/schema\/person\/4a0ab48b67420072f420109f30843c71","name":"admin","image":{"@type":"ImageObject","inLanguage":"es","@id":"https:\/\/www.afaraba.org\/blog\/#\/schema\/person\/image\/","url":"http:\/\/0.gravatar.com\/avatar\/c2318eff2fb6ce04ef6dca732184cc5b?s=96&d=mm&r=g","contentUrl":"http:\/\/0.gravatar.com\/avatar\/c2318eff2fb6ce04ef6dca732184cc5b?s=96&d=mm&r=g","caption":"admin"},"url":"http:\/\/www.afaraba.org\/blog\/index.php\/author\/admin\/"}]}},"_links":{"self":[{"href":"http:\/\/www.afaraba.org\/blog\/index.php\/wp-json\/wp\/v2\/posts\/41"}],"collection":[{"href":"http:\/\/www.afaraba.org\/blog\/index.php\/wp-json\/wp\/v2\/posts"}],"about":[{"href":"http:\/\/www.afaraba.org\/blog\/index.php\/wp-json\/wp\/v2\/types\/post"}],"author":[{"embeddable":true,"href":"http:\/\/www.afaraba.org\/blog\/index.php\/wp-json\/wp\/v2\/users\/1"}],"replies":[{"embeddable":true,"href":"http:\/\/www.afaraba.org\/blog\/index.php\/wp-json\/wp\/v2\/comments?post=41"}],"version-history":[{"count":4,"href":"http:\/\/www.afaraba.org\/blog\/index.php\/wp-json\/wp\/v2\/posts\/41\/revisions"}],"predecessor-version":[{"id":173,"href":"http:\/\/www.afaraba.org\/blog\/index.php\/wp-json\/wp\/v2\/posts\/41\/revisions\/173"}],"wp:featuredmedia":[{"embeddable":true,"href":"http:\/\/www.afaraba.org\/blog\/index.php\/wp-json\/wp\/v2\/media\/42"}],"wp:attachment":[{"href":"http:\/\/www.afaraba.org\/blog\/index.php\/wp-json\/wp\/v2\/media?parent=41"}],"wp:term":[{"taxonomy":"category","embeddable":true,"href":"http:\/\/www.afaraba.org\/blog\/index.php\/wp-json\/wp\/v2\/categories?post=41"},{"taxonomy":"post_tag","embeddable":true,"href":"http:\/\/www.afaraba.org\/blog\/index.php\/wp-json\/wp\/v2\/tags?post=41"}],"curies":[{"name":"wp","href":"https:\/\/api.w.org\/{rel}","templated":true}]}}