{"id":416,"date":"2020-10-07T11:26:09","date_gmt":"2020-10-07T10:26:09","guid":{"rendered":"http:\/\/www.afaraba.org\/blog\/?p=416"},"modified":"2020-11-11T15:46:12","modified_gmt":"2020-11-11T14:46:12","slug":"maraton-fotografico","status":"publish","type":"post","link":"http:\/\/www.afaraba.org\/blog\/index.php\/2020\/10\/07\/maraton-fotografico\/","title":{"rendered":"MARAT\u00d3N FOTOGR\u00c1FICO"},"content":{"rendered":"\n<p>A continuaci\u00f3n os presentamos a los ganadores y a todas las fotograf\u00edas que participaron  el pasado 21 de Septiembre de 2020 con motivo del D\u00eda Mundial del Alzheimer en el Marat\u00f3n Fotogr\u00e1fico \u00abNuestra Mirada\u00bb<\/p>\n\n\n\n<p>Muchas gracias a todos por participar<\/p>\n\n\n\n<div class=\"wp-block-image\"><figure class=\"aligncenter size-large is-resized\"><img loading=\"lazy\" src=\"http:\/\/www.afaraba.org\/blog\/wp-content\/uploads\/2020\/10\/1-F010_Con-tu-cuidado-perduran-sus-recuerdos-1024x768.jpg\" alt=\"\" class=\"wp-image-417\" width=\"382\" height=\"287\" srcset=\"http:\/\/www.afaraba.org\/blog\/wp-content\/uploads\/2020\/10\/1-F010_Con-tu-cuidado-perduran-sus-recuerdos-1024x768.jpg 1024w, http:\/\/www.afaraba.org\/blog\/wp-content\/uploads\/2020\/10\/1-F010_Con-tu-cuidado-perduran-sus-recuerdos-300x225.jpg 300w, http:\/\/www.afaraba.org\/blog\/wp-content\/uploads\/2020\/10\/1-F010_Con-tu-cuidado-perduran-sus-recuerdos-768x576.jpg 768w, http:\/\/www.afaraba.org\/blog\/wp-content\/uploads\/2020\/10\/1-F010_Con-tu-cuidado-perduran-sus-recuerdos-1536x1152.jpg 1536w, http:\/\/www.afaraba.org\/blog\/wp-content\/uploads\/2020\/10\/1-F010_Con-tu-cuidado-perduran-sus-recuerdos-2048x1536.jpg 2048w, http:\/\/www.afaraba.org\/blog\/wp-content\/uploads\/2020\/10\/1-F010_Con-tu-cuidado-perduran-sus-recuerdos-1200x900.jpg 1200w\" sizes=\"(max-width: 382px) 85vw, 382px\" \/><figcaption>Primer Premio<br>\u00abCon tu cuidado, perduran sus recuerdos\u00bb<br>Autor\/a L. Vidal<\/figcaption><\/figure><\/div>\n\n\n\n<div class=\"wp-block-image\"><figure class=\"alignleft size-large is-resized\"><img loading=\"lazy\" src=\"http:\/\/www.afaraba.org\/blog\/wp-content\/uploads\/2020\/10\/2-F020-Cuidadores-768x1024.jpg\" alt=\"\" class=\"wp-image-418\" width=\"276\" height=\"368\" srcset=\"http:\/\/www.afaraba.org\/blog\/wp-content\/uploads\/2020\/10\/2-F020-Cuidadores-768x1024.jpg 768w, http:\/\/www.afaraba.org\/blog\/wp-content\/uploads\/2020\/10\/2-F020-Cuidadores-225x300.jpg 225w, http:\/\/www.afaraba.org\/blog\/wp-content\/uploads\/2020\/10\/2-F020-Cuidadores-1152x1536.jpg 1152w, http:\/\/www.afaraba.org\/blog\/wp-content\/uploads\/2020\/10\/2-F020-Cuidadores-1536x2048.jpg 1536w, http:\/\/www.afaraba.org\/blog\/wp-content\/uploads\/2020\/10\/2-F020-Cuidadores-1200x1600.jpg 1200w, http:\/\/www.afaraba.org\/blog\/wp-content\/uploads\/2020\/10\/2-F020-Cuidadores-scaled.jpg 1920w\" sizes=\"(max-width: 276px) 85vw, 276px\" \/><figcaption>Segundo Premio<br>\u00abCuidadores\u00bb<br>Autor\/a I. Ala\u00f1a<\/figcaption><\/figure><\/div>\n\n\n\n<div class=\"wp-block-image\"><figure class=\"alignright size-large is-resized\"><img loading=\"lazy\" src=\"http:\/\/www.afaraba.org\/blog\/wp-content\/uploads\/2020\/10\/3-F014_-Nunca-te-soltare-768x1024.jpg\" alt=\"\" class=\"wp-image-419\" width=\"257\" height=\"343\" srcset=\"http:\/\/www.afaraba.org\/blog\/wp-content\/uploads\/2020\/10\/3-F014_-Nunca-te-soltare-768x1024.jpg 768w, http:\/\/www.afaraba.org\/blog\/wp-content\/uploads\/2020\/10\/3-F014_-Nunca-te-soltare-225x300.jpg 225w, http:\/\/www.afaraba.org\/blog\/wp-content\/uploads\/2020\/10\/3-F014_-Nunca-te-soltare-1152x1536.jpg 1152w, http:\/\/www.afaraba.org\/blog\/wp-content\/uploads\/2020\/10\/3-F014_-Nunca-te-soltare-1536x2048.jpg 1536w, http:\/\/www.afaraba.org\/blog\/wp-content\/uploads\/2020\/10\/3-F014_-Nunca-te-soltare-1200x1600.jpg 1200w, http:\/\/www.afaraba.org\/blog\/wp-content\/uploads\/2020\/10\/3-F014_-Nunca-te-soltare-scaled.jpg 1920w\" sizes=\"(max-width: 257px) 85vw, 257px\" \/><figcaption>Tercer Premio<br>\u00abNunca te soltare\u00bb<br>Autor\/a B. Sobr\u00f3n<\/figcaption><\/figure><\/div>\n\n\n\n<div class=\"wp-block-image\"><figure class=\"alignright size-large is-resized\"><img loading=\"lazy\" src=\"http:\/\/www.afaraba.org\/blog\/wp-content\/uploads\/2020\/10\/F001_-Itxaropena-Esperanza_-1-1024x735.jpg\" alt=\"\" class=\"wp-image-423\" width=\"298\" height=\"213\" srcset=\"http:\/\/www.afaraba.org\/blog\/wp-content\/uploads\/2020\/10\/F001_-Itxaropena-Esperanza_-1-1024x735.jpg 1024w, http:\/\/www.afaraba.org\/blog\/wp-content\/uploads\/2020\/10\/F001_-Itxaropena-Esperanza_-1-300x215.jpg 300w, http:\/\/www.afaraba.org\/blog\/wp-content\/uploads\/2020\/10\/F001_-Itxaropena-Esperanza_-1-768x551.jpg 768w, http:\/\/www.afaraba.org\/blog\/wp-content\/uploads\/2020\/10\/F001_-Itxaropena-Esperanza_-1-1536x1102.jpg 1536w, http:\/\/www.afaraba.org\/blog\/wp-content\/uploads\/2020\/10\/F001_-Itxaropena-Esperanza_-1-2048x1470.jpg 2048w, http:\/\/www.afaraba.org\/blog\/wp-content\/uploads\/2020\/10\/F001_-Itxaropena-Esperanza_-1-1200x861.jpg 1200w\" sizes=\"(max-width: 298px) 85vw, 298px\" \/><figcaption> <em>\u00abItxaropena \/Esperanza\u00bb<\/em><br><em>Autor\/a I. Artaraz<\/em> <\/figcaption><\/figure><\/div>\n\n\n\n<div class=\"wp-block-image\"><figure class=\"alignleft size-large is-resized\"><img loading=\"lazy\" src=\"http:\/\/www.afaraba.org\/blog\/wp-content\/uploads\/2020\/10\/F002_Resiliencia--768x1024.jpeg\" alt=\"\" class=\"wp-image-422\" width=\"218\" height=\"290\" srcset=\"http:\/\/www.afaraba.org\/blog\/wp-content\/uploads\/2020\/10\/F002_Resiliencia--768x1024.jpeg 768w, http:\/\/www.afaraba.org\/blog\/wp-content\/uploads\/2020\/10\/F002_Resiliencia--225x300.jpeg 225w, http:\/\/www.afaraba.org\/blog\/wp-content\/uploads\/2020\/10\/F002_Resiliencia--1152x1536.jpeg 1152w, http:\/\/www.afaraba.org\/blog\/wp-content\/uploads\/2020\/10\/F002_Resiliencia--1536x2048.jpeg 1536w, http:\/\/www.afaraba.org\/blog\/wp-content\/uploads\/2020\/10\/F002_Resiliencia--1200x1600.jpeg 1200w, http:\/\/www.afaraba.org\/blog\/wp-content\/uploads\/2020\/10\/F002_Resiliencia--scaled.jpeg 1920w\" sizes=\"(max-width: 218px) 85vw, 218px\" \/><figcaption> <em>\u00abResiliencia\u00bb<\/em><br><em>Autor\/a M. Ruiz de Sabando<\/em> <\/figcaption><\/figure><\/div>\n\n\n\n<div class=\"wp-block-image\"><figure class=\"alignright size-large is-resized\"><img loading=\"lazy\" src=\"http:\/\/www.afaraba.org\/blog\/wp-content\/uploads\/2020\/10\/F005_-Hablamos-con-las-miradas\u2026\u201d-1-835x1024.jpeg\" alt=\"\" class=\"wp-image-425\" width=\"250\" height=\"306\" srcset=\"http:\/\/www.afaraba.org\/blog\/wp-content\/uploads\/2020\/10\/F005_-Hablamos-con-las-miradas\u2026\u201d-1-835x1024.jpeg 835w, http:\/\/www.afaraba.org\/blog\/wp-content\/uploads\/2020\/10\/F005_-Hablamos-con-las-miradas\u2026\u201d-1-244x300.jpeg 244w, http:\/\/www.afaraba.org\/blog\/wp-content\/uploads\/2020\/10\/F005_-Hablamos-con-las-miradas\u2026\u201d-1-768x942.jpeg 768w, http:\/\/www.afaraba.org\/blog\/wp-content\/uploads\/2020\/10\/F005_-Hablamos-con-las-miradas\u2026\u201d-1-1252x1536.jpeg 1252w, http:\/\/www.afaraba.org\/blog\/wp-content\/uploads\/2020\/10\/F005_-Hablamos-con-las-miradas\u2026\u201d-1-1200x1472.jpeg 1200w, http:\/\/www.afaraba.org\/blog\/wp-content\/uploads\/2020\/10\/F005_-Hablamos-con-las-miradas\u2026\u201d-1.jpeg 1669w\" sizes=\"(max-width: 250px) 85vw, 250px\" \/><figcaption> <em>\u00abHablamos con las miradas\u2026\u201d<\/em><br><em>Autor\/a Albertia Centro<\/em> <\/figcaption><\/figure><\/div>\n\n\n\n<div class=\"wp-block-image\"><figure class=\"alignleft size-large is-resized\"><img loading=\"lazy\" src=\"http:\/\/www.afaraba.org\/blog\/wp-content\/uploads\/2020\/10\/F006_Hablamos-con-las-miradas\u2026\u201d-728x1024.jpeg\" alt=\"\" class=\"wp-image-426\" width=\"262\" height=\"368\" srcset=\"http:\/\/www.afaraba.org\/blog\/wp-content\/uploads\/2020\/10\/F006_Hablamos-con-las-miradas\u2026\u201d-728x1024.jpeg 728w, http:\/\/www.afaraba.org\/blog\/wp-content\/uploads\/2020\/10\/F006_Hablamos-con-las-miradas\u2026\u201d-213x300.jpeg 213w, http:\/\/www.afaraba.org\/blog\/wp-content\/uploads\/2020\/10\/F006_Hablamos-con-las-miradas\u2026\u201d-768x1080.jpeg 768w, http:\/\/www.afaraba.org\/blog\/wp-content\/uploads\/2020\/10\/F006_Hablamos-con-las-miradas\u2026\u201d-1092x1536.jpeg 1092w, http:\/\/www.afaraba.org\/blog\/wp-content\/uploads\/2020\/10\/F006_Hablamos-con-las-miradas\u2026\u201d-1456x2048.jpeg 1456w, http:\/\/www.afaraba.org\/blog\/wp-content\/uploads\/2020\/10\/F006_Hablamos-con-las-miradas\u2026\u201d-1200x1688.jpeg 1200w, http:\/\/www.afaraba.org\/blog\/wp-content\/uploads\/2020\/10\/F006_Hablamos-con-las-miradas\u2026\u201d.jpeg 1537w\" sizes=\"(max-width: 262px) 85vw, 262px\" \/><figcaption> <em>\u00abHablamos con las miradas\u2026\u201d<\/em><br><em>Autor\/a Albertia Centro<\/em> <\/figcaption><\/figure><\/div>\n\n\n\n<div class=\"wp-block-image\"><figure class=\"alignright size-large is-resized\"><img loading=\"lazy\" src=\"http:\/\/www.afaraba.org\/blog\/wp-content\/uploads\/2020\/10\/F007_Hablamos-con-las-miradas\u2026\u201d-1024x731.jpeg\" alt=\"\" class=\"wp-image-427\" width=\"288\" height=\"205\" srcset=\"http:\/\/www.afaraba.org\/blog\/wp-content\/uploads\/2020\/10\/F007_Hablamos-con-las-miradas\u2026\u201d-1024x731.jpeg 1024w, http:\/\/www.afaraba.org\/blog\/wp-content\/uploads\/2020\/10\/F007_Hablamos-con-las-miradas\u2026\u201d-300x214.jpeg 300w, http:\/\/www.afaraba.org\/blog\/wp-content\/uploads\/2020\/10\/F007_Hablamos-con-las-miradas\u2026\u201d-768x549.jpeg 768w, http:\/\/www.afaraba.org\/blog\/wp-content\/uploads\/2020\/10\/F007_Hablamos-con-las-miradas\u2026\u201d-1536x1097.jpeg 1536w, http:\/\/www.afaraba.org\/blog\/wp-content\/uploads\/2020\/10\/F007_Hablamos-con-las-miradas\u2026\u201d-2048x1463.jpeg 2048w, http:\/\/www.afaraba.org\/blog\/wp-content\/uploads\/2020\/10\/F007_Hablamos-con-las-miradas\u2026\u201d-1200x857.jpeg 1200w\" sizes=\"(max-width: 288px) 85vw, 288px\" \/><figcaption> <em>\u00abHablamos con las miradas\u2026\u201d<\/em><br><em>Autor\/a Albertia Centro<\/em> <\/figcaption><\/figure><\/div>\n\n\n\n<div class=\"wp-block-image\"><figure class=\"alignleft size-large is-resized\"><img loading=\"lazy\" src=\"http:\/\/www.afaraba.org\/blog\/wp-content\/uploads\/2020\/10\/F012_Travesia-ante-el-cuidado-868x1024.jpeg\" alt=\"\" class=\"wp-image-432\" width=\"208\" height=\"245\" srcset=\"http:\/\/www.afaraba.org\/blog\/wp-content\/uploads\/2020\/10\/F012_Travesia-ante-el-cuidado-868x1024.jpeg 868w, http:\/\/www.afaraba.org\/blog\/wp-content\/uploads\/2020\/10\/F012_Travesia-ante-el-cuidado-254x300.jpeg 254w, http:\/\/www.afaraba.org\/blog\/wp-content\/uploads\/2020\/10\/F012_Travesia-ante-el-cuidado-768x906.jpeg 768w, http:\/\/www.afaraba.org\/blog\/wp-content\/uploads\/2020\/10\/F012_Travesia-ante-el-cuidado-1302x1536.jpeg 1302w, http:\/\/www.afaraba.org\/blog\/wp-content\/uploads\/2020\/10\/F012_Travesia-ante-el-cuidado-1200x1416.jpeg 1200w, http:\/\/www.afaraba.org\/blog\/wp-content\/uploads\/2020\/10\/F012_Travesia-ante-el-cuidado.jpeg 1356w\" sizes=\"(max-width: 208px) 85vw, 208px\" \/><figcaption>\u00abTravesia ante el cuidado\u00bb<br>Autor\/a Y. Barrutia<\/figcaption><\/figure><\/div>\n\n\n\n<div class=\"wp-block-image\"><figure class=\"alignright size-large is-resized\"><img loading=\"lazy\" src=\"http:\/\/www.afaraba.org\/blog\/wp-content\/uploads\/2020\/10\/F011_-Cuidados-y-Covid-614x1024.jpeg\" alt=\"\" class=\"wp-image-430\" width=\"194\" height=\"322\" srcset=\"http:\/\/www.afaraba.org\/blog\/wp-content\/uploads\/2020\/10\/F011_-Cuidados-y-Covid-180x300.jpeg 180w, http:\/\/www.afaraba.org\/blog\/wp-content\/uploads\/2020\/10\/F011_-Cuidados-y-Covid.jpeg 768w\" sizes=\"(max-width: 194px) 85vw, 194px\" \/><figcaption>\u00abCuidados y Covid\u00bb<br>Autor\/a J. Gonz\u00e1lez <\/figcaption><\/figure><\/div>\n\n\n\n<div class=\"wp-block-image\"><figure class=\"alignleft size-large is-resized\"><img loading=\"lazy\" src=\"http:\/\/www.afaraba.org\/blog\/wp-content\/uploads\/2020\/10\/F009_-Tan-lejos-tan-cerca-1024x768.jpg\" alt=\"\" class=\"wp-image-429\" width=\"305\" height=\"229\" srcset=\"http:\/\/www.afaraba.org\/blog\/wp-content\/uploads\/2020\/10\/F009_-Tan-lejos-tan-cerca-1024x768.jpg 1024w, http:\/\/www.afaraba.org\/blog\/wp-content\/uploads\/2020\/10\/F009_-Tan-lejos-tan-cerca-300x225.jpg 300w, http:\/\/www.afaraba.org\/blog\/wp-content\/uploads\/2020\/10\/F009_-Tan-lejos-tan-cerca-768x576.jpg 768w, http:\/\/www.afaraba.org\/blog\/wp-content\/uploads\/2020\/10\/F009_-Tan-lejos-tan-cerca-1536x1152.jpg 1536w, http:\/\/www.afaraba.org\/blog\/wp-content\/uploads\/2020\/10\/F009_-Tan-lejos-tan-cerca-1200x900.jpg 1200w, http:\/\/www.afaraba.org\/blog\/wp-content\/uploads\/2020\/10\/F009_-Tan-lejos-tan-cerca.jpg 2016w\" sizes=\"(max-width: 305px) 85vw, 305px\" \/><figcaption>\u00abTan lejos, tan cerca\u00bb<br>Autor\/a Gaizka<\/figcaption><\/figure><\/div>\n\n\n\n<div class=\"wp-block-image\"><figure class=\"aligncenter size-large is-resized\"><img loading=\"lazy\" src=\"http:\/\/www.afaraba.org\/blog\/wp-content\/uploads\/2020\/10\/F015_Quien-es-quien-1024x768.jpg\" alt=\"\" class=\"wp-image-434\" width=\"334\" height=\"251\" srcset=\"http:\/\/www.afaraba.org\/blog\/wp-content\/uploads\/2020\/10\/F015_Quien-es-quien-1024x768.jpg 1024w, http:\/\/www.afaraba.org\/blog\/wp-content\/uploads\/2020\/10\/F015_Quien-es-quien-300x225.jpg 300w, http:\/\/www.afaraba.org\/blog\/wp-content\/uploads\/2020\/10\/F015_Quien-es-quien-768x576.jpg 768w, http:\/\/www.afaraba.org\/blog\/wp-content\/uploads\/2020\/10\/F015_Quien-es-quien-1536x1152.jpg 1536w, http:\/\/www.afaraba.org\/blog\/wp-content\/uploads\/2020\/10\/F015_Quien-es-quien-2048x1536.jpg 2048w, http:\/\/www.afaraba.org\/blog\/wp-content\/uploads\/2020\/10\/F015_Quien-es-quien-1200x900.jpg 1200w\" sizes=\"(max-width: 334px) 85vw, 334px\" \/><figcaption>\u00abQui\u00e9n es qui\u00e9n\u00bb<br>Autor\/a B. Sobr\u00f3n<\/figcaption><\/figure><\/div>\n\n\n\n<div class=\"wp-block-image\"><figure class=\"aligncenter size-large is-resized\"><img loading=\"lazy\" src=\"http:\/\/www.afaraba.org\/blog\/wp-content\/uploads\/2020\/10\/F008_-El-reflejo-de-los-recuerdos-rotos-unidos-por-amor-1024x778.jpg\" alt=\"\" class=\"wp-image-428\" width=\"353\" height=\"268\" srcset=\"http:\/\/www.afaraba.org\/blog\/wp-content\/uploads\/2020\/10\/F008_-El-reflejo-de-los-recuerdos-rotos-unidos-por-amor-1024x778.jpg 1024w, http:\/\/www.afaraba.org\/blog\/wp-content\/uploads\/2020\/10\/F008_-El-reflejo-de-los-recuerdos-rotos-unidos-por-amor-300x228.jpg 300w, http:\/\/www.afaraba.org\/blog\/wp-content\/uploads\/2020\/10\/F008_-El-reflejo-de-los-recuerdos-rotos-unidos-por-amor-768x583.jpg 768w, http:\/\/www.afaraba.org\/blog\/wp-content\/uploads\/2020\/10\/F008_-El-reflejo-de-los-recuerdos-rotos-unidos-por-amor-1536x1166.jpg 1536w, http:\/\/www.afaraba.org\/blog\/wp-content\/uploads\/2020\/10\/F008_-El-reflejo-de-los-recuerdos-rotos-unidos-por-amor-2048x1555.jpg 2048w, http:\/\/www.afaraba.org\/blog\/wp-content\/uploads\/2020\/10\/F008_-El-reflejo-de-los-recuerdos-rotos-unidos-por-amor-1200x911.jpg 1200w\" sizes=\"(max-width: 353px) 85vw, 353px\" \/><figcaption>\u00abEl reflejo de los recuerdos rotos unidos por amor\u00bb<br>Autor\/a V. Torrecilla<\/figcaption><\/figure><\/div>\n\n\n\n<div class=\"wp-block-image\"><figure class=\"alignleft size-large is-resized\"><img loading=\"lazy\" src=\"http:\/\/www.afaraba.org\/blog\/wp-content\/uploads\/2020\/10\/F004_Agradecimiento-768x1024.jpg\" alt=\"\" class=\"wp-image-431\" width=\"208\" height=\"278\" srcset=\"http:\/\/www.afaraba.org\/blog\/wp-content\/uploads\/2020\/10\/F004_Agradecimiento-768x1024.jpg 768w, http:\/\/www.afaraba.org\/blog\/wp-content\/uploads\/2020\/10\/F004_Agradecimiento-225x300.jpg 225w, http:\/\/www.afaraba.org\/blog\/wp-content\/uploads\/2020\/10\/F004_Agradecimiento-1152x1536.jpg 1152w, http:\/\/www.afaraba.org\/blog\/wp-content\/uploads\/2020\/10\/F004_Agradecimiento-1536x2048.jpg 1536w, http:\/\/www.afaraba.org\/blog\/wp-content\/uploads\/2020\/10\/F004_Agradecimiento-1200x1600.jpg 1200w, http:\/\/www.afaraba.org\/blog\/wp-content\/uploads\/2020\/10\/F004_Agradecimiento-scaled.jpg 1920w\" sizes=\"(max-width: 208px) 85vw, 208px\" \/><figcaption>\u00abAgradecimiento\u00bb<br>Autor\/a M. Conde<\/figcaption><\/figure><\/div>\n\n\n\n<div class=\"wp-block-image\"><figure class=\"alignright size-large is-resized\"><img loading=\"lazy\" src=\"http:\/\/www.afaraba.org\/blog\/wp-content\/uploads\/2020\/10\/F016_Caminando-juntos-en-la-misma-direccion-1024x655.jpg\" alt=\"\" class=\"wp-image-435\" width=\"338\" height=\"215\" srcset=\"http:\/\/www.afaraba.org\/blog\/wp-content\/uploads\/2020\/10\/F016_Caminando-juntos-en-la-misma-direccion-1024x655.jpg 1024w, http:\/\/www.afaraba.org\/blog\/wp-content\/uploads\/2020\/10\/F016_Caminando-juntos-en-la-misma-direccion-300x192.jpg 300w, http:\/\/www.afaraba.org\/blog\/wp-content\/uploads\/2020\/10\/F016_Caminando-juntos-en-la-misma-direccion-1536x983.jpg 1536w, http:\/\/www.afaraba.org\/blog\/wp-content\/uploads\/2020\/10\/F016_Caminando-juntos-en-la-misma-direccion-2048x1311.jpg 2048w, http:\/\/www.afaraba.org\/blog\/wp-content\/uploads\/2020\/10\/F016_Caminando-juntos-en-la-misma-direccion-1200x768.jpg 1200w\" sizes=\"(max-width: 338px) 85vw, 338px\" \/><figcaption>\u00abCaminando juntos en la misma direcci\u00f3n\u00bb<br>Autor\/a A. Gonz\u00e1lez<\/figcaption><\/figure><\/div>\n\n\n\n<div class=\"wp-block-image\"><figure class=\"aligncenter size-large is-resized\"><img loading=\"lazy\" src=\"http:\/\/www.afaraba.org\/blog\/wp-content\/uploads\/2020\/10\/F013_Nota-importante-768x1024.jpg\" alt=\"\" class=\"wp-image-433\" width=\"281\" height=\"373\"\/><figcaption>\u00abNota importante\u00bb<br>Autor\/a B. Sobr\u00f3n<\/figcaption><\/figure><\/div>\n\n\n\n<div class=\"wp-block-image\"><figure class=\"alignright size-large is-resized\"><img loading=\"lazy\" src=\"http:\/\/www.afaraba.org\/blog\/wp-content\/uploads\/2020\/10\/F017-Sin-titulo-768x1024.jpg\" alt=\"\" class=\"wp-image-436\" width=\"213\" height=\"284\" srcset=\"http:\/\/www.afaraba.org\/blog\/wp-content\/uploads\/2020\/10\/F017-Sin-titulo-768x1024.jpg 768w, http:\/\/www.afaraba.org\/blog\/wp-content\/uploads\/2020\/10\/F017-Sin-titulo-225x300.jpg 225w, http:\/\/www.afaraba.org\/blog\/wp-content\/uploads\/2020\/10\/F017-Sin-titulo-1152x1536.jpg 1152w, http:\/\/www.afaraba.org\/blog\/wp-content\/uploads\/2020\/10\/F017-Sin-titulo-1536x2048.jpg 1536w, http:\/\/www.afaraba.org\/blog\/wp-content\/uploads\/2020\/10\/F017-Sin-titulo-1200x1600.jpg 1200w, http:\/\/www.afaraba.org\/blog\/wp-content\/uploads\/2020\/10\/F017-Sin-titulo-scaled.jpg 1920w\" sizes=\"(max-width: 213px) 85vw, 213px\" \/><figcaption>Autor\/a R. Perea<\/figcaption><\/figure><\/div>\n\n\n\n<div class=\"wp-block-image\"><figure class=\"alignleft size-large is-resized\"><img loading=\"lazy\" src=\"http:\/\/www.afaraba.org\/blog\/wp-content\/uploads\/2020\/10\/F018-Sin-titulo-1024x768.jpg\" alt=\"\" class=\"wp-image-437\" width=\"276\" height=\"207\" srcset=\"http:\/\/www.afaraba.org\/blog\/wp-content\/uploads\/2020\/10\/F018-Sin-titulo-1024x768.jpg 1024w, http:\/\/www.afaraba.org\/blog\/wp-content\/uploads\/2020\/10\/F018-Sin-titulo-300x225.jpg 300w, http:\/\/www.afaraba.org\/blog\/wp-content\/uploads\/2020\/10\/F018-Sin-titulo-768x576.jpg 768w, http:\/\/www.afaraba.org\/blog\/wp-content\/uploads\/2020\/10\/F018-Sin-titulo-1536x1152.jpg 1536w, http:\/\/www.afaraba.org\/blog\/wp-content\/uploads\/2020\/10\/F018-Sin-titulo-2048x1536.jpg 2048w, http:\/\/www.afaraba.org\/blog\/wp-content\/uploads\/2020\/10\/F018-Sin-titulo-1200x900.jpg 1200w\" sizes=\"(max-width: 276px) 85vw, 276px\" \/><figcaption>Autor\/a I. Ala\u00f1a<\/figcaption><\/figure><\/div>\n\n\n\n<div class=\"wp-block-image\"><figure class=\"aligncenter size-large is-resized\"><img loading=\"lazy\" src=\"http:\/\/www.afaraba.org\/blog\/wp-content\/uploads\/2020\/10\/F019-Sin-titulo-1024x768.jpg\" alt=\"\" class=\"wp-image-438\" width=\"304\" height=\"228\" srcset=\"http:\/\/www.afaraba.org\/blog\/wp-content\/uploads\/2020\/10\/F019-Sin-titulo-1024x768.jpg 1024w, http:\/\/www.afaraba.org\/blog\/wp-content\/uploads\/2020\/10\/F019-Sin-titulo-300x225.jpg 300w, http:\/\/www.afaraba.org\/blog\/wp-content\/uploads\/2020\/10\/F019-Sin-titulo-768x576.jpg 768w, http:\/\/www.afaraba.org\/blog\/wp-content\/uploads\/2020\/10\/F019-Sin-titulo-1536x1152.jpg 1536w, http:\/\/www.afaraba.org\/blog\/wp-content\/uploads\/2020\/10\/F019-Sin-titulo-2048x1536.jpg 2048w, http:\/\/www.afaraba.org\/blog\/wp-content\/uploads\/2020\/10\/F019-Sin-titulo-1200x900.jpg 1200w\" sizes=\"(max-width: 304px) 85vw, 304px\" \/><figcaption>Autor\/a I. Ala\u00f1a<\/figcaption><\/figure><\/div>\n\n\n\n<div class=\"wp-block-image\"><figure class=\"alignright size-large is-resized\"><img loading=\"lazy\" src=\"http:\/\/www.afaraba.org\/blog\/wp-content\/uploads\/2020\/10\/F021_Y-esta-gente-quienes-son\u2026-1024x847.jpg\" alt=\"\" class=\"wp-image-439\" width=\"271\" height=\"223\" srcset=\"http:\/\/www.afaraba.org\/blog\/wp-content\/uploads\/2020\/10\/F021_Y-esta-gente-quienes-son\u2026-1024x847.jpg 1024w, http:\/\/www.afaraba.org\/blog\/wp-content\/uploads\/2020\/10\/F021_Y-esta-gente-quienes-son\u2026-300x248.jpg 300w, http:\/\/www.afaraba.org\/blog\/wp-content\/uploads\/2020\/10\/F021_Y-esta-gente-quienes-son\u2026-768x635.jpg 768w, http:\/\/www.afaraba.org\/blog\/wp-content\/uploads\/2020\/10\/F021_Y-esta-gente-quienes-son\u2026-1536x1271.jpg 1536w, http:\/\/www.afaraba.org\/blog\/wp-content\/uploads\/2020\/10\/F021_Y-esta-gente-quienes-son\u2026-2048x1694.jpg 2048w, http:\/\/www.afaraba.org\/blog\/wp-content\/uploads\/2020\/10\/F021_Y-esta-gente-quienes-son\u2026-1200x993.jpg 1200w\" sizes=\"(max-width: 271px) 85vw, 271px\" \/><figcaption>\u00abY esta gente, quienes son\u2026\u00bb<br>Autor\/a J.A Morles\u00edn<\/figcaption><\/figure><\/div>\n\n\n\n<figure class=\"wp-block-image size-large is-resized\"><img loading=\"lazy\" src=\"http:\/\/www.afaraba.org\/blog\/wp-content\/uploads\/2020\/10\/F022_Todo-por-un-pu\u00f1ado-de-recuerdos-768x1024.jpg\" alt=\"\" class=\"wp-image-440\" width=\"199\" height=\"265\" srcset=\"http:\/\/www.afaraba.org\/blog\/wp-content\/uploads\/2020\/10\/F022_Todo-por-un-pu\u00f1ado-de-recuerdos-768x1024.jpg 768w, http:\/\/www.afaraba.org\/blog\/wp-content\/uploads\/2020\/10\/F022_Todo-por-un-pu\u00f1ado-de-recuerdos-225x300.jpg 225w, http:\/\/www.afaraba.org\/blog\/wp-content\/uploads\/2020\/10\/F022_Todo-por-un-pu\u00f1ado-de-recuerdos-1152x1536.jpg 1152w, http:\/\/www.afaraba.org\/blog\/wp-content\/uploads\/2020\/10\/F022_Todo-por-un-pu\u00f1ado-de-recuerdos-1536x2048.jpg 1536w, http:\/\/www.afaraba.org\/blog\/wp-content\/uploads\/2020\/10\/F022_Todo-por-un-pu\u00f1ado-de-recuerdos-1200x1600.jpg 1200w, http:\/\/www.afaraba.org\/blog\/wp-content\/uploads\/2020\/10\/F022_Todo-por-un-pu\u00f1ado-de-recuerdos-scaled.jpg 1920w\" sizes=\"(max-width: 199px) 85vw, 199px\" \/><figcaption>\u00abTodo por un pu\u00f1ado de recuerdos\u00bb<br>Autor\/a J.A Morles\u00edn<\/figcaption><\/figure>\n\n\n\n<div class=\"wp-block-image\"><figure class=\"alignleft size-large is-resized\"><img loading=\"lazy\" src=\"http:\/\/www.afaraba.org\/blog\/wp-content\/uploads\/2020\/10\/F023_Cuando-la-mente-arrolla-1024x768.jpg\" alt=\"\" class=\"wp-image-441\" width=\"310\" height=\"233\" srcset=\"http:\/\/www.afaraba.org\/blog\/wp-content\/uploads\/2020\/10\/F023_Cuando-la-mente-arrolla-1024x768.jpg 1024w, http:\/\/www.afaraba.org\/blog\/wp-content\/uploads\/2020\/10\/F023_Cuando-la-mente-arrolla-300x225.jpg 300w, http:\/\/www.afaraba.org\/blog\/wp-content\/uploads\/2020\/10\/F023_Cuando-la-mente-arrolla-768x576.jpg 768w, http:\/\/www.afaraba.org\/blog\/wp-content\/uploads\/2020\/10\/F023_Cuando-la-mente-arrolla-1536x1152.jpg 1536w, http:\/\/www.afaraba.org\/blog\/wp-content\/uploads\/2020\/10\/F023_Cuando-la-mente-arrolla-2048x1536.jpg 2048w, http:\/\/www.afaraba.org\/blog\/wp-content\/uploads\/2020\/10\/F023_Cuando-la-mente-arrolla-1200x900.jpg 1200w\" sizes=\"(max-width: 310px) 85vw, 310px\" \/><figcaption>\u00abCuando la mente arrolla\u00bb<br>Autor\/a J. A Morles\u00edn<\/figcaption><\/figure><\/div>\n\n\n\n<div class=\"wp-block-image\"><figure class=\"alignright size-large is-resized\"><img loading=\"lazy\" src=\"http:\/\/www.afaraba.org\/blog\/wp-content\/uploads\/2020\/10\/F024_La-importancia-del-cuidar.-El-acompa\u00f1ar-es-muy-necesario-619x1024.jpg\" alt=\"\" class=\"wp-image-442\" width=\"193\" height=\"319\" srcset=\"http:\/\/www.afaraba.org\/blog\/wp-content\/uploads\/2020\/10\/F024_La-importancia-del-cuidar.-El-acompa\u00f1ar-es-muy-necesario-619x1024.jpg 619w, http:\/\/www.afaraba.org\/blog\/wp-content\/uploads\/2020\/10\/F024_La-importancia-del-cuidar.-El-acompa\u00f1ar-es-muy-necesario-181x300.jpg 181w, http:\/\/www.afaraba.org\/blog\/wp-content\/uploads\/2020\/10\/F024_La-importancia-del-cuidar.-El-acompa\u00f1ar-es-muy-necesario-768x1270.jpg 768w, http:\/\/www.afaraba.org\/blog\/wp-content\/uploads\/2020\/10\/F024_La-importancia-del-cuidar.-El-acompa\u00f1ar-es-muy-necesario.jpg 862w\" sizes=\"(max-width: 193px) 85vw, 193px\" \/><figcaption>\u00abLa importancia del cuidar. El acompa\u00f1ar es muy necesario\u00bb<br>Autor\/a M. Alonso<\/figcaption><\/figure><\/div>\n\n\n\n<div class=\"wp-block-image\"><figure class=\"aligncenter size-large is-resized\"><img loading=\"lazy\" src=\"http:\/\/www.afaraba.org\/blog\/wp-content\/uploads\/2020\/10\/F025_Soledad-786x1024.jpg\" alt=\"\" class=\"wp-image-443\" width=\"256\" height=\"332\"\/><figcaption>\u00abSoledad\u00bb<br>Autor\/a M. Alonso<\/figcaption><\/figure><\/div>\n\n\n\n<div class=\"wp-block-image\"><figure class=\"aligncenter size-large is-resized\"><img loading=\"lazy\" src=\"http:\/\/www.afaraba.org\/blog\/wp-content\/uploads\/2020\/10\/F026_Demos-luz-a-los-recuerdos-olvidados-1024x769.jpg\" alt=\"\" class=\"wp-image-444\" width=\"357\" height=\"268\" srcset=\"http:\/\/www.afaraba.org\/blog\/wp-content\/uploads\/2020\/10\/F026_Demos-luz-a-los-recuerdos-olvidados-1024x769.jpg 1024w, http:\/\/www.afaraba.org\/blog\/wp-content\/uploads\/2020\/10\/F026_Demos-luz-a-los-recuerdos-olvidados-300x225.jpg 300w, http:\/\/www.afaraba.org\/blog\/wp-content\/uploads\/2020\/10\/F026_Demos-luz-a-los-recuerdos-olvidados-768x577.jpg 768w, http:\/\/www.afaraba.org\/blog\/wp-content\/uploads\/2020\/10\/F026_Demos-luz-a-los-recuerdos-olvidados-1536x1153.jpg 1536w, http:\/\/www.afaraba.org\/blog\/wp-content\/uploads\/2020\/10\/F026_Demos-luz-a-los-recuerdos-olvidados-2048x1538.jpg 2048w, http:\/\/www.afaraba.org\/blog\/wp-content\/uploads\/2020\/10\/F026_Demos-luz-a-los-recuerdos-olvidados-1200x901.jpg 1200w\" sizes=\"(max-width: 357px) 85vw, 357px\" \/><figcaption>\u00abDemos luz a los recuerdos olvidados\u00bb<br>Autor\/a V. Torrecilla<\/figcaption><\/figure><\/div>\n\n\n\n<div class=\"wp-block-image\"><figure class=\"alignleft size-large is-resized\"><img loading=\"lazy\" src=\"http:\/\/www.afaraba.org\/blog\/wp-content\/uploads\/2020\/10\/F027_Sin-titulo-990x1024.jpg\" alt=\"\" class=\"wp-image-445\" width=\"163\" height=\"169\" srcset=\"http:\/\/www.afaraba.org\/blog\/wp-content\/uploads\/2020\/10\/F027_Sin-titulo-990x1024.jpg 990w, http:\/\/www.afaraba.org\/blog\/wp-content\/uploads\/2020\/10\/F027_Sin-titulo-290x300.jpg 290w, http:\/\/www.afaraba.org\/blog\/wp-content\/uploads\/2020\/10\/F027_Sin-titulo-768x795.jpg 768w, http:\/\/www.afaraba.org\/blog\/wp-content\/uploads\/2020\/10\/F027_Sin-titulo-1485x1536.jpg 1485w, http:\/\/www.afaraba.org\/blog\/wp-content\/uploads\/2020\/10\/F027_Sin-titulo-1200x1241.jpg 1200w, http:\/\/www.afaraba.org\/blog\/wp-content\/uploads\/2020\/10\/F027_Sin-titulo.jpg 1562w\" sizes=\"(max-width: 163px) 85vw, 163px\" \/><figcaption>Autor\/a A. Ruiz de Gordoa<\/figcaption><\/figure><\/div>\n\n\n\n<div class=\"wp-block-image\"><figure class=\"alignright size-large is-resized\"><img loading=\"lazy\" src=\"http:\/\/www.afaraba.org\/blog\/wp-content\/uploads\/2020\/10\/F028_Sin-titulo-1024x768.jpg\" alt=\"\" class=\"wp-image-446\" width=\"267\" height=\"200\" srcset=\"http:\/\/www.afaraba.org\/blog\/wp-content\/uploads\/2020\/10\/F028_Sin-titulo-1024x768.jpg 1024w, http:\/\/www.afaraba.org\/blog\/wp-content\/uploads\/2020\/10\/F028_Sin-titulo-300x225.jpg 300w, http:\/\/www.afaraba.org\/blog\/wp-content\/uploads\/2020\/10\/F028_Sin-titulo-768x576.jpg 768w, http:\/\/www.afaraba.org\/blog\/wp-content\/uploads\/2020\/10\/F028_Sin-titulo-1536x1152.jpg 1536w, http:\/\/www.afaraba.org\/blog\/wp-content\/uploads\/2020\/10\/F028_Sin-titulo-2048x1536.jpg 2048w, http:\/\/www.afaraba.org\/blog\/wp-content\/uploads\/2020\/10\/F028_Sin-titulo-1200x900.jpg 1200w\" sizes=\"(max-width: 267px) 85vw, 267px\" \/><figcaption> <em>Autor\/a A. Ruiz de Gordoa<\/em> <\/figcaption><\/figure><\/div>\n\n\n\n<div class=\"wp-block-image\"><figure class=\"aligncenter size-large is-resized\"><img loading=\"lazy\" src=\"http:\/\/www.afaraba.org\/blog\/wp-content\/uploads\/2020\/10\/F029_-Sin-titulo-1024x647.jpg\" alt=\"\" class=\"wp-image-447\" width=\"288\" height=\"182\" srcset=\"http:\/\/www.afaraba.org\/blog\/wp-content\/uploads\/2020\/10\/F029_-Sin-titulo-1024x647.jpg 1024w, http:\/\/www.afaraba.org\/blog\/wp-content\/uploads\/2020\/10\/F029_-Sin-titulo-300x190.jpg 300w, http:\/\/www.afaraba.org\/blog\/wp-content\/uploads\/2020\/10\/F029_-Sin-titulo-768x486.jpg 768w, http:\/\/www.afaraba.org\/blog\/wp-content\/uploads\/2020\/10\/F029_-Sin-titulo-1536x971.jpg 1536w, http:\/\/www.afaraba.org\/blog\/wp-content\/uploads\/2020\/10\/F029_-Sin-titulo-2048x1295.jpg 2048w, http:\/\/www.afaraba.org\/blog\/wp-content\/uploads\/2020\/10\/F029_-Sin-titulo-1200x759.jpg 1200w\" sizes=\"(max-width: 288px) 85vw, 288px\" \/><figcaption> <em>Autor\/a A. Ruiz de Gordoa<\/em> <\/figcaption><\/figure><\/div>\n\n\n\n<div class=\"wp-block-image\"><figure class=\"aligncenter size-large is-resized\"><img loading=\"lazy\" src=\"http:\/\/www.afaraba.org\/blog\/wp-content\/uploads\/2020\/10\/F035_Compa\u00f1eros-en-el-viaje-de-la-vida-1024x768.jpeg\" alt=\"\" class=\"wp-image-453\" width=\"340\" height=\"257\"\/><figcaption> <em>\u00abCompa\u00f1eros en el viaje de la vida\u00bb<\/em><br><em>Autor\/a M. Garc\u00eda<\/em> <\/figcaption><\/figure><\/div>\n\n\n\n<div class=\"wp-block-image\"><figure class=\"alignright size-large is-resized\"><img loading=\"lazy\" src=\"http:\/\/www.afaraba.org\/blog\/wp-content\/uploads\/2020\/10\/F030-_Sin-titulo-1024x919.jpeg\" alt=\"\" class=\"wp-image-448\" width=\"306\" height=\"274\" srcset=\"http:\/\/www.afaraba.org\/blog\/wp-content\/uploads\/2020\/10\/F030-_Sin-titulo-1024x919.jpeg 1024w, http:\/\/www.afaraba.org\/blog\/wp-content\/uploads\/2020\/10\/F030-_Sin-titulo-300x269.jpeg 300w, http:\/\/www.afaraba.org\/blog\/wp-content\/uploads\/2020\/10\/F030-_Sin-titulo-768x689.jpeg 768w, http:\/\/www.afaraba.org\/blog\/wp-content\/uploads\/2020\/10\/F030-_Sin-titulo-1536x1378.jpeg 1536w, http:\/\/www.afaraba.org\/blog\/wp-content\/uploads\/2020\/10\/F030-_Sin-titulo-2048x1837.jpeg 2048w, http:\/\/www.afaraba.org\/blog\/wp-content\/uploads\/2020\/10\/F030-_Sin-titulo-1200x1077.jpeg 1200w\" sizes=\"(max-width: 306px) 85vw, 306px\" \/><figcaption> <em>Autor\/a <\/em>L. Celorrio<\/figcaption><\/figure><\/div>\n\n\n\n<div class=\"wp-block-image\"><figure class=\"alignleft size-large is-resized\"><img loading=\"lazy\" src=\"http:\/\/www.afaraba.org\/blog\/wp-content\/uploads\/2020\/10\/F031-_Sin-titulo-1024x831.jpeg\" alt=\"\" class=\"wp-image-449\" width=\"219\" height=\"177\" srcset=\"http:\/\/www.afaraba.org\/blog\/wp-content\/uploads\/2020\/10\/F031-_Sin-titulo-1024x831.jpeg 1024w, http:\/\/www.afaraba.org\/blog\/wp-content\/uploads\/2020\/10\/F031-_Sin-titulo-300x244.jpeg 300w, http:\/\/www.afaraba.org\/blog\/wp-content\/uploads\/2020\/10\/F031-_Sin-titulo-768x624.jpeg 768w, http:\/\/www.afaraba.org\/blog\/wp-content\/uploads\/2020\/10\/F031-_Sin-titulo-1536x1247.jpeg 1536w, http:\/\/www.afaraba.org\/blog\/wp-content\/uploads\/2020\/10\/F031-_Sin-titulo-2048x1663.jpeg 2048w, http:\/\/www.afaraba.org\/blog\/wp-content\/uploads\/2020\/10\/F031-_Sin-titulo-1200x974.jpeg 1200w\" sizes=\"(max-width: 219px) 85vw, 219px\" \/><figcaption> <em>Autor\/a L. Celorrio<\/em> <\/figcaption><\/figure><\/div>\n\n\n\n<div class=\"wp-block-image\"><figure class=\"aligncenter size-large is-resized\"><img loading=\"lazy\" src=\"http:\/\/www.afaraba.org\/blog\/wp-content\/uploads\/2020\/10\/F032_Sin-titulo-768x1024.jpeg\" alt=\"\" class=\"wp-image-450\" width=\"267\" height=\"356\" srcset=\"http:\/\/www.afaraba.org\/blog\/wp-content\/uploads\/2020\/10\/F032_Sin-titulo-768x1024.jpeg 768w, http:\/\/www.afaraba.org\/blog\/wp-content\/uploads\/2020\/10\/F032_Sin-titulo-225x300.jpeg 225w, http:\/\/www.afaraba.org\/blog\/wp-content\/uploads\/2020\/10\/F032_Sin-titulo-1152x1536.jpeg 1152w, http:\/\/www.afaraba.org\/blog\/wp-content\/uploads\/2020\/10\/F032_Sin-titulo-1536x2048.jpeg 1536w, http:\/\/www.afaraba.org\/blog\/wp-content\/uploads\/2020\/10\/F032_Sin-titulo-1200x1600.jpeg 1200w, http:\/\/www.afaraba.org\/blog\/wp-content\/uploads\/2020\/10\/F032_Sin-titulo-scaled.jpeg 1920w\" sizes=\"(max-width: 267px) 85vw, 267px\" \/><figcaption> <em>Autor\/a L. Celorrio<\/em> <\/figcaption><\/figure><\/div>\n\n\n\n<div class=\"wp-block-image\"><figure class=\"alignleft size-large is-resized\"><img loading=\"lazy\" src=\"http:\/\/www.afaraba.org\/blog\/wp-content\/uploads\/2020\/10\/F033_Compa\u00f1eros-en-el-viaje-de-la-vida-768x1024.jpeg\" alt=\"\" class=\"wp-image-451\" width=\"231\" height=\"308\" srcset=\"http:\/\/www.afaraba.org\/blog\/wp-content\/uploads\/2020\/10\/F033_Compa\u00f1eros-en-el-viaje-de-la-vida-768x1024.jpeg 768w, http:\/\/www.afaraba.org\/blog\/wp-content\/uploads\/2020\/10\/F033_Compa\u00f1eros-en-el-viaje-de-la-vida-225x300.jpeg 225w, http:\/\/www.afaraba.org\/blog\/wp-content\/uploads\/2020\/10\/F033_Compa\u00f1eros-en-el-viaje-de-la-vida-1152x1536.jpeg 1152w, http:\/\/www.afaraba.org\/blog\/wp-content\/uploads\/2020\/10\/F033_Compa\u00f1eros-en-el-viaje-de-la-vida-1536x2048.jpeg 1536w, http:\/\/www.afaraba.org\/blog\/wp-content\/uploads\/2020\/10\/F033_Compa\u00f1eros-en-el-viaje-de-la-vida-1200x1600.jpeg 1200w, http:\/\/www.afaraba.org\/blog\/wp-content\/uploads\/2020\/10\/F033_Compa\u00f1eros-en-el-viaje-de-la-vida-scaled.jpeg 1920w\" sizes=\"(max-width: 231px) 85vw, 231px\" \/><figcaption>\u00abCompa\u00f1eros en el viaje de la vida\u00bb<br>Autor\/a M. Garc\u00eda<\/figcaption><\/figure><\/div>\n\n\n\n<div class=\"wp-block-image\"><figure class=\"alignright size-large is-resized\"><img loading=\"lazy\" src=\"http:\/\/www.afaraba.org\/blog\/wp-content\/uploads\/2020\/10\/F034_Compa\u00f1eros-en-el-viaje-de-la-vida-1024x768.jpeg\" alt=\"\" class=\"wp-image-452\" width=\"249\" height=\"187\" srcset=\"http:\/\/www.afaraba.org\/blog\/wp-content\/uploads\/2020\/10\/F034_Compa\u00f1eros-en-el-viaje-de-la-vida-1024x768.jpeg 1024w, http:\/\/www.afaraba.org\/blog\/wp-content\/uploads\/2020\/10\/F034_Compa\u00f1eros-en-el-viaje-de-la-vida-300x225.jpeg 300w, http:\/\/www.afaraba.org\/blog\/wp-content\/uploads\/2020\/10\/F034_Compa\u00f1eros-en-el-viaje-de-la-vida-768x576.jpeg 768w, http:\/\/www.afaraba.org\/blog\/wp-content\/uploads\/2020\/10\/F034_Compa\u00f1eros-en-el-viaje-de-la-vida-1536x1152.jpeg 1536w, http:\/\/www.afaraba.org\/blog\/wp-content\/uploads\/2020\/10\/F034_Compa\u00f1eros-en-el-viaje-de-la-vida-2048x1536.jpeg 2048w, http:\/\/www.afaraba.org\/blog\/wp-content\/uploads\/2020\/10\/F034_Compa\u00f1eros-en-el-viaje-de-la-vida-1200x900.jpeg 1200w\" sizes=\"(max-width: 249px) 85vw, 249px\" \/><figcaption> <em>\u00abCompa\u00f1eros en el viaje de la vida\u00bb<\/em><br><em>Autor\/a M. Garc\u00eda<\/em> <\/figcaption><\/figure><\/div>\n","protected":false},"excerpt":{"rendered":"<p>A continuaci\u00f3n os presentamos a los ganadores y a todas las fotograf\u00edas que participaron el pasado 21 de Septiembre de 2020 con motivo del D\u00eda Mundial del Alzheimer en el Marat\u00f3n Fotogr\u00e1fico \u00abNuestra Mirada\u00bb Muchas gracias a todos por participar<\/p>\n","protected":false},"author":1,"featured_media":0,"comment_status":"open","ping_status":"open","sticky":false,"template":"","format":"standard","meta":{"om_disable_all_campaigns":false,"_monsterinsights_skip_tracking":false,"_monsterinsights_sitenote_active":false,"_monsterinsights_sitenote_note":"","_monsterinsights_sitenote_category":0,"_uf_show_specific_survey":0,"_uf_disable_surveys":false},"categories":[172],"tags":[8,176,177,178,76],"aioseo_notices":[],"yoast_head":"<!-- This site is optimized with the Yoast SEO plugin v20.4 - https:\/\/yoast.com\/wordpress\/plugins\/seo\/ -->\n<title>MARAT\u00d3N FOTOGR\u00c1FICO - AFARABA<\/title>\n<meta name=\"robots\" content=\"index, follow, max-snippet:-1, max-image-preview:large, max-video-preview:-1\" \/>\n<link rel=\"canonical\" href=\"http:\/\/www.afaraba.org\/blog\/index.php\/2020\/10\/07\/maraton-fotografico\/\" \/>\n<meta property=\"og:locale\" content=\"es_ES\" \/>\n<meta property=\"og:type\" content=\"article\" \/>\n<meta property=\"og:title\" content=\"MARAT\u00d3N FOTOGR\u00c1FICO - AFARABA\" \/>\n<meta property=\"og:description\" content=\"A continuaci\u00f3n os presentamos a los ganadores y a todas las fotograf\u00edas que participaron el pasado 21 de Septiembre de 2020 con motivo del D\u00eda Mundial del Alzheimer en el Marat\u00f3n Fotogr\u00e1fico \u00abNuestra Mirada\u00bb Muchas gracias a todos por participar\" \/>\n<meta property=\"og:url\" content=\"http:\/\/www.afaraba.org\/blog\/index.php\/2020\/10\/07\/maraton-fotografico\/\" \/>\n<meta property=\"og:site_name\" content=\"AFARABA\" \/>\n<meta property=\"article:published_time\" content=\"2020-10-07T10:26:09+00:00\" \/>\n<meta property=\"article:modified_time\" content=\"2020-11-11T14:46:12+00:00\" \/>\n<meta property=\"og:image\" content=\"http:\/\/www.afaraba.org\/blog\/wp-content\/uploads\/2020\/10\/1-F010_Con-tu-cuidado-perduran-sus-recuerdos-1024x768.jpg\" \/>\n<meta name=\"author\" content=\"admin\" \/>\n<meta name=\"twitter:card\" content=\"summary_large_image\" \/>\n<meta name=\"twitter:label1\" content=\"Escrito por\" \/>\n\t<meta name=\"twitter:data1\" content=\"admin\" \/>\n\t<meta name=\"twitter:label2\" content=\"Tiempo de lectura\" \/>\n\t<meta name=\"twitter:data2\" content=\"2 minutos\" \/>\n<script type=\"application\/ld+json\" class=\"yoast-schema-graph\">{\"@context\":\"https:\/\/schema.org\",\"@graph\":[{\"@type\":\"Article\",\"@id\":\"http:\/\/www.afaraba.org\/blog\/index.php\/2020\/10\/07\/maraton-fotografico\/#article\",\"isPartOf\":{\"@id\":\"http:\/\/www.afaraba.org\/blog\/index.php\/2020\/10\/07\/maraton-fotografico\/\"},\"author\":{\"name\":\"admin\",\"@id\":\"https:\/\/www.afaraba.org\/blog\/#\/schema\/person\/4a0ab48b67420072f420109f30843c71\"},\"headline\":\"MARAT\u00d3N FOTOGR\u00c1FICO\",\"datePublished\":\"2020-10-07T10:26:09+00:00\",\"dateModified\":\"2020-11-11T14:46:12+00:00\",\"mainEntityOfPage\":{\"@id\":\"http:\/\/www.afaraba.org\/blog\/index.php\/2020\/10\/07\/maraton-fotografico\/\"},\"wordCount\":330,\"commentCount\":0,\"publisher\":{\"@id\":\"https:\/\/www.afaraba.org\/blog\/#organization\"},\"keywords\":[\"afaraba\",\"MARATON FOTOGRAFICO\",\"NUESTRA MIRADA\",\"PREMIADOS\",\"solidarios\"],\"articleSection\":[\"DIA MUNDIAL\"],\"inLanguage\":\"es\",\"potentialAction\":[{\"@type\":\"CommentAction\",\"name\":\"Comment\",\"target\":[\"http:\/\/www.afaraba.org\/blog\/index.php\/2020\/10\/07\/maraton-fotografico\/#respond\"]}]},{\"@type\":\"WebPage\",\"@id\":\"http:\/\/www.afaraba.org\/blog\/index.php\/2020\/10\/07\/maraton-fotografico\/\",\"url\":\"http:\/\/www.afaraba.org\/blog\/index.php\/2020\/10\/07\/maraton-fotografico\/\",\"name\":\"MARAT\u00d3N FOTOGR\u00c1FICO - AFARABA\",\"isPartOf\":{\"@id\":\"https:\/\/www.afaraba.org\/blog\/#website\"},\"datePublished\":\"2020-10-07T10:26:09+00:00\",\"dateModified\":\"2020-11-11T14:46:12+00:00\",\"breadcrumb\":{\"@id\":\"http:\/\/www.afaraba.org\/blog\/index.php\/2020\/10\/07\/maraton-fotografico\/#breadcrumb\"},\"inLanguage\":\"es\",\"potentialAction\":[{\"@type\":\"ReadAction\",\"target\":[\"http:\/\/www.afaraba.org\/blog\/index.php\/2020\/10\/07\/maraton-fotografico\/\"]}]},{\"@type\":\"BreadcrumbList\",\"@id\":\"http:\/\/www.afaraba.org\/blog\/index.php\/2020\/10\/07\/maraton-fotografico\/#breadcrumb\",\"itemListElement\":[{\"@type\":\"ListItem\",\"position\":1,\"name\":\"Portada\",\"item\":\"https:\/\/www.afaraba.org\/blog\/\"},{\"@type\":\"ListItem\",\"position\":2,\"name\":\"MARAT\u00d3N FOTOGR\u00c1FICO\"}]},{\"@type\":\"WebSite\",\"@id\":\"https:\/\/www.afaraba.org\/blog\/#website\",\"url\":\"https:\/\/www.afaraba.org\/blog\/\",\"name\":\"AFARABA\",\"description\":\"BLOG AFARABA\",\"publisher\":{\"@id\":\"https:\/\/www.afaraba.org\/blog\/#organization\"},\"potentialAction\":[{\"@type\":\"SearchAction\",\"target\":{\"@type\":\"EntryPoint\",\"urlTemplate\":\"https:\/\/www.afaraba.org\/blog\/?s={search_term_string}\"},\"query-input\":\"required name=search_term_string\"}],\"inLanguage\":\"es\"},{\"@type\":\"Organization\",\"@id\":\"https:\/\/www.afaraba.org\/blog\/#organization\",\"name\":\"AFARABA\",\"url\":\"https:\/\/www.afaraba.org\/blog\/\",\"logo\":{\"@type\":\"ImageObject\",\"inLanguage\":\"es\",\"@id\":\"https:\/\/www.afaraba.org\/blog\/#\/schema\/logo\/image\/\",\"url\":\"http:\/\/www.afaraba.org\/blog\/wp-content\/uploads\/2020\/11\/cropped-AFA_HC-BLOG2.jpg\",\"contentUrl\":\"http:\/\/www.afaraba.org\/blog\/wp-content\/uploads\/2020\/11\/cropped-AFA_HC-BLOG2.jpg\",\"width\":240,\"height\":89,\"caption\":\"AFARABA\"},\"image\":{\"@id\":\"https:\/\/www.afaraba.org\/blog\/#\/schema\/logo\/image\/\"}},{\"@type\":\"Person\",\"@id\":\"https:\/\/www.afaraba.org\/blog\/#\/schema\/person\/4a0ab48b67420072f420109f30843c71\",\"name\":\"admin\",\"image\":{\"@type\":\"ImageObject\",\"inLanguage\":\"es\",\"@id\":\"https:\/\/www.afaraba.org\/blog\/#\/schema\/person\/image\/\",\"url\":\"http:\/\/0.gravatar.com\/avatar\/c2318eff2fb6ce04ef6dca732184cc5b?s=96&d=mm&r=g\",\"contentUrl\":\"http:\/\/0.gravatar.com\/avatar\/c2318eff2fb6ce04ef6dca732184cc5b?s=96&d=mm&r=g\",\"caption\":\"admin\"},\"url\":\"http:\/\/www.afaraba.org\/blog\/index.php\/author\/admin\/\"}]}<\/script>\n<!-- \/ Yoast SEO plugin. -->","yoast_head_json":{"title":"MARAT\u00d3N FOTOGR\u00c1FICO - AFARABA","robots":{"index":"index","follow":"follow","max-snippet":"max-snippet:-1","max-image-preview":"max-image-preview:large","max-video-preview":"max-video-preview:-1"},"canonical":"http:\/\/www.afaraba.org\/blog\/index.php\/2020\/10\/07\/maraton-fotografico\/","og_locale":"es_ES","og_type":"article","og_title":"MARAT\u00d3N FOTOGR\u00c1FICO - AFARABA","og_description":"A continuaci\u00f3n os presentamos a los ganadores y a todas las fotograf\u00edas que participaron el pasado 21 de Septiembre de 2020 con motivo del D\u00eda Mundial del Alzheimer en el Marat\u00f3n Fotogr\u00e1fico \u00abNuestra Mirada\u00bb Muchas gracias a todos por participar","og_url":"http:\/\/www.afaraba.org\/blog\/index.php\/2020\/10\/07\/maraton-fotografico\/","og_site_name":"AFARABA","article_published_time":"2020-10-07T10:26:09+00:00","article_modified_time":"2020-11-11T14:46:12+00:00","og_image":[{"url":"http:\/\/www.afaraba.org\/blog\/wp-content\/uploads\/2020\/10\/1-F010_Con-tu-cuidado-perduran-sus-recuerdos-1024x768.jpg"}],"author":"admin","twitter_card":"summary_large_image","twitter_misc":{"Escrito por":"admin","Tiempo de lectura":"2 minutos"},"schema":{"@context":"https:\/\/schema.org","@graph":[{"@type":"Article","@id":"http:\/\/www.afaraba.org\/blog\/index.php\/2020\/10\/07\/maraton-fotografico\/#article","isPartOf":{"@id":"http:\/\/www.afaraba.org\/blog\/index.php\/2020\/10\/07\/maraton-fotografico\/"},"author":{"name":"admin","@id":"https:\/\/www.afaraba.org\/blog\/#\/schema\/person\/4a0ab48b67420072f420109f30843c71"},"headline":"MARAT\u00d3N FOTOGR\u00c1FICO","datePublished":"2020-10-07T10:26:09+00:00","dateModified":"2020-11-11T14:46:12+00:00","mainEntityOfPage":{"@id":"http:\/\/www.afaraba.org\/blog\/index.php\/2020\/10\/07\/maraton-fotografico\/"},"wordCount":330,"commentCount":0,"publisher":{"@id":"https:\/\/www.afaraba.org\/blog\/#organization"},"keywords":["afaraba","MARATON FOTOGRAFICO","NUESTRA MIRADA","PREMIADOS","solidarios"],"articleSection":["DIA MUNDIAL"],"inLanguage":"es","potentialAction":[{"@type":"CommentAction","name":"Comment","target":["http:\/\/www.afaraba.org\/blog\/index.php\/2020\/10\/07\/maraton-fotografico\/#respond"]}]},{"@type":"WebPage","@id":"http:\/\/www.afaraba.org\/blog\/index.php\/2020\/10\/07\/maraton-fotografico\/","url":"http:\/\/www.afaraba.org\/blog\/index.php\/2020\/10\/07\/maraton-fotografico\/","name":"MARAT\u00d3N FOTOGR\u00c1FICO - AFARABA","isPartOf":{"@id":"https:\/\/www.afaraba.org\/blog\/#website"},"datePublished":"2020-10-07T10:26:09+00:00","dateModified":"2020-11-11T14:46:12+00:00","breadcrumb":{"@id":"http:\/\/www.afaraba.org\/blog\/index.php\/2020\/10\/07\/maraton-fotografico\/#breadcrumb"},"inLanguage":"es","potentialAction":[{"@type":"ReadAction","target":["http:\/\/www.afaraba.org\/blog\/index.php\/2020\/10\/07\/maraton-fotografico\/"]}]},{"@type":"BreadcrumbList","@id":"http:\/\/www.afaraba.org\/blog\/index.php\/2020\/10\/07\/maraton-fotografico\/#breadcrumb","itemListElement":[{"@type":"ListItem","position":1,"name":"Portada","item":"https:\/\/www.afaraba.org\/blog\/"},{"@type":"ListItem","position":2,"name":"MARAT\u00d3N FOTOGR\u00c1FICO"}]},{"@type":"WebSite","@id":"https:\/\/www.afaraba.org\/blog\/#website","url":"https:\/\/www.afaraba.org\/blog\/","name":"AFARABA","description":"BLOG AFARABA","publisher":{"@id":"https:\/\/www.afaraba.org\/blog\/#organization"},"potentialAction":[{"@type":"SearchAction","target":{"@type":"EntryPoint","urlTemplate":"https:\/\/www.afaraba.org\/blog\/?s={search_term_string}"},"query-input":"required name=search_term_string"}],"inLanguage":"es"},{"@type":"Organization","@id":"https:\/\/www.afaraba.org\/blog\/#organization","name":"AFARABA","url":"https:\/\/www.afaraba.org\/blog\/","logo":{"@type":"ImageObject","inLanguage":"es","@id":"https:\/\/www.afaraba.org\/blog\/#\/schema\/logo\/image\/","url":"http:\/\/www.afaraba.org\/blog\/wp-content\/uploads\/2020\/11\/cropped-AFA_HC-BLOG2.jpg","contentUrl":"http:\/\/www.afaraba.org\/blog\/wp-content\/uploads\/2020\/11\/cropped-AFA_HC-BLOG2.jpg","width":240,"height":89,"caption":"AFARABA"},"image":{"@id":"https:\/\/www.afaraba.org\/blog\/#\/schema\/logo\/image\/"}},{"@type":"Person","@id":"https:\/\/www.afaraba.org\/blog\/#\/schema\/person\/4a0ab48b67420072f420109f30843c71","name":"admin","image":{"@type":"ImageObject","inLanguage":"es","@id":"https:\/\/www.afaraba.org\/blog\/#\/schema\/person\/image\/","url":"http:\/\/0.gravatar.com\/avatar\/c2318eff2fb6ce04ef6dca732184cc5b?s=96&d=mm&r=g","contentUrl":"http:\/\/0.gravatar.com\/avatar\/c2318eff2fb6ce04ef6dca732184cc5b?s=96&d=mm&r=g","caption":"admin"},"url":"http:\/\/www.afaraba.org\/blog\/index.php\/author\/admin\/"}]}},"_links":{"self":[{"href":"http:\/\/www.afaraba.org\/blog\/index.php\/wp-json\/wp\/v2\/posts\/416"}],"collection":[{"href":"http:\/\/www.afaraba.org\/blog\/index.php\/wp-json\/wp\/v2\/posts"}],"about":[{"href":"http:\/\/www.afaraba.org\/blog\/index.php\/wp-json\/wp\/v2\/types\/post"}],"author":[{"embeddable":true,"href":"http:\/\/www.afaraba.org\/blog\/index.php\/wp-json\/wp\/v2\/users\/1"}],"replies":[{"embeddable":true,"href":"http:\/\/www.afaraba.org\/blog\/index.php\/wp-json\/wp\/v2\/comments?post=416"}],"version-history":[{"count":41,"href":"http:\/\/www.afaraba.org\/blog\/index.php\/wp-json\/wp\/v2\/posts\/416\/revisions"}],"predecessor-version":[{"id":494,"href":"http:\/\/www.afaraba.org\/blog\/index.php\/wp-json\/wp\/v2\/posts\/416\/revisions\/494"}],"wp:attachment":[{"href":"http:\/\/www.afaraba.org\/blog\/index.php\/wp-json\/wp\/v2\/media?parent=416"}],"wp:term":[{"taxonomy":"category","embeddable":true,"href":"http:\/\/www.afaraba.org\/blog\/index.php\/wp-json\/wp\/v2\/categories?post=416"},{"taxonomy":"post_tag","embeddable":true,"href":"http:\/\/www.afaraba.org\/blog\/index.php\/wp-json\/wp\/v2\/tags?post=416"}],"curies":[{"name":"wp","href":"https:\/\/api.w.org\/{rel}","templated":true}]}}