{"id":495,"date":"2020-09-22T06:22:00","date_gmt":"2020-09-22T05:22:00","guid":{"rendered":"http:\/\/www.afaraba.org\/blog\/?p=495"},"modified":"2020-11-11T15:46:31","modified_gmt":"2020-11-11T14:46:31","slug":"21-de-septiembre-jornada-dia-mundial-de-la-enfermedad-de-alzheimer","status":"publish","type":"post","link":"http:\/\/www.afaraba.org\/blog\/index.php\/2020\/09\/22\/21-de-septiembre-jornada-dia-mundial-de-la-enfermedad-de-alzheimer\/","title":{"rendered":"21 DE SEPTIEMBRE JORNADA D\u00cdA MUNDIAL DE LA ENFERMEDAD DE ALZHEIMER"},"content":{"rendered":"\n<p>Como todos\nsab\u00e9is este a\u00f1o organizamos una mesa redonda v\u00eda telem\u00e1tica para abordar el\ntema \u201c\u00bfReconocemos la labor de las personas cuidadoras?\u201d en la que participaron\nLourdes Bermejo, consultora, formadora y Vicepresidenta de Gerontolog\u00eda en la\nSociedad Espa\u00f1ola de Geriatr\u00eda y Gerontolog\u00eda, Isabel Echevarr\u00eda, Subdirectora\ndel \u00c1rea de Personas Mayores del Instituto&nbsp;\nForal de Bienestar Social de la Diputaci\u00f3n Foral de \u00c1lava, Jos\u00e9 Antonio\nJimeno, Jefe del Servicio de Personas Mayores del &nbsp;Dpto. de Pol\u00edticas Sociales, Personas Mayores\ne Infancia del Ayuntamiento de Vitoria-Gasteiz e Inmaculada Ruiz de Arcaute,\nfamiliar y cuidadora.<\/p>\n\n\n\n<div class=\"wp-block-image\"><figure class=\"aligncenter size-large is-resized\"><img loading=\"lazy\" src=\"http:\/\/www.afaraba.org\/blog\/wp-content\/uploads\/2020\/10\/mesa.jpg\" alt=\"\" class=\"wp-image-496\" width=\"376\" height=\"400\" srcset=\"http:\/\/www.afaraba.org\/blog\/wp-content\/uploads\/2020\/10\/mesa.jpg 495w, http:\/\/www.afaraba.org\/blog\/wp-content\/uploads\/2020\/10\/mesa-282x300.jpg 282w\" sizes=\"(max-width: 376px) 85vw, 376px\" \/><figcaption>Maribel Perea , Presidenta de AFARABA<\/figcaption><\/figure><\/div>\n\n\n\n<p>Durante el acto, cercano y ameno, moderado por la periodista Naiara L\u00f3pez de Munain, Mar\u00eda Isabel Perea, presidenta de AFARABA, procedi\u00f3 a la lectura de un manifiesto en el que inform\u00f3 acerca de cu\u00e1les eran algunas de las necesidades del colectivo. Inmaculada Ruiz de Arcaute dio a conocer su realidad y Lourdes Bermejo nos mostr\u00f3 un barco que compart\u00eds con vuestro familiar y que funciona gracias a que, mov\u00e9is un gran tim\u00f3n haciendo frente tanto al estado de la mar como a los temporales que sobrevienen. Por otro lado, los representantes de las instituciones locales, Isabel Echevarr\u00eda y Jos\u00e9 Antonio Jimeno, indicaron cuales son&nbsp; &nbsp;los recursos a utilizar para que teng\u00e1is una buena hoja de ruta, el barco a punto y, si fuera necesario, que otros tripulantes puedan apoyaros en la traves\u00eda.<\/p>\n\n\n\n<p>Los ponentes\nllegaron a la conclusi\u00f3n de que, s\u00ed se reconoce vuestra labor, pero comentaron\nque se deber\u00eda de valorar m\u00e1s. S\u00ed se ve\u00eda la necesidad de implementar medidas\nde mejora para poder conciliar la vida laboral y los cuidados, mayor\nreconocimiento social, poner en marcha protocolos con respuestas inmediatas\nante las necesidades socio-sanitarias e implicaci\u00f3n de la red de apoyo\npotencial para aquellos casos en los que cuida solamente una persona. <\/p>\n","protected":false},"excerpt":{"rendered":"<p>Como todos sab\u00e9is este a\u00f1o organizamos una mesa redonda v\u00eda telem\u00e1tica para abordar el tema \u201c\u00bfReconocemos la labor de las personas cuidadoras?\u201d en la que participaron Lourdes Bermejo, consultora, formadora y Vicepresidenta de Gerontolog\u00eda en la Sociedad Espa\u00f1ola de Geriatr\u00eda y Gerontolog\u00eda, Isabel Echevarr\u00eda, Subdirectora del \u00c1rea de Personas Mayores del Instituto&nbsp; Foral de Bienestar &hellip; <a href=\"http:\/\/www.afaraba.org\/blog\/index.php\/2020\/09\/22\/21-de-septiembre-jornada-dia-mundial-de-la-enfermedad-de-alzheimer\/\" class=\"more-link\">Continuar leyendo<span class=\"screen-reader-text\"> \u00ab21 DE SEPTIEMBRE JORNADA D\u00cdA MUNDIAL DE LA ENFERMEDAD DE ALZHEIMER\u00bb<\/span><\/a><\/p>\n","protected":false},"author":1,"featured_media":0,"comment_status":"open","ping_status":"open","sticky":false,"template":"","format":"standard","meta":{"om_disable_all_campaigns":false,"_monsterinsights_skip_tracking":false,"_monsterinsights_sitenote_active":false,"_monsterinsights_sitenote_note":"","_monsterinsights_sitenote_category":0,"_uf_show_specific_survey":0,"_uf_disable_surveys":false},"categories":[172],"tags":[184,10,9,183,185,58],"aioseo_notices":[],"yoast_head":"<!-- This site is optimized with the Yoast SEO plugin v20.4 - https:\/\/yoast.com\/wordpress\/plugins\/seo\/ -->\n<title>21 DE SEPTIEMBRE JORNADA D\u00cdA MUNDIAL DE LA ENFERMEDAD DE ALZHEIMER - AFARABA<\/title>\n<meta name=\"robots\" content=\"index, follow, max-snippet:-1, max-image-preview:large, max-video-preview:-1\" \/>\n<link rel=\"canonical\" href=\"http:\/\/www.afaraba.org\/blog\/index.php\/2020\/09\/22\/21-de-septiembre-jornada-dia-mundial-de-la-enfermedad-de-alzheimer\/\" \/>\n<meta property=\"og:locale\" content=\"es_ES\" \/>\n<meta property=\"og:type\" content=\"article\" \/>\n<meta property=\"og:title\" content=\"21 DE SEPTIEMBRE JORNADA D\u00cdA MUNDIAL DE LA ENFERMEDAD DE ALZHEIMER - AFARABA\" \/>\n<meta property=\"og:description\" content=\"Como todos sab\u00e9is este a\u00f1o organizamos una mesa redonda v\u00eda telem\u00e1tica para abordar el tema \u201c\u00bfReconocemos la labor de las personas cuidadoras?\u201d en la que participaron Lourdes Bermejo, consultora, formadora y Vicepresidenta de Gerontolog\u00eda en la Sociedad Espa\u00f1ola de Geriatr\u00eda y Gerontolog\u00eda, Isabel Echevarr\u00eda, Subdirectora del \u00c1rea de Personas Mayores del Instituto&nbsp; Foral de Bienestar &hellip; Continuar leyendo &quot;21 DE SEPTIEMBRE JORNADA D\u00cdA MUNDIAL DE LA ENFERMEDAD DE ALZHEIMER&quot;\" \/>\n<meta property=\"og:url\" content=\"http:\/\/www.afaraba.org\/blog\/index.php\/2020\/09\/22\/21-de-septiembre-jornada-dia-mundial-de-la-enfermedad-de-alzheimer\/\" \/>\n<meta property=\"og:site_name\" content=\"AFARABA\" \/>\n<meta property=\"article:published_time\" content=\"2020-09-22T05:22:00+00:00\" \/>\n<meta property=\"article:modified_time\" content=\"2020-11-11T14:46:31+00:00\" \/>\n<meta property=\"og:image\" content=\"http:\/\/www.afaraba.org\/blog\/wp-content\/uploads\/2020\/10\/mesa.jpg\" \/>\n<meta name=\"author\" content=\"admin\" \/>\n<meta name=\"twitter:card\" content=\"summary_large_image\" \/>\n<meta name=\"twitter:label1\" content=\"Escrito por\" \/>\n\t<meta name=\"twitter:data1\" content=\"admin\" \/>\n\t<meta name=\"twitter:label2\" content=\"Tiempo de lectura\" \/>\n\t<meta name=\"twitter:data2\" content=\"2 minutos\" \/>\n<script type=\"application\/ld+json\" class=\"yoast-schema-graph\">{\"@context\":\"https:\/\/schema.org\",\"@graph\":[{\"@type\":\"Article\",\"@id\":\"http:\/\/www.afaraba.org\/blog\/index.php\/2020\/09\/22\/21-de-septiembre-jornada-dia-mundial-de-la-enfermedad-de-alzheimer\/#article\",\"isPartOf\":{\"@id\":\"http:\/\/www.afaraba.org\/blog\/index.php\/2020\/09\/22\/21-de-septiembre-jornada-dia-mundial-de-la-enfermedad-de-alzheimer\/\"},\"author\":{\"name\":\"admin\",\"@id\":\"https:\/\/www.afaraba.org\/blog\/#\/schema\/person\/4a0ab48b67420072f420109f30843c71\"},\"headline\":\"21 DE SEPTIEMBRE JORNADA D\u00cdA MUNDIAL DE LA ENFERMEDAD DE ALZHEIMER\",\"datePublished\":\"2020-09-22T05:22:00+00:00\",\"dateModified\":\"2020-11-11T14:46:31+00:00\",\"mainEntityOfPage\":{\"@id\":\"http:\/\/www.afaraba.org\/blog\/index.php\/2020\/09\/22\/21-de-septiembre-jornada-dia-mundial-de-la-enfermedad-de-alzheimer\/\"},\"wordCount\":341,\"commentCount\":0,\"publisher\":{\"@id\":\"https:\/\/www.afaraba.org\/blog\/#organization\"},\"keywords\":[\"21 SEPTIEMBRE\",\"Alzheimer\",\"Demencias\",\"DIA MUNDIAL DEL ALZHIMER\",\"PERSONAS CUIDADORAS\",\"VITORIA-GASTEIZ\"],\"articleSection\":[\"DIA MUNDIAL\"],\"inLanguage\":\"es\",\"potentialAction\":[{\"@type\":\"CommentAction\",\"name\":\"Comment\",\"target\":[\"http:\/\/www.afaraba.org\/blog\/index.php\/2020\/09\/22\/21-de-septiembre-jornada-dia-mundial-de-la-enfermedad-de-alzheimer\/#respond\"]}]},{\"@type\":\"WebPage\",\"@id\":\"http:\/\/www.afaraba.org\/blog\/index.php\/2020\/09\/22\/21-de-septiembre-jornada-dia-mundial-de-la-enfermedad-de-alzheimer\/\",\"url\":\"http:\/\/www.afaraba.org\/blog\/index.php\/2020\/09\/22\/21-de-septiembre-jornada-dia-mundial-de-la-enfermedad-de-alzheimer\/\",\"name\":\"21 DE SEPTIEMBRE JORNADA D\u00cdA MUNDIAL DE LA ENFERMEDAD DE ALZHEIMER - AFARABA\",\"isPartOf\":{\"@id\":\"https:\/\/www.afaraba.org\/blog\/#website\"},\"datePublished\":\"2020-09-22T05:22:00+00:00\",\"dateModified\":\"2020-11-11T14:46:31+00:00\",\"breadcrumb\":{\"@id\":\"http:\/\/www.afaraba.org\/blog\/index.php\/2020\/09\/22\/21-de-septiembre-jornada-dia-mundial-de-la-enfermedad-de-alzheimer\/#breadcrumb\"},\"inLanguage\":\"es\",\"potentialAction\":[{\"@type\":\"ReadAction\",\"target\":[\"http:\/\/www.afaraba.org\/blog\/index.php\/2020\/09\/22\/21-de-septiembre-jornada-dia-mundial-de-la-enfermedad-de-alzheimer\/\"]}]},{\"@type\":\"BreadcrumbList\",\"@id\":\"http:\/\/www.afaraba.org\/blog\/index.php\/2020\/09\/22\/21-de-septiembre-jornada-dia-mundial-de-la-enfermedad-de-alzheimer\/#breadcrumb\",\"itemListElement\":[{\"@type\":\"ListItem\",\"position\":1,\"name\":\"Portada\",\"item\":\"https:\/\/www.afaraba.org\/blog\/\"},{\"@type\":\"ListItem\",\"position\":2,\"name\":\"21 DE SEPTIEMBRE JORNADA D\u00cdA MUNDIAL DE LA ENFERMEDAD DE ALZHEIMER\"}]},{\"@type\":\"WebSite\",\"@id\":\"https:\/\/www.afaraba.org\/blog\/#website\",\"url\":\"https:\/\/www.afaraba.org\/blog\/\",\"name\":\"AFARABA\",\"description\":\"BLOG AFARABA\",\"publisher\":{\"@id\":\"https:\/\/www.afaraba.org\/blog\/#organization\"},\"potentialAction\":[{\"@type\":\"SearchAction\",\"target\":{\"@type\":\"EntryPoint\",\"urlTemplate\":\"https:\/\/www.afaraba.org\/blog\/?s={search_term_string}\"},\"query-input\":\"required name=search_term_string\"}],\"inLanguage\":\"es\"},{\"@type\":\"Organization\",\"@id\":\"https:\/\/www.afaraba.org\/blog\/#organization\",\"name\":\"AFARABA\",\"url\":\"https:\/\/www.afaraba.org\/blog\/\",\"logo\":{\"@type\":\"ImageObject\",\"inLanguage\":\"es\",\"@id\":\"https:\/\/www.afaraba.org\/blog\/#\/schema\/logo\/image\/\",\"url\":\"http:\/\/www.afaraba.org\/blog\/wp-content\/uploads\/2020\/11\/cropped-AFA_HC-BLOG2.jpg\",\"contentUrl\":\"http:\/\/www.afaraba.org\/blog\/wp-content\/uploads\/2020\/11\/cropped-AFA_HC-BLOG2.jpg\",\"width\":240,\"height\":89,\"caption\":\"AFARABA\"},\"image\":{\"@id\":\"https:\/\/www.afaraba.org\/blog\/#\/schema\/logo\/image\/\"}},{\"@type\":\"Person\",\"@id\":\"https:\/\/www.afaraba.org\/blog\/#\/schema\/person\/4a0ab48b67420072f420109f30843c71\",\"name\":\"admin\",\"image\":{\"@type\":\"ImageObject\",\"inLanguage\":\"es\",\"@id\":\"https:\/\/www.afaraba.org\/blog\/#\/schema\/person\/image\/\",\"url\":\"http:\/\/0.gravatar.com\/avatar\/c2318eff2fb6ce04ef6dca732184cc5b?s=96&d=mm&r=g\",\"contentUrl\":\"http:\/\/0.gravatar.com\/avatar\/c2318eff2fb6ce04ef6dca732184cc5b?s=96&d=mm&r=g\",\"caption\":\"admin\"},\"url\":\"http:\/\/www.afaraba.org\/blog\/index.php\/author\/admin\/\"}]}<\/script>\n<!-- \/ Yoast SEO plugin. -->","yoast_head_json":{"title":"21 DE SEPTIEMBRE JORNADA D\u00cdA MUNDIAL DE LA ENFERMEDAD DE ALZHEIMER - AFARABA","robots":{"index":"index","follow":"follow","max-snippet":"max-snippet:-1","max-image-preview":"max-image-preview:large","max-video-preview":"max-video-preview:-1"},"canonical":"http:\/\/www.afaraba.org\/blog\/index.php\/2020\/09\/22\/21-de-septiembre-jornada-dia-mundial-de-la-enfermedad-de-alzheimer\/","og_locale":"es_ES","og_type":"article","og_title":"21 DE SEPTIEMBRE JORNADA D\u00cdA MUNDIAL DE LA ENFERMEDAD DE ALZHEIMER - AFARABA","og_description":"Como todos sab\u00e9is este a\u00f1o organizamos una mesa redonda v\u00eda telem\u00e1tica para abordar el tema \u201c\u00bfReconocemos la labor de las personas cuidadoras?\u201d en la que participaron Lourdes Bermejo, consultora, formadora y Vicepresidenta de Gerontolog\u00eda en la Sociedad Espa\u00f1ola de Geriatr\u00eda y Gerontolog\u00eda, Isabel Echevarr\u00eda, Subdirectora del \u00c1rea de Personas Mayores del Instituto&nbsp; Foral de Bienestar &hellip; Continuar leyendo \"21 DE SEPTIEMBRE JORNADA D\u00cdA MUNDIAL DE LA ENFERMEDAD DE ALZHEIMER\"","og_url":"http:\/\/www.afaraba.org\/blog\/index.php\/2020\/09\/22\/21-de-septiembre-jornada-dia-mundial-de-la-enfermedad-de-alzheimer\/","og_site_name":"AFARABA","article_published_time":"2020-09-22T05:22:00+00:00","article_modified_time":"2020-11-11T14:46:31+00:00","og_image":[{"url":"http:\/\/www.afaraba.org\/blog\/wp-content\/uploads\/2020\/10\/mesa.jpg"}],"author":"admin","twitter_card":"summary_large_image","twitter_misc":{"Escrito por":"admin","Tiempo de lectura":"2 minutos"},"schema":{"@context":"https:\/\/schema.org","@graph":[{"@type":"Article","@id":"http:\/\/www.afaraba.org\/blog\/index.php\/2020\/09\/22\/21-de-septiembre-jornada-dia-mundial-de-la-enfermedad-de-alzheimer\/#article","isPartOf":{"@id":"http:\/\/www.afaraba.org\/blog\/index.php\/2020\/09\/22\/21-de-septiembre-jornada-dia-mundial-de-la-enfermedad-de-alzheimer\/"},"author":{"name":"admin","@id":"https:\/\/www.afaraba.org\/blog\/#\/schema\/person\/4a0ab48b67420072f420109f30843c71"},"headline":"21 DE SEPTIEMBRE JORNADA D\u00cdA MUNDIAL DE LA ENFERMEDAD DE ALZHEIMER","datePublished":"2020-09-22T05:22:00+00:00","dateModified":"2020-11-11T14:46:31+00:00","mainEntityOfPage":{"@id":"http:\/\/www.afaraba.org\/blog\/index.php\/2020\/09\/22\/21-de-septiembre-jornada-dia-mundial-de-la-enfermedad-de-alzheimer\/"},"wordCount":341,"commentCount":0,"publisher":{"@id":"https:\/\/www.afaraba.org\/blog\/#organization"},"keywords":["21 SEPTIEMBRE","Alzheimer","Demencias","DIA MUNDIAL DEL ALZHIMER","PERSONAS CUIDADORAS","VITORIA-GASTEIZ"],"articleSection":["DIA MUNDIAL"],"inLanguage":"es","potentialAction":[{"@type":"CommentAction","name":"Comment","target":["http:\/\/www.afaraba.org\/blog\/index.php\/2020\/09\/22\/21-de-septiembre-jornada-dia-mundial-de-la-enfermedad-de-alzheimer\/#respond"]}]},{"@type":"WebPage","@id":"http:\/\/www.afaraba.org\/blog\/index.php\/2020\/09\/22\/21-de-septiembre-jornada-dia-mundial-de-la-enfermedad-de-alzheimer\/","url":"http:\/\/www.afaraba.org\/blog\/index.php\/2020\/09\/22\/21-de-septiembre-jornada-dia-mundial-de-la-enfermedad-de-alzheimer\/","name":"21 DE SEPTIEMBRE JORNADA D\u00cdA MUNDIAL DE LA ENFERMEDAD DE ALZHEIMER - AFARABA","isPartOf":{"@id":"https:\/\/www.afaraba.org\/blog\/#website"},"datePublished":"2020-09-22T05:22:00+00:00","dateModified":"2020-11-11T14:46:31+00:00","breadcrumb":{"@id":"http:\/\/www.afaraba.org\/blog\/index.php\/2020\/09\/22\/21-de-septiembre-jornada-dia-mundial-de-la-enfermedad-de-alzheimer\/#breadcrumb"},"inLanguage":"es","potentialAction":[{"@type":"ReadAction","target":["http:\/\/www.afaraba.org\/blog\/index.php\/2020\/09\/22\/21-de-septiembre-jornada-dia-mundial-de-la-enfermedad-de-alzheimer\/"]}]},{"@type":"BreadcrumbList","@id":"http:\/\/www.afaraba.org\/blog\/index.php\/2020\/09\/22\/21-de-septiembre-jornada-dia-mundial-de-la-enfermedad-de-alzheimer\/#breadcrumb","itemListElement":[{"@type":"ListItem","position":1,"name":"Portada","item":"https:\/\/www.afaraba.org\/blog\/"},{"@type":"ListItem","position":2,"name":"21 DE SEPTIEMBRE JORNADA D\u00cdA MUNDIAL DE LA ENFERMEDAD DE ALZHEIMER"}]},{"@type":"WebSite","@id":"https:\/\/www.afaraba.org\/blog\/#website","url":"https:\/\/www.afaraba.org\/blog\/","name":"AFARABA","description":"BLOG AFARABA","publisher":{"@id":"https:\/\/www.afaraba.org\/blog\/#organization"},"potentialAction":[{"@type":"SearchAction","target":{"@type":"EntryPoint","urlTemplate":"https:\/\/www.afaraba.org\/blog\/?s={search_term_string}"},"query-input":"required name=search_term_string"}],"inLanguage":"es"},{"@type":"Organization","@id":"https:\/\/www.afaraba.org\/blog\/#organization","name":"AFARABA","url":"https:\/\/www.afaraba.org\/blog\/","logo":{"@type":"ImageObject","inLanguage":"es","@id":"https:\/\/www.afaraba.org\/blog\/#\/schema\/logo\/image\/","url":"http:\/\/www.afaraba.org\/blog\/wp-content\/uploads\/2020\/11\/cropped-AFA_HC-BLOG2.jpg","contentUrl":"http:\/\/www.afaraba.org\/blog\/wp-content\/uploads\/2020\/11\/cropped-AFA_HC-BLOG2.jpg","width":240,"height":89,"caption":"AFARABA"},"image":{"@id":"https:\/\/www.afaraba.org\/blog\/#\/schema\/logo\/image\/"}},{"@type":"Person","@id":"https:\/\/www.afaraba.org\/blog\/#\/schema\/person\/4a0ab48b67420072f420109f30843c71","name":"admin","image":{"@type":"ImageObject","inLanguage":"es","@id":"https:\/\/www.afaraba.org\/blog\/#\/schema\/person\/image\/","url":"http:\/\/0.gravatar.com\/avatar\/c2318eff2fb6ce04ef6dca732184cc5b?s=96&d=mm&r=g","contentUrl":"http:\/\/0.gravatar.com\/avatar\/c2318eff2fb6ce04ef6dca732184cc5b?s=96&d=mm&r=g","caption":"admin"},"url":"http:\/\/www.afaraba.org\/blog\/index.php\/author\/admin\/"}]}},"_links":{"self":[{"href":"http:\/\/www.afaraba.org\/blog\/index.php\/wp-json\/wp\/v2\/posts\/495"}],"collection":[{"href":"http:\/\/www.afaraba.org\/blog\/index.php\/wp-json\/wp\/v2\/posts"}],"about":[{"href":"http:\/\/www.afaraba.org\/blog\/index.php\/wp-json\/wp\/v2\/types\/post"}],"author":[{"embeddable":true,"href":"http:\/\/www.afaraba.org\/blog\/index.php\/wp-json\/wp\/v2\/users\/1"}],"replies":[{"embeddable":true,"href":"http:\/\/www.afaraba.org\/blog\/index.php\/wp-json\/wp\/v2\/comments?post=495"}],"version-history":[{"count":3,"href":"http:\/\/www.afaraba.org\/blog\/index.php\/wp-json\/wp\/v2\/posts\/495\/revisions"}],"predecessor-version":[{"id":544,"href":"http:\/\/www.afaraba.org\/blog\/index.php\/wp-json\/wp\/v2\/posts\/495\/revisions\/544"}],"wp:attachment":[{"href":"http:\/\/www.afaraba.org\/blog\/index.php\/wp-json\/wp\/v2\/media?parent=495"}],"wp:term":[{"taxonomy":"category","embeddable":true,"href":"http:\/\/www.afaraba.org\/blog\/index.php\/wp-json\/wp\/v2\/categories?post=495"},{"taxonomy":"post_tag","embeddable":true,"href":"http:\/\/www.afaraba.org\/blog\/index.php\/wp-json\/wp\/v2\/tags?post=495"}],"curies":[{"name":"wp","href":"https:\/\/api.w.org\/{rel}","templated":true}]}}