{"id":564,"date":"2020-12-05T10:02:24","date_gmt":"2020-12-05T09:02:24","guid":{"rendered":"http:\/\/www.afaraba.org\/blog\/?p=564"},"modified":"2020-12-05T10:17:41","modified_gmt":"2020-12-05T09:17:41","slug":"dia-internacional-del-voluntariado","status":"publish","type":"post","link":"http:\/\/www.afaraba.org\/blog\/index.php\/2020\/12\/05\/dia-internacional-del-voluntariado\/","title":{"rendered":"DIA INTERNACIONAL DEL VOLUNTARIADO"},"content":{"rendered":"\n<h6 class=\"has-text-align-center\">Desde 1995 existe en AFARABA-Zurekin, un programa de voluntariado que, poco a poco, se ha ido consolidando desde la amigabilidad y la solidaridad, dos valores que quedan reflejados en el compromiso que, a lo largo de estos a\u00f1os, ha adquirido la ciudadan\u00eda con el colectivo al que representamos <\/h6>\n\n\n\n<p>\u00a0Algunas familias de personas con alg\u00fan tipo de demencia pueden sobrellevar los cuidados porque cuentan con la ayuda suficiente pero, otras, bien por estar viviendo situaciones de vulnerabilidad o de sobrecarga f\u00edsica y\/o emocional requieren apoyo por parte de otras personas. <\/p>\n\n\n\n<p>Tambi\u00e9n se presentan situaciones en las que la persona con demencia cuenta con una red de apoyo insuficiente.<\/p>\n\n\n\n<p>Por eso los familiares afectados por este tipo de situaciones, en ocasiones, demandan en AFARABA que una persona voluntaria preste <strong>acompa\u00f1amiento<\/strong> a su familiar para que, al mismo tiempo, ellos puedan acudir a los grupos de apoyo, entrevistas con las profesionales de la Asociaci\u00f3n o realizar determinadas gestiones.<\/p>\n\n\n\n<p>Debemos de tener en cuenta que los familiares tambi\u00e9n tienen sus propias necesidades y, a menudo, pasan por situaciones de soledad por lo que desean que otras personas les escuchen y acompa\u00f1en.<\/p>\n\n\n\n<p>La<strong> sensibilizaci\u00f3n y la promoci\u00f3n de la solidaridad<\/strong>, la divulgaci\u00f3n en centros educativos, la participaci\u00f3n en mesas informativas y en campa\u00f1as solidarias, son algunas de las tareas que tambi\u00e9n est\u00e1n desarrollando las personas voluntarias.<\/p>\n\n\n\n<p>Desde AFARABA se aporta formaci\u00f3n en relaci\u00f3n a los diferentes tipos de demencia, c\u00f3mo cursan y en qu\u00e9 medida afectan a las familias.<\/p>\n\n\n\n<p>Tambi\u00e9n formamos a las personas voluntarias para que aprendan a \u00a0gestionar sus emociones y adquieran habilidades que puedan mejorar la comunicaci\u00f3n tanto con la persona con demencia como con sus familiares. <\/p>\n\n\n\n<p>Es importante la adquisici\u00f3n de herramientas que les permitan adaptarse a las p\u00e9rdidas ocasionadas por la demencia y conocer que las realidades de las personas afectadas pueden ser diferentes en cada caso.<\/p>\n\n\n\n<p> Cuando se realizan los acompa\u00f1amientos, independientemente que existan unos protocolos, debemos de marcarnos unos objetivos diferentes para cada situaci\u00f3n.<\/p>\n\n\n\n<p>Con car\u00e1cter mensual se posibilita que los\/las voluntarios\/as mantengan encuentros de reflexi\u00f3n, a trav\u00e9s de los cuales pueden comentar dudas, realizar aportaciones al programa o intercambiar experiencias<strong>.<\/strong><\/p>\n\n\n\n<p><strong> <\/strong>Las personas voluntarias de AFARABA pueden hacer sugerencias acerca de temas m\u00e1s espec\u00edficos, relacionados con sus funciones y tareas, sobre los que desean formarse.<\/p>\n\n\n\n<p>Porque cont\u00e1is con el respeto y la admiraci\u00f3n de AFARABA y porque sois el aliento de nuestro viaje, queremos hacer visible vuestra labor.<\/p>\n\n\n\n<figure class=\"wp-block-video aligncenter\" id=\"VOLUNTARIADOAFARABA\"><video controls src=\"http:\/\/www.afaraba.org\/blog\/wp-content\/uploads\/2020\/12\/zoom_2_Trim.mp4\"><\/video><figcaption>Paula Casas, Trabajadora Social y Coordinadora del programa de Voluntariado de AFARABA<\/figcaption><\/figure>\n\n\n\n<figure class=\"wp-block-video aligncenter\" id=\"TESTIMONIOVOLUNTARIO\"><video controls src=\"http:\/\/www.afaraba.org\/blog\/wp-content\/uploads\/2020\/12\/P2.mp4\"><\/video><figcaption>\u00c1lvaro Ruiz de Gordoa, Voluntario de AFARABA<\/figcaption><\/figure>\n\n\n\n<p><strong>ESKERRIK ASKO, CON TODO NUESTRO CARI\u00d1O GRACIAS<\/strong><\/p>\n\n\n\n<p><em>Adem\u00e1s desde Afaraba acabamos de terminar un estudio para conocer las caracter\u00edsticas, la motivaci\u00f3n y el grado de satisfacci\u00f3n de las personas voluntarias que colaboran en la Asociaci\u00f3n. As\u00ed mismo, os comunicamos que, en breve, vamos a publicar una GU\u00cdA INFORMATIVA Y FORMATIVA con pautas concretas que les puedan servir para un mejor desarrollo de su labor.<\/em><\/p>\n\n\n\n<h6 class=\"has-text-align-center\">En la actualidad colaboran con la Asociaci\u00f3n cincuenta personas voluntarias.<\/h6>\n\n\n\n<h3 class=\"has-text-align-center\"><strong>SI ESTAS INTERESADO EN SER VOLUNTARIA\/O DE AFARABA CONTACTA CON NOSOTROS<\/strong><\/h3>\n\n\n\n<div id=\"http:\/\/www.afaraba.org\/contacto\/\" class=\"wp-block-image is-style-default\"><figure class=\"aligncenter size-large is-resized\"><a href=\"http:\/\/www.afaraba.org\/contacto\/\"><img loading=\"lazy\" src=\"http:\/\/www.afaraba.org\/blog\/wp-content\/uploads\/2020\/11\/T1.jpg\" alt=\"CONTACTA CON NOSOTROS\" class=\"wp-image-551\" width=\"407\" height=\"250\" title=\"CONTACTA CON NOSOTROS\" srcset=\"http:\/\/www.afaraba.org\/blog\/wp-content\/uploads\/2020\/11\/T1.jpg 856w, http:\/\/www.afaraba.org\/blog\/wp-content\/uploads\/2020\/11\/T1-300x184.jpg 300w, http:\/\/www.afaraba.org\/blog\/wp-content\/uploads\/2020\/11\/T1-768x472.jpg 768w\" sizes=\"(max-width: 407px) 85vw, 407px\" \/><\/a><\/figure><\/div>\n\n\n\n<div class=\"wp-block-image\"><figure class=\"aligncenter size-large is-resized\"><a href=\"http:\/\/batekin.org\/\"><img loading=\"lazy\" src=\"http:\/\/www.afaraba.org\/blog\/wp-content\/uploads\/2020\/12\/BATEKIN.jpg\" alt=\"\" class=\"wp-image-568\" width=\"248\" height=\"149\" srcset=\"http:\/\/www.afaraba.org\/blog\/wp-content\/uploads\/2020\/12\/BATEKIN.jpg 350w, http:\/\/www.afaraba.org\/blog\/wp-content\/uploads\/2020\/12\/BATEKIN-300x180.jpg 300w\" sizes=\"(max-width: 248px) 85vw, 248px\" \/><\/a><figcaption><a href=\"http:\/\/batekin.org\/\" target=\"_blank\" rel=\"noreferrer noopener\">http:\/\/batekin.org\/<\/a><\/figcaption><\/figure><\/div>\n","protected":false},"excerpt":{"rendered":"<p>DIA INTERNACIONAL DEL VOLUNTARIADO, 5 DE DICIEMBRE<\/p>\n","protected":false},"author":1,"featured_media":565,"comment_status":"open","ping_status":"open","sticky":false,"template":"","format":"standard","meta":{"om_disable_all_campaigns":false,"_monsterinsights_skip_tracking":false,"_monsterinsights_sitenote_active":false,"_monsterinsights_sitenote_note":"","_monsterinsights_sitenote_category":0,"_uf_show_specific_survey":0,"_uf_disable_surveys":false},"categories":[7],"tags":[192,196,17,9,193,194,198,197,195],"aioseo_notices":[],"yoast_head":"<!-- This site is optimized with the Yoast SEO plugin v20.4 - https:\/\/yoast.com\/wordpress\/plugins\/seo\/ -->\n<title>DIA INTERNACIONAL DEL VOLUNTARIADO - AFARABA<\/title>\n<meta name=\"description\" content=\"5 DE DICIEMBRE, DIA INTERNACIONAL DEL VOLUNTARIADO, PERSONAS VOLUNTARIAS DE AFARABA, BATEKIN, SER VOLUNTARIO EN VITORIA-GASTEIZ\" \/>\n<meta name=\"robots\" content=\"index, follow, max-image-preview:large, max-video-preview:-1, nosnippet\" \/>\n<link rel=\"canonical\" href=\"http:\/\/www.afaraba.org\/blog\/index.php\/2020\/12\/05\/dia-internacional-del-voluntariado\/\" \/>\n<meta property=\"og:locale\" content=\"es_ES\" \/>\n<meta property=\"og:type\" content=\"article\" \/>\n<meta property=\"og:title\" content=\"DIA INTERNACIONAL DEL VOLUNTARIADO - AFARABA\" \/>\n<meta property=\"og:description\" content=\"5 DE DICIEMBRE, DIA INTERNACIONAL DEL VOLUNTARIADO, PERSONAS VOLUNTARIAS DE AFARABA, BATEKIN, SER VOLUNTARIO EN VITORIA-GASTEIZ\" \/>\n<meta property=\"og:url\" content=\"http:\/\/www.afaraba.org\/blog\/index.php\/2020\/12\/05\/dia-internacional-del-voluntariado\/\" \/>\n<meta property=\"og:site_name\" content=\"AFARABA\" \/>\n<meta property=\"article:published_time\" content=\"2020-12-05T09:02:24+00:00\" \/>\n<meta property=\"article:modified_time\" content=\"2020-12-05T09:17:41+00:00\" \/>\n<meta property=\"og:image\" content=\"http:\/\/www.afaraba.org\/blog\/wp-content\/uploads\/2020\/12\/POT.jpg\" \/>\n\t<meta property=\"og:image:width\" content=\"1920\" \/>\n\t<meta property=\"og:image:height\" content=\"1358\" \/>\n\t<meta property=\"og:image:type\" content=\"image\/jpeg\" \/>\n<meta name=\"author\" content=\"admin\" \/>\n<meta name=\"twitter:card\" content=\"summary_large_image\" \/>\n<meta name=\"twitter:label1\" content=\"Escrito por\" \/>\n\t<meta name=\"twitter:data1\" content=\"admin\" \/>\n\t<meta name=\"twitter:label2\" content=\"Tiempo de lectura\" \/>\n\t<meta name=\"twitter:data2\" content=\"3 minutos\" \/>\n<script type=\"application\/ld+json\" class=\"yoast-schema-graph\">{\"@context\":\"https:\/\/schema.org\",\"@graph\":[{\"@type\":\"Article\",\"@id\":\"http:\/\/www.afaraba.org\/blog\/index.php\/2020\/12\/05\/dia-internacional-del-voluntariado\/#article\",\"isPartOf\":{\"@id\":\"http:\/\/www.afaraba.org\/blog\/index.php\/2020\/12\/05\/dia-internacional-del-voluntariado\/\"},\"author\":{\"name\":\"admin\",\"@id\":\"https:\/\/www.afaraba.org\/blog\/#\/schema\/person\/4a0ab48b67420072f420109f30843c71\"},\"headline\":\"DIA INTERNACIONAL DEL VOLUNTARIADO\",\"datePublished\":\"2020-12-05T09:02:24+00:00\",\"dateModified\":\"2020-12-05T09:17:41+00:00\",\"mainEntityOfPage\":{\"@id\":\"http:\/\/www.afaraba.org\/blog\/index.php\/2020\/12\/05\/dia-internacional-del-voluntariado\/\"},\"wordCount\":554,\"commentCount\":0,\"publisher\":{\"@id\":\"https:\/\/www.afaraba.org\/blog\/#organization\"},\"keywords\":[\"AFARABA VOLUNTARIADO\",\"ATENCION PERSONAS CON ALZHEIMER U OTRAS DEMENCIAS\",\"batekin\",\"Demencias\",\"DIA INTERNACIONAL DEL VOLUNTARIADO\",\"SER VOLUNTARIO EN ALAVA\",\"VITORIA GASTEIZ COMPROMETIDA\",\"VITORIA GASTEIZ SOCIAL\",\"VOLUNTARIO PARA PERSONA CON ALZHEIMER\"],\"articleSection\":[\"VOLUNTARIADO\"],\"inLanguage\":\"es\",\"potentialAction\":[{\"@type\":\"CommentAction\",\"name\":\"Comment\",\"target\":[\"http:\/\/www.afaraba.org\/blog\/index.php\/2020\/12\/05\/dia-internacional-del-voluntariado\/#respond\"]}]},{\"@type\":\"WebPage\",\"@id\":\"http:\/\/www.afaraba.org\/blog\/index.php\/2020\/12\/05\/dia-internacional-del-voluntariado\/\",\"url\":\"http:\/\/www.afaraba.org\/blog\/index.php\/2020\/12\/05\/dia-internacional-del-voluntariado\/\",\"name\":\"DIA INTERNACIONAL DEL VOLUNTARIADO - AFARABA\",\"isPartOf\":{\"@id\":\"https:\/\/www.afaraba.org\/blog\/#website\"},\"datePublished\":\"2020-12-05T09:02:24+00:00\",\"dateModified\":\"2020-12-05T09:17:41+00:00\",\"description\":\"5 DE DICIEMBRE, DIA INTERNACIONAL DEL VOLUNTARIADO, PERSONAS VOLUNTARIAS DE AFARABA, BATEKIN, SER VOLUNTARIO EN VITORIA-GASTEIZ\",\"breadcrumb\":{\"@id\":\"http:\/\/www.afaraba.org\/blog\/index.php\/2020\/12\/05\/dia-internacional-del-voluntariado\/#breadcrumb\"},\"inLanguage\":\"es\",\"potentialAction\":[{\"@type\":\"ReadAction\",\"target\":[\"http:\/\/www.afaraba.org\/blog\/index.php\/2020\/12\/05\/dia-internacional-del-voluntariado\/\"]}]},{\"@type\":\"BreadcrumbList\",\"@id\":\"http:\/\/www.afaraba.org\/blog\/index.php\/2020\/12\/05\/dia-internacional-del-voluntariado\/#breadcrumb\",\"itemListElement\":[{\"@type\":\"ListItem\",\"position\":1,\"name\":\"Portada\",\"item\":\"https:\/\/www.afaraba.org\/blog\/\"},{\"@type\":\"ListItem\",\"position\":2,\"name\":\"DIA INTERNACIONAL DEL VOLUNTARIADO\"}]},{\"@type\":\"WebSite\",\"@id\":\"https:\/\/www.afaraba.org\/blog\/#website\",\"url\":\"https:\/\/www.afaraba.org\/blog\/\",\"name\":\"AFARABA\",\"description\":\"BLOG AFARABA\",\"publisher\":{\"@id\":\"https:\/\/www.afaraba.org\/blog\/#organization\"},\"potentialAction\":[{\"@type\":\"SearchAction\",\"target\":{\"@type\":\"EntryPoint\",\"urlTemplate\":\"https:\/\/www.afaraba.org\/blog\/?s={search_term_string}\"},\"query-input\":\"required name=search_term_string\"}],\"inLanguage\":\"es\"},{\"@type\":\"Organization\",\"@id\":\"https:\/\/www.afaraba.org\/blog\/#organization\",\"name\":\"AFARABA\",\"url\":\"https:\/\/www.afaraba.org\/blog\/\",\"logo\":{\"@type\":\"ImageObject\",\"inLanguage\":\"es\",\"@id\":\"https:\/\/www.afaraba.org\/blog\/#\/schema\/logo\/image\/\",\"url\":\"http:\/\/www.afaraba.org\/blog\/wp-content\/uploads\/2020\/11\/cropped-AFA_HC-BLOG2.jpg\",\"contentUrl\":\"http:\/\/www.afaraba.org\/blog\/wp-content\/uploads\/2020\/11\/cropped-AFA_HC-BLOG2.jpg\",\"width\":240,\"height\":89,\"caption\":\"AFARABA\"},\"image\":{\"@id\":\"https:\/\/www.afaraba.org\/blog\/#\/schema\/logo\/image\/\"}},{\"@type\":\"Person\",\"@id\":\"https:\/\/www.afaraba.org\/blog\/#\/schema\/person\/4a0ab48b67420072f420109f30843c71\",\"name\":\"admin\",\"image\":{\"@type\":\"ImageObject\",\"inLanguage\":\"es\",\"@id\":\"https:\/\/www.afaraba.org\/blog\/#\/schema\/person\/image\/\",\"url\":\"http:\/\/0.gravatar.com\/avatar\/c2318eff2fb6ce04ef6dca732184cc5b?s=96&d=mm&r=g\",\"contentUrl\":\"http:\/\/0.gravatar.com\/avatar\/c2318eff2fb6ce04ef6dca732184cc5b?s=96&d=mm&r=g\",\"caption\":\"admin\"},\"url\":\"http:\/\/www.afaraba.org\/blog\/index.php\/author\/admin\/\"}]}<\/script>\n<!-- \/ Yoast SEO plugin. -->","yoast_head_json":{"title":"DIA INTERNACIONAL DEL VOLUNTARIADO - AFARABA","description":"5 DE DICIEMBRE, DIA INTERNACIONAL DEL VOLUNTARIADO, PERSONAS VOLUNTARIAS DE AFARABA, BATEKIN, SER VOLUNTARIO EN VITORIA-GASTEIZ","robots":{"index":"index","follow":"follow","max-image-preview":"max-image-preview:large","max-video-preview":"max-video-preview:-1","snippet":"nosnippet"},"canonical":"http:\/\/www.afaraba.org\/blog\/index.php\/2020\/12\/05\/dia-internacional-del-voluntariado\/","og_locale":"es_ES","og_type":"article","og_title":"DIA INTERNACIONAL DEL VOLUNTARIADO - AFARABA","og_description":"5 DE DICIEMBRE, DIA INTERNACIONAL DEL VOLUNTARIADO, PERSONAS VOLUNTARIAS DE AFARABA, BATEKIN, SER VOLUNTARIO EN VITORIA-GASTEIZ","og_url":"http:\/\/www.afaraba.org\/blog\/index.php\/2020\/12\/05\/dia-internacional-del-voluntariado\/","og_site_name":"AFARABA","article_published_time":"2020-12-05T09:02:24+00:00","article_modified_time":"2020-12-05T09:17:41+00:00","og_image":[{"width":1920,"height":1358,"url":"http:\/\/www.afaraba.org\/blog\/wp-content\/uploads\/2020\/12\/POT.jpg","type":"image\/jpeg"}],"author":"admin","twitter_card":"summary_large_image","twitter_misc":{"Escrito por":"admin","Tiempo de lectura":"3 minutos"},"schema":{"@context":"https:\/\/schema.org","@graph":[{"@type":"Article","@id":"http:\/\/www.afaraba.org\/blog\/index.php\/2020\/12\/05\/dia-internacional-del-voluntariado\/#article","isPartOf":{"@id":"http:\/\/www.afaraba.org\/blog\/index.php\/2020\/12\/05\/dia-internacional-del-voluntariado\/"},"author":{"name":"admin","@id":"https:\/\/www.afaraba.org\/blog\/#\/schema\/person\/4a0ab48b67420072f420109f30843c71"},"headline":"DIA INTERNACIONAL DEL VOLUNTARIADO","datePublished":"2020-12-05T09:02:24+00:00","dateModified":"2020-12-05T09:17:41+00:00","mainEntityOfPage":{"@id":"http:\/\/www.afaraba.org\/blog\/index.php\/2020\/12\/05\/dia-internacional-del-voluntariado\/"},"wordCount":554,"commentCount":0,"publisher":{"@id":"https:\/\/www.afaraba.org\/blog\/#organization"},"keywords":["AFARABA VOLUNTARIADO","ATENCION PERSONAS CON ALZHEIMER U OTRAS DEMENCIAS","batekin","Demencias","DIA INTERNACIONAL DEL VOLUNTARIADO","SER VOLUNTARIO EN ALAVA","VITORIA GASTEIZ COMPROMETIDA","VITORIA GASTEIZ SOCIAL","VOLUNTARIO PARA PERSONA CON ALZHEIMER"],"articleSection":["VOLUNTARIADO"],"inLanguage":"es","potentialAction":[{"@type":"CommentAction","name":"Comment","target":["http:\/\/www.afaraba.org\/blog\/index.php\/2020\/12\/05\/dia-internacional-del-voluntariado\/#respond"]}]},{"@type":"WebPage","@id":"http:\/\/www.afaraba.org\/blog\/index.php\/2020\/12\/05\/dia-internacional-del-voluntariado\/","url":"http:\/\/www.afaraba.org\/blog\/index.php\/2020\/12\/05\/dia-internacional-del-voluntariado\/","name":"DIA INTERNACIONAL DEL VOLUNTARIADO - AFARABA","isPartOf":{"@id":"https:\/\/www.afaraba.org\/blog\/#website"},"datePublished":"2020-12-05T09:02:24+00:00","dateModified":"2020-12-05T09:17:41+00:00","description":"5 DE DICIEMBRE, DIA INTERNACIONAL DEL VOLUNTARIADO, PERSONAS VOLUNTARIAS DE AFARABA, BATEKIN, SER VOLUNTARIO EN VITORIA-GASTEIZ","breadcrumb":{"@id":"http:\/\/www.afaraba.org\/blog\/index.php\/2020\/12\/05\/dia-internacional-del-voluntariado\/#breadcrumb"},"inLanguage":"es","potentialAction":[{"@type":"ReadAction","target":["http:\/\/www.afaraba.org\/blog\/index.php\/2020\/12\/05\/dia-internacional-del-voluntariado\/"]}]},{"@type":"BreadcrumbList","@id":"http:\/\/www.afaraba.org\/blog\/index.php\/2020\/12\/05\/dia-internacional-del-voluntariado\/#breadcrumb","itemListElement":[{"@type":"ListItem","position":1,"name":"Portada","item":"https:\/\/www.afaraba.org\/blog\/"},{"@type":"ListItem","position":2,"name":"DIA INTERNACIONAL DEL VOLUNTARIADO"}]},{"@type":"WebSite","@id":"https:\/\/www.afaraba.org\/blog\/#website","url":"https:\/\/www.afaraba.org\/blog\/","name":"AFARABA","description":"BLOG AFARABA","publisher":{"@id":"https:\/\/www.afaraba.org\/blog\/#organization"},"potentialAction":[{"@type":"SearchAction","target":{"@type":"EntryPoint","urlTemplate":"https:\/\/www.afaraba.org\/blog\/?s={search_term_string}"},"query-input":"required name=search_term_string"}],"inLanguage":"es"},{"@type":"Organization","@id":"https:\/\/www.afaraba.org\/blog\/#organization","name":"AFARABA","url":"https:\/\/www.afaraba.org\/blog\/","logo":{"@type":"ImageObject","inLanguage":"es","@id":"https:\/\/www.afaraba.org\/blog\/#\/schema\/logo\/image\/","url":"http:\/\/www.afaraba.org\/blog\/wp-content\/uploads\/2020\/11\/cropped-AFA_HC-BLOG2.jpg","contentUrl":"http:\/\/www.afaraba.org\/blog\/wp-content\/uploads\/2020\/11\/cropped-AFA_HC-BLOG2.jpg","width":240,"height":89,"caption":"AFARABA"},"image":{"@id":"https:\/\/www.afaraba.org\/blog\/#\/schema\/logo\/image\/"}},{"@type":"Person","@id":"https:\/\/www.afaraba.org\/blog\/#\/schema\/person\/4a0ab48b67420072f420109f30843c71","name":"admin","image":{"@type":"ImageObject","inLanguage":"es","@id":"https:\/\/www.afaraba.org\/blog\/#\/schema\/person\/image\/","url":"http:\/\/0.gravatar.com\/avatar\/c2318eff2fb6ce04ef6dca732184cc5b?s=96&d=mm&r=g","contentUrl":"http:\/\/0.gravatar.com\/avatar\/c2318eff2fb6ce04ef6dca732184cc5b?s=96&d=mm&r=g","caption":"admin"},"url":"http:\/\/www.afaraba.org\/blog\/index.php\/author\/admin\/"}]}},"_links":{"self":[{"href":"http:\/\/www.afaraba.org\/blog\/index.php\/wp-json\/wp\/v2\/posts\/564"}],"collection":[{"href":"http:\/\/www.afaraba.org\/blog\/index.php\/wp-json\/wp\/v2\/posts"}],"about":[{"href":"http:\/\/www.afaraba.org\/blog\/index.php\/wp-json\/wp\/v2\/types\/post"}],"author":[{"embeddable":true,"href":"http:\/\/www.afaraba.org\/blog\/index.php\/wp-json\/wp\/v2\/users\/1"}],"replies":[{"embeddable":true,"href":"http:\/\/www.afaraba.org\/blog\/index.php\/wp-json\/wp\/v2\/comments?post=564"}],"version-history":[{"count":7,"href":"http:\/\/www.afaraba.org\/blog\/index.php\/wp-json\/wp\/v2\/posts\/564\/revisions"}],"predecessor-version":[{"id":576,"href":"http:\/\/www.afaraba.org\/blog\/index.php\/wp-json\/wp\/v2\/posts\/564\/revisions\/576"}],"wp:featuredmedia":[{"embeddable":true,"href":"http:\/\/www.afaraba.org\/blog\/index.php\/wp-json\/wp\/v2\/media\/565"}],"wp:attachment":[{"href":"http:\/\/www.afaraba.org\/blog\/index.php\/wp-json\/wp\/v2\/media?parent=564"}],"wp:term":[{"taxonomy":"category","embeddable":true,"href":"http:\/\/www.afaraba.org\/blog\/index.php\/wp-json\/wp\/v2\/categories?post=564"},{"taxonomy":"post_tag","embeddable":true,"href":"http:\/\/www.afaraba.org\/blog\/index.php\/wp-json\/wp\/v2\/tags?post=564"}],"curies":[{"name":"wp","href":"https:\/\/api.w.org\/{rel}","templated":true}]}}