{"id":588,"date":"2021-01-22T13:40:56","date_gmt":"2021-01-22T12:40:56","guid":{"rendered":"http:\/\/www.afaraba.org\/blog\/?p=588"},"modified":"2021-01-22T13:47:17","modified_gmt":"2021-01-22T12:47:17","slug":"guia-informativa-y-formativa-para-personas-voluntarias","status":"publish","type":"post","link":"http:\/\/www.afaraba.org\/blog\/index.php\/2021\/01\/22\/guia-informativa-y-formativa-para-personas-voluntarias\/","title":{"rendered":"GUIA INFORMATIVA Y FORMATIVA PARA PERSONAS VOLUNTARIAS"},"content":{"rendered":"\n<h5 class=\"has-text-align-left\">Ayer, 21 de enero presentamos una <strong>GU\u00cdA INFORMATIVA Y FORMATIVA<\/strong> dirigida a las cerca de <strong>50 personas voluntarias <\/strong>que ya colaboran y a todas aquellas que a partir de ahora deseen formar parte del Programa ZUREKIN.<\/h5>\n\n\n\n<p>A trav\u00e9s de este manual las\/los voluntarios\/as pueden conocer en qu\u00e9 tipo de tareas asociativas y de sensibilizaci\u00f3n pueden participar.<\/p>\n\n\n\n<figure class=\"wp-block-image size-large is-resized is-style-default\"><img loading=\"lazy\" src=\"http:\/\/www.afaraba.org\/blog\/wp-content\/uploads\/2021\/01\/WhatsApp-Image-2021-01-22-at-13.25.05-2-1024x768.jpeg\" alt=\"\" class=\"wp-image-591\" width=\"362\" height=\"271\" srcset=\"http:\/\/www.afaraba.org\/blog\/wp-content\/uploads\/2021\/01\/WhatsApp-Image-2021-01-22-at-13.25.05-2-1024x768.jpeg 1024w, http:\/\/www.afaraba.org\/blog\/wp-content\/uploads\/2021\/01\/WhatsApp-Image-2021-01-22-at-13.25.05-2-300x225.jpeg 300w, http:\/\/www.afaraba.org\/blog\/wp-content\/uploads\/2021\/01\/WhatsApp-Image-2021-01-22-at-13.25.05-2-768x576.jpeg 768w, http:\/\/www.afaraba.org\/blog\/wp-content\/uploads\/2021\/01\/WhatsApp-Image-2021-01-22-at-13.25.05-2-1536x1152.jpeg 1536w, http:\/\/www.afaraba.org\/blog\/wp-content\/uploads\/2021\/01\/WhatsApp-Image-2021-01-22-at-13.25.05-2-1200x900.jpeg 1200w, http:\/\/www.afaraba.org\/blog\/wp-content\/uploads\/2021\/01\/WhatsApp-Image-2021-01-22-at-13.25.05-2.jpeg 1600w\" sizes=\"(max-width: 362px) 85vw, 362px\" \/><figcaption>GUIA <\/figcaption><\/figure>\n\n\n\n<p>Adem\u00e1s, se les ayuda a comprender qu\u00e9 ocurre cuando una persona tiene demencia, c\u00f3mo adaptarse a las p\u00e9rdidas que estas enfermedades ocasionan y se les proporcionan pautas concretas para comunicarse y poder acompa\u00f1ar.<\/p>\n\n\n\n<figure class=\"wp-block-image size-large is-resized is-style-default\"><img loading=\"lazy\" src=\"http:\/\/www.afaraba.org\/blog\/wp-content\/uploads\/2021\/01\/WhatsApp-Image-2021-01-22-at-13.25.05-1024x444.jpeg\" alt=\"\" class=\"wp-image-592\" width=\"463\" height=\"201\" srcset=\"http:\/\/www.afaraba.org\/blog\/wp-content\/uploads\/2021\/01\/WhatsApp-Image-2021-01-22-at-13.25.05-1024x444.jpeg 1024w, http:\/\/www.afaraba.org\/blog\/wp-content\/uploads\/2021\/01\/WhatsApp-Image-2021-01-22-at-13.25.05-300x130.jpeg 300w, http:\/\/www.afaraba.org\/blog\/wp-content\/uploads\/2021\/01\/WhatsApp-Image-2021-01-22-at-13.25.05-768x333.jpeg 768w, http:\/\/www.afaraba.org\/blog\/wp-content\/uploads\/2021\/01\/WhatsApp-Image-2021-01-22-at-13.25.05-1536x666.jpeg 1536w, http:\/\/www.afaraba.org\/blog\/wp-content\/uploads\/2021\/01\/WhatsApp-Image-2021-01-22-at-13.25.05-1200x521.jpeg 1200w, http:\/\/www.afaraba.org\/blog\/wp-content\/uploads\/2021\/01\/WhatsApp-Image-2021-01-22-at-13.25.05.jpeg 1600w\" sizes=\"(max-width: 463px) 85vw, 463px\" \/><figcaption>VOLUNTARI@S DE AFARABA Y PAULA CASAS<\/figcaption><\/figure>\n\n\n\n<p>El n\u00famero de horas de cuidado y el car\u00e1cter cr\u00f3nico degenerativo de los diferentes tipos de demencia, enfermedades largas en el tiempo, hacen que el degaste de los familiares cuidadores aumenten d\u00eda a d\u00eda poniendo en riesgo su salud f\u00edsica y emocional.<\/p>\n\n\n\n<p> As\u00ed se indica en esta gu\u00eda desde la cual se valora la necesidad de acompa\u00f1ar tambi\u00e9n a los familiares en situaciones de vulnerabilidad y\/o soledad.<\/p>\n\n\n\n<figure class=\"wp-block-image size-large is-resized is-style-default\"><img loading=\"lazy\" src=\"http:\/\/www.afaraba.org\/blog\/wp-content\/uploads\/2021\/01\/WhatsApp-Image-2021-01-22-at-13.25.05-1-1024x548.jpeg\" alt=\"\" class=\"wp-image-590\" width=\"402\" height=\"215\" srcset=\"http:\/\/www.afaraba.org\/blog\/wp-content\/uploads\/2021\/01\/WhatsApp-Image-2021-01-22-at-13.25.05-1-1024x548.jpeg 1024w, http:\/\/www.afaraba.org\/blog\/wp-content\/uploads\/2021\/01\/WhatsApp-Image-2021-01-22-at-13.25.05-1-300x161.jpeg 300w, http:\/\/www.afaraba.org\/blog\/wp-content\/uploads\/2021\/01\/WhatsApp-Image-2021-01-22-at-13.25.05-1-768x411.jpeg 768w, http:\/\/www.afaraba.org\/blog\/wp-content\/uploads\/2021\/01\/WhatsApp-Image-2021-01-22-at-13.25.05-1-1200x642.jpeg 1200w, http:\/\/www.afaraba.org\/blog\/wp-content\/uploads\/2021\/01\/WhatsApp-Image-2021-01-22-at-13.25.05-1.jpeg 1493w\" sizes=\"(max-width: 402px) 85vw, 402px\" \/><figcaption>VOLUNTARI@S DE AFARABA Y PAULA CASAS<\/figcaption><\/figure>\n\n\n\n<p>En el \u00faltimo cap\u00edtulo de esta \u00fatil herramienta, en la que ha colaborado con AFARABA el Ayuntamiento de Vitoria-Gasteiz, la Fundaci\u00f3n Caja Vital y cuatro profesionales, se describen las medidas que las\/los voluntarias\/os deben de conocer ante la Pandemia por COVID 19 para el desarrollo de su labor.<\/p>\n\n\n\n<figure class=\"wp-block-image size-large is-resized is-style-default\"><img loading=\"lazy\" src=\"http:\/\/www.afaraba.org\/blog\/wp-content\/uploads\/2021\/01\/guia-vol-1-1024x134.jpg\" alt=\"\" class=\"wp-image-593\" width=\"834\" height=\"109\" srcset=\"http:\/\/www.afaraba.org\/blog\/wp-content\/uploads\/2021\/01\/guia-vol-1-1024x134.jpg 1024w, http:\/\/www.afaraba.org\/blog\/wp-content\/uploads\/2021\/01\/guia-vol-1-300x39.jpg 300w, http:\/\/www.afaraba.org\/blog\/wp-content\/uploads\/2021\/01\/guia-vol-1-768x100.jpg 768w, http:\/\/www.afaraba.org\/blog\/wp-content\/uploads\/2021\/01\/guia-vol-1-1200x157.jpg 1200w, http:\/\/www.afaraba.org\/blog\/wp-content\/uploads\/2021\/01\/guia-vol-1.jpg 1376w\" sizes=\"(max-width: 709px) 85vw, (max-width: 909px) 67vw, (max-width: 984px) 61vw, (max-width: 1362px) 45vw, 600px\" \/><\/figure>\n\n\n\n<p class=\"has-text-align-center\">GRACIAS A TODOS LOS COLABORADORES<\/p>\n","protected":false},"excerpt":{"rendered":"<p>Ayer, 21 de enero presentamos una GU\u00cdA INFORMATIVA Y FORMATIVA dirigida a las cerca de 50 personas voluntarias que ya colaboran y a todas aquellas que a partir de ahora deseen formar parte del Programa ZUREKIN. A trav\u00e9s de este manual las\/los voluntarios\/as pueden conocer en qu\u00e9 tipo de tareas asociativas y de sensibilizaci\u00f3n pueden &hellip; <a href=\"http:\/\/www.afaraba.org\/blog\/index.php\/2021\/01\/22\/guia-informativa-y-formativa-para-personas-voluntarias\/\" class=\"more-link\">Continuar leyendo<span class=\"screen-reader-text\"> \u00abGUIA INFORMATIVA Y FORMATIVA PARA PERSONAS VOLUNTARIAS\u00bb<\/span><\/a><\/p>\n","protected":false},"author":1,"featured_media":0,"comment_status":"open","ping_status":"open","sticky":false,"template":"","format":"standard","meta":{"om_disable_all_campaigns":false,"_monsterinsights_skip_tracking":false,"_monsterinsights_sitenote_active":false,"_monsterinsights_sitenote_note":"","_monsterinsights_sitenote_category":0,"_uf_show_specific_survey":0,"_uf_disable_surveys":false},"categories":[7],"tags":[211,209,212,205,207,24],"aioseo_notices":[],"yoast_head":"<!-- This site is optimized with the Yoast SEO plugin v20.4 - https:\/\/yoast.com\/wordpress\/plugins\/seo\/ -->\n<title>GUIA INFORMATIVA Y FORMATIVA PARA PERSONAS VOLUNTARIAS - AFARABA<\/title>\n<meta name=\"robots\" content=\"index, follow, max-snippet:-1, max-image-preview:large, max-video-preview:-1\" \/>\n<link rel=\"canonical\" href=\"http:\/\/www.afaraba.org\/blog\/index.php\/2021\/01\/22\/guia-informativa-y-formativa-para-personas-voluntarias\/\" \/>\n<meta property=\"og:locale\" content=\"es_ES\" \/>\n<meta property=\"og:type\" content=\"article\" \/>\n<meta property=\"og:title\" content=\"GUIA INFORMATIVA Y FORMATIVA PARA PERSONAS VOLUNTARIAS - AFARABA\" \/>\n<meta property=\"og:description\" content=\"Ayer, 21 de enero presentamos una GU\u00cdA INFORMATIVA Y FORMATIVA dirigida a las cerca de 50 personas voluntarias que ya colaboran y a todas aquellas que a partir de ahora deseen formar parte del Programa ZUREKIN. A trav\u00e9s de este manual las\/los voluntarios\/as pueden conocer en qu\u00e9 tipo de tareas asociativas y de sensibilizaci\u00f3n pueden &hellip; Continuar leyendo &quot;GUIA INFORMATIVA Y FORMATIVA PARA PERSONAS VOLUNTARIAS&quot;\" \/>\n<meta property=\"og:url\" content=\"http:\/\/www.afaraba.org\/blog\/index.php\/2021\/01\/22\/guia-informativa-y-formativa-para-personas-voluntarias\/\" \/>\n<meta property=\"og:site_name\" content=\"AFARABA\" \/>\n<meta property=\"article:published_time\" content=\"2021-01-22T12:40:56+00:00\" \/>\n<meta property=\"article:modified_time\" content=\"2021-01-22T12:47:17+00:00\" \/>\n<meta property=\"og:image\" content=\"http:\/\/www.afaraba.org\/blog\/wp-content\/uploads\/2021\/01\/WhatsApp-Image-2021-01-22-at-13.25.05-2-1024x768.jpeg\" \/>\n<meta name=\"author\" content=\"admin\" \/>\n<meta name=\"twitter:card\" content=\"summary_large_image\" \/>\n<meta name=\"twitter:label1\" content=\"Escrito por\" \/>\n\t<meta name=\"twitter:data1\" content=\"admin\" \/>\n\t<meta name=\"twitter:label2\" content=\"Tiempo de lectura\" \/>\n\t<meta name=\"twitter:data2\" content=\"2 minutos\" \/>\n<script type=\"application\/ld+json\" class=\"yoast-schema-graph\">{\"@context\":\"https:\/\/schema.org\",\"@graph\":[{\"@type\":\"Article\",\"@id\":\"http:\/\/www.afaraba.org\/blog\/index.php\/2021\/01\/22\/guia-informativa-y-formativa-para-personas-voluntarias\/#article\",\"isPartOf\":{\"@id\":\"http:\/\/www.afaraba.org\/blog\/index.php\/2021\/01\/22\/guia-informativa-y-formativa-para-personas-voluntarias\/\"},\"author\":{\"name\":\"admin\",\"@id\":\"https:\/\/www.afaraba.org\/blog\/#\/schema\/person\/4a0ab48b67420072f420109f30843c71\"},\"headline\":\"GUIA INFORMATIVA Y FORMATIVA PARA PERSONAS VOLUNTARIAS\",\"datePublished\":\"2021-01-22T12:40:56+00:00\",\"dateModified\":\"2021-01-22T12:47:17+00:00\",\"mainEntityOfPage\":{\"@id\":\"http:\/\/www.afaraba.org\/blog\/index.php\/2021\/01\/22\/guia-informativa-y-formativa-para-personas-voluntarias\/\"},\"wordCount\":251,\"commentCount\":0,\"publisher\":{\"@id\":\"https:\/\/www.afaraba.org\/blog\/#organization\"},\"keywords\":[\"AINHOA BOIX\",\"AYUNTAMIENTO DE VITORIA GASTEIZ\",\"FERNANDO GOMEZ BUSTO\",\"GUIA\",\"PERSONAS VOLUNTARIAS\",\"vitoria gasteiz\"],\"articleSection\":[\"VOLUNTARIADO\"],\"inLanguage\":\"es\",\"potentialAction\":[{\"@type\":\"CommentAction\",\"name\":\"Comment\",\"target\":[\"http:\/\/www.afaraba.org\/blog\/index.php\/2021\/01\/22\/guia-informativa-y-formativa-para-personas-voluntarias\/#respond\"]}]},{\"@type\":\"WebPage\",\"@id\":\"http:\/\/www.afaraba.org\/blog\/index.php\/2021\/01\/22\/guia-informativa-y-formativa-para-personas-voluntarias\/\",\"url\":\"http:\/\/www.afaraba.org\/blog\/index.php\/2021\/01\/22\/guia-informativa-y-formativa-para-personas-voluntarias\/\",\"name\":\"GUIA INFORMATIVA Y FORMATIVA PARA PERSONAS VOLUNTARIAS - AFARABA\",\"isPartOf\":{\"@id\":\"https:\/\/www.afaraba.org\/blog\/#website\"},\"datePublished\":\"2021-01-22T12:40:56+00:00\",\"dateModified\":\"2021-01-22T12:47:17+00:00\",\"breadcrumb\":{\"@id\":\"http:\/\/www.afaraba.org\/blog\/index.php\/2021\/01\/22\/guia-informativa-y-formativa-para-personas-voluntarias\/#breadcrumb\"},\"inLanguage\":\"es\",\"potentialAction\":[{\"@type\":\"ReadAction\",\"target\":[\"http:\/\/www.afaraba.org\/blog\/index.php\/2021\/01\/22\/guia-informativa-y-formativa-para-personas-voluntarias\/\"]}]},{\"@type\":\"BreadcrumbList\",\"@id\":\"http:\/\/www.afaraba.org\/blog\/index.php\/2021\/01\/22\/guia-informativa-y-formativa-para-personas-voluntarias\/#breadcrumb\",\"itemListElement\":[{\"@type\":\"ListItem\",\"position\":1,\"name\":\"Portada\",\"item\":\"https:\/\/www.afaraba.org\/blog\/\"},{\"@type\":\"ListItem\",\"position\":2,\"name\":\"GUIA INFORMATIVA Y FORMATIVA PARA PERSONAS VOLUNTARIAS\"}]},{\"@type\":\"WebSite\",\"@id\":\"https:\/\/www.afaraba.org\/blog\/#website\",\"url\":\"https:\/\/www.afaraba.org\/blog\/\",\"name\":\"AFARABA\",\"description\":\"BLOG AFARABA\",\"publisher\":{\"@id\":\"https:\/\/www.afaraba.org\/blog\/#organization\"},\"potentialAction\":[{\"@type\":\"SearchAction\",\"target\":{\"@type\":\"EntryPoint\",\"urlTemplate\":\"https:\/\/www.afaraba.org\/blog\/?s={search_term_string}\"},\"query-input\":\"required name=search_term_string\"}],\"inLanguage\":\"es\"},{\"@type\":\"Organization\",\"@id\":\"https:\/\/www.afaraba.org\/blog\/#organization\",\"name\":\"AFARABA\",\"url\":\"https:\/\/www.afaraba.org\/blog\/\",\"logo\":{\"@type\":\"ImageObject\",\"inLanguage\":\"es\",\"@id\":\"https:\/\/www.afaraba.org\/blog\/#\/schema\/logo\/image\/\",\"url\":\"http:\/\/www.afaraba.org\/blog\/wp-content\/uploads\/2020\/11\/cropped-AFA_HC-BLOG2.jpg\",\"contentUrl\":\"http:\/\/www.afaraba.org\/blog\/wp-content\/uploads\/2020\/11\/cropped-AFA_HC-BLOG2.jpg\",\"width\":240,\"height\":89,\"caption\":\"AFARABA\"},\"image\":{\"@id\":\"https:\/\/www.afaraba.org\/blog\/#\/schema\/logo\/image\/\"}},{\"@type\":\"Person\",\"@id\":\"https:\/\/www.afaraba.org\/blog\/#\/schema\/person\/4a0ab48b67420072f420109f30843c71\",\"name\":\"admin\",\"image\":{\"@type\":\"ImageObject\",\"inLanguage\":\"es\",\"@id\":\"https:\/\/www.afaraba.org\/blog\/#\/schema\/person\/image\/\",\"url\":\"http:\/\/0.gravatar.com\/avatar\/c2318eff2fb6ce04ef6dca732184cc5b?s=96&d=mm&r=g\",\"contentUrl\":\"http:\/\/0.gravatar.com\/avatar\/c2318eff2fb6ce04ef6dca732184cc5b?s=96&d=mm&r=g\",\"caption\":\"admin\"},\"url\":\"http:\/\/www.afaraba.org\/blog\/index.php\/author\/admin\/\"}]}<\/script>\n<!-- \/ Yoast SEO plugin. -->","yoast_head_json":{"title":"GUIA INFORMATIVA Y FORMATIVA PARA PERSONAS VOLUNTARIAS - AFARABA","robots":{"index":"index","follow":"follow","max-snippet":"max-snippet:-1","max-image-preview":"max-image-preview:large","max-video-preview":"max-video-preview:-1"},"canonical":"http:\/\/www.afaraba.org\/blog\/index.php\/2021\/01\/22\/guia-informativa-y-formativa-para-personas-voluntarias\/","og_locale":"es_ES","og_type":"article","og_title":"GUIA INFORMATIVA Y FORMATIVA PARA PERSONAS VOLUNTARIAS - AFARABA","og_description":"Ayer, 21 de enero presentamos una GU\u00cdA INFORMATIVA Y FORMATIVA dirigida a las cerca de 50 personas voluntarias que ya colaboran y a todas aquellas que a partir de ahora deseen formar parte del Programa ZUREKIN. A trav\u00e9s de este manual las\/los voluntarios\/as pueden conocer en qu\u00e9 tipo de tareas asociativas y de sensibilizaci\u00f3n pueden &hellip; Continuar leyendo \"GUIA INFORMATIVA Y FORMATIVA PARA PERSONAS VOLUNTARIAS\"","og_url":"http:\/\/www.afaraba.org\/blog\/index.php\/2021\/01\/22\/guia-informativa-y-formativa-para-personas-voluntarias\/","og_site_name":"AFARABA","article_published_time":"2021-01-22T12:40:56+00:00","article_modified_time":"2021-01-22T12:47:17+00:00","og_image":[{"url":"http:\/\/www.afaraba.org\/blog\/wp-content\/uploads\/2021\/01\/WhatsApp-Image-2021-01-22-at-13.25.05-2-1024x768.jpeg"}],"author":"admin","twitter_card":"summary_large_image","twitter_misc":{"Escrito por":"admin","Tiempo de lectura":"2 minutos"},"schema":{"@context":"https:\/\/schema.org","@graph":[{"@type":"Article","@id":"http:\/\/www.afaraba.org\/blog\/index.php\/2021\/01\/22\/guia-informativa-y-formativa-para-personas-voluntarias\/#article","isPartOf":{"@id":"http:\/\/www.afaraba.org\/blog\/index.php\/2021\/01\/22\/guia-informativa-y-formativa-para-personas-voluntarias\/"},"author":{"name":"admin","@id":"https:\/\/www.afaraba.org\/blog\/#\/schema\/person\/4a0ab48b67420072f420109f30843c71"},"headline":"GUIA INFORMATIVA Y FORMATIVA PARA PERSONAS VOLUNTARIAS","datePublished":"2021-01-22T12:40:56+00:00","dateModified":"2021-01-22T12:47:17+00:00","mainEntityOfPage":{"@id":"http:\/\/www.afaraba.org\/blog\/index.php\/2021\/01\/22\/guia-informativa-y-formativa-para-personas-voluntarias\/"},"wordCount":251,"commentCount":0,"publisher":{"@id":"https:\/\/www.afaraba.org\/blog\/#organization"},"keywords":["AINHOA BOIX","AYUNTAMIENTO DE VITORIA GASTEIZ","FERNANDO GOMEZ BUSTO","GUIA","PERSONAS VOLUNTARIAS","vitoria gasteiz"],"articleSection":["VOLUNTARIADO"],"inLanguage":"es","potentialAction":[{"@type":"CommentAction","name":"Comment","target":["http:\/\/www.afaraba.org\/blog\/index.php\/2021\/01\/22\/guia-informativa-y-formativa-para-personas-voluntarias\/#respond"]}]},{"@type":"WebPage","@id":"http:\/\/www.afaraba.org\/blog\/index.php\/2021\/01\/22\/guia-informativa-y-formativa-para-personas-voluntarias\/","url":"http:\/\/www.afaraba.org\/blog\/index.php\/2021\/01\/22\/guia-informativa-y-formativa-para-personas-voluntarias\/","name":"GUIA INFORMATIVA Y FORMATIVA PARA PERSONAS VOLUNTARIAS - AFARABA","isPartOf":{"@id":"https:\/\/www.afaraba.org\/blog\/#website"},"datePublished":"2021-01-22T12:40:56+00:00","dateModified":"2021-01-22T12:47:17+00:00","breadcrumb":{"@id":"http:\/\/www.afaraba.org\/blog\/index.php\/2021\/01\/22\/guia-informativa-y-formativa-para-personas-voluntarias\/#breadcrumb"},"inLanguage":"es","potentialAction":[{"@type":"ReadAction","target":["http:\/\/www.afaraba.org\/blog\/index.php\/2021\/01\/22\/guia-informativa-y-formativa-para-personas-voluntarias\/"]}]},{"@type":"BreadcrumbList","@id":"http:\/\/www.afaraba.org\/blog\/index.php\/2021\/01\/22\/guia-informativa-y-formativa-para-personas-voluntarias\/#breadcrumb","itemListElement":[{"@type":"ListItem","position":1,"name":"Portada","item":"https:\/\/www.afaraba.org\/blog\/"},{"@type":"ListItem","position":2,"name":"GUIA INFORMATIVA Y FORMATIVA PARA PERSONAS VOLUNTARIAS"}]},{"@type":"WebSite","@id":"https:\/\/www.afaraba.org\/blog\/#website","url":"https:\/\/www.afaraba.org\/blog\/","name":"AFARABA","description":"BLOG AFARABA","publisher":{"@id":"https:\/\/www.afaraba.org\/blog\/#organization"},"potentialAction":[{"@type":"SearchAction","target":{"@type":"EntryPoint","urlTemplate":"https:\/\/www.afaraba.org\/blog\/?s={search_term_string}"},"query-input":"required name=search_term_string"}],"inLanguage":"es"},{"@type":"Organization","@id":"https:\/\/www.afaraba.org\/blog\/#organization","name":"AFARABA","url":"https:\/\/www.afaraba.org\/blog\/","logo":{"@type":"ImageObject","inLanguage":"es","@id":"https:\/\/www.afaraba.org\/blog\/#\/schema\/logo\/image\/","url":"http:\/\/www.afaraba.org\/blog\/wp-content\/uploads\/2020\/11\/cropped-AFA_HC-BLOG2.jpg","contentUrl":"http:\/\/www.afaraba.org\/blog\/wp-content\/uploads\/2020\/11\/cropped-AFA_HC-BLOG2.jpg","width":240,"height":89,"caption":"AFARABA"},"image":{"@id":"https:\/\/www.afaraba.org\/blog\/#\/schema\/logo\/image\/"}},{"@type":"Person","@id":"https:\/\/www.afaraba.org\/blog\/#\/schema\/person\/4a0ab48b67420072f420109f30843c71","name":"admin","image":{"@type":"ImageObject","inLanguage":"es","@id":"https:\/\/www.afaraba.org\/blog\/#\/schema\/person\/image\/","url":"http:\/\/0.gravatar.com\/avatar\/c2318eff2fb6ce04ef6dca732184cc5b?s=96&d=mm&r=g","contentUrl":"http:\/\/0.gravatar.com\/avatar\/c2318eff2fb6ce04ef6dca732184cc5b?s=96&d=mm&r=g","caption":"admin"},"url":"http:\/\/www.afaraba.org\/blog\/index.php\/author\/admin\/"}]}},"_links":{"self":[{"href":"http:\/\/www.afaraba.org\/blog\/index.php\/wp-json\/wp\/v2\/posts\/588"}],"collection":[{"href":"http:\/\/www.afaraba.org\/blog\/index.php\/wp-json\/wp\/v2\/posts"}],"about":[{"href":"http:\/\/www.afaraba.org\/blog\/index.php\/wp-json\/wp\/v2\/types\/post"}],"author":[{"embeddable":true,"href":"http:\/\/www.afaraba.org\/blog\/index.php\/wp-json\/wp\/v2\/users\/1"}],"replies":[{"embeddable":true,"href":"http:\/\/www.afaraba.org\/blog\/index.php\/wp-json\/wp\/v2\/comments?post=588"}],"version-history":[{"count":3,"href":"http:\/\/www.afaraba.org\/blog\/index.php\/wp-json\/wp\/v2\/posts\/588\/revisions"}],"predecessor-version":[{"id":596,"href":"http:\/\/www.afaraba.org\/blog\/index.php\/wp-json\/wp\/v2\/posts\/588\/revisions\/596"}],"wp:attachment":[{"href":"http:\/\/www.afaraba.org\/blog\/index.php\/wp-json\/wp\/v2\/media?parent=588"}],"wp:term":[{"taxonomy":"category","embeddable":true,"href":"http:\/\/www.afaraba.org\/blog\/index.php\/wp-json\/wp\/v2\/categories?post=588"},{"taxonomy":"post_tag","embeddable":true,"href":"http:\/\/www.afaraba.org\/blog\/index.php\/wp-json\/wp\/v2\/tags?post=588"}],"curies":[{"name":"wp","href":"https:\/\/api.w.org\/{rel}","templated":true}]}}