{"id":599,"date":"2021-02-17T11:18:00","date_gmt":"2021-02-17T10:18:00","guid":{"rendered":"http:\/\/www.afaraba.org\/blog\/?p=599"},"modified":"2021-03-24T12:16:57","modified_gmt":"2021-03-24T11:16:57","slug":"servicio-de-teleasitencia-adaptado-betion","status":"publish","type":"post","link":"http:\/\/www.afaraba.org\/blog\/index.php\/2021\/02\/17\/servicio-de-teleasitencia-adaptado-betion\/","title":{"rendered":"Servicio de Teleasitencia Adaptado Betion"},"content":{"rendered":"\n<p>Hoy 17 de Febrero tuvo\u00a0 lugar en la Sede de AFARABA un acto para la presentaci\u00f3n del programa piloto para adaptar el servicio de Teleasistencia a las personas con deterioro cognitivo y a sus familiares.<\/p>\n\n\n\n<figure class=\"wp-block-image size-large is-resized\"><img loading=\"lazy\" src=\"https:\/\/www.afaraba.org\/blog\/wp-content\/uploads\/2021\/03\/n770_2021.02.17_AFARABA_029.jpg\" alt=\"\" class=\"wp-image-600\" width=\"399\" height=\"265\" srcset=\"http:\/\/www.afaraba.org\/blog\/wp-content\/uploads\/2021\/03\/n770_2021.02.17_AFARABA_029.jpg 770w, http:\/\/www.afaraba.org\/blog\/wp-content\/uploads\/2021\/03\/n770_2021.02.17_AFARABA_029-300x200.jpg 300w, http:\/\/www.afaraba.org\/blog\/wp-content\/uploads\/2021\/03\/n770_2021.02.17_AFARABA_029-768x512.jpg 768w\" sizes=\"(max-width: 399px) 85vw, 399px\" \/><\/figure>\n\n\n\n<p>Dicha adaptaci\u00f3n realizada por BetiON en colaboraci\u00f3n\u00a0 con las AFAS\u00a0 de Araba Bizkaia y Gipuzkoa nos ha permitido validar un modelo de intervenci\u00f3n que proporciona: informaci\u00f3n, autonom\u00eda y seguridad\u00a0 domiciliaria, tanto\u00a0 a los familiares de personas con deterioro cognitivo como a aquellas personas con deterioro cognitivo leve que viven solas. Pero, adem\u00e1s, desde este servicio se pueden detectar y, de hecho, se detectan, circunstancias cr\u00edticas o de riego\u00a0 que, a menudo,\u00a0 se\u00a0 plantean,\u00a0 m\u00e1s a\u00fan con los escenarios que nos encontramos como consecuencia de la COVID-19.\u00a0<\/p>\n\n\n\n<p>Desde las AFAs pensamos que este estudio implica&nbsp; un gran avance en la mejora de la&nbsp; intervenci\u00f3n con el colectivo al que representamos. Esperamos que la alianza creada permanezca en el tiempo,&nbsp; y podamos seguir colaborando&nbsp; con los t\u00e9cnicos del Servicio de Teleasistencia del Gobierno Vasco,&nbsp; un regalo y un aut\u00e9ntico placer.<\/p>\n\n\n\n<figure class=\"wp-block-image size-large is-resized\"><a href=\"https:\/\/www.euskadi.eus\/teleasistencia-servicio-dependientes\/web01-a2gizar\/es\/\" target=\"_blank\" rel=\"noopener\"><img loading=\"lazy\" src=\"https:\/\/www.afaraba.org\/blog\/wp-content\/uploads\/2021\/03\/logo-betion.jpg\" alt=\"\" class=\"wp-image-603\" width=\"208\" height=\"134\"\/><\/a><\/figure>\n\n\n\n<figure class=\"wp-block-image size-large\"><a href=\"http:\/\/afagi.eus\/es\/\"><img loading=\"lazy\" width=\"175\" height=\"107\" src=\"https:\/\/www.afaraba.org\/blog\/wp-content\/uploads\/2021\/03\/logo-afagi.jpg\" alt=\"\" class=\"wp-image-602\"\/><\/a><\/figure>\n\n\n\n<figure class=\"wp-block-image size-large is-resized\"><a href=\"https:\/\/www.afa-bizkaia.com\/\" target=\"_blank\" rel=\"noopener\"><img loading=\"lazy\" src=\"https:\/\/www.afaraba.org\/blog\/wp-content\/uploads\/2021\/03\/logo-afa-bizkaia.jpg\" alt=\"\" class=\"wp-image-601\" width=\"255\" height=\"66\"\/><\/a><\/figure>\n\n\n\n<figure class=\"wp-block-image size-large is-resized\"><img loading=\"lazy\" src=\"http:\/\/www.afaraba.org\/blog\/wp-content\/uploads\/2021\/03\/AFA_HC-1024x320.jpg\" alt=\"\" class=\"wp-image-604\" width=\"268\" height=\"83\" srcset=\"http:\/\/www.afaraba.org\/blog\/wp-content\/uploads\/2021\/03\/AFA_HC-1024x320.jpg 1024w, http:\/\/www.afaraba.org\/blog\/wp-content\/uploads\/2021\/03\/AFA_HC-300x94.jpg 300w, http:\/\/www.afaraba.org\/blog\/wp-content\/uploads\/2021\/03\/AFA_HC-768x240.jpg 768w, http:\/\/www.afaraba.org\/blog\/wp-content\/uploads\/2021\/03\/AFA_HC-1536x480.jpg 1536w, http:\/\/www.afaraba.org\/blog\/wp-content\/uploads\/2021\/03\/AFA_HC-1200x375.jpg 1200w, http:\/\/www.afaraba.org\/blog\/wp-content\/uploads\/2021\/03\/AFA_HC.jpg 2008w\" sizes=\"(max-width: 268px) 85vw, 268px\" \/><figcaption><a href=\"http:\/\/www.afaraba.org\" target=\"_blank\" rel=\"noreferrer noopener\">www.afaraba.org<\/a><\/figcaption><\/figure>\n","protected":false},"excerpt":{"rendered":"<p>Hoy 17 de Febrero tuvo\u00a0 lugar en la Sede de AFARABA un acto para la presentaci\u00f3n del programa piloto para adaptar el servicio de Teleasistencia a las personas con deterioro cognitivo y a sus familiares. Dicha adaptaci\u00f3n realizada por BetiON en colaboraci\u00f3n\u00a0 con las AFAS\u00a0 de Araba Bizkaia y Gipuzkoa nos ha permitido validar un &hellip; <a href=\"http:\/\/www.afaraba.org\/blog\/index.php\/2021\/02\/17\/servicio-de-teleasitencia-adaptado-betion\/\" class=\"more-link\">Continuar leyendo<span class=\"screen-reader-text\"> \u00abServicio de Teleasitencia Adaptado Betion\u00bb<\/span><\/a><\/p>\n","protected":false},"author":1,"featured_media":0,"comment_status":"open","ping_status":"open","sticky":false,"template":"","format":"standard","meta":{"om_disable_all_campaigns":false,"_monsterinsights_skip_tracking":false,"_monsterinsights_sitenote_active":false,"_monsterinsights_sitenote_note":"","_monsterinsights_sitenote_category":0,"_uf_show_specific_survey":0,"_uf_disable_surveys":false},"categories":[109],"tags":[],"aioseo_notices":[],"yoast_head":"<!-- This site is optimized with the Yoast SEO plugin v20.4 - https:\/\/yoast.com\/wordpress\/plugins\/seo\/ -->\n<title>Servicio de Teleasitencia Adaptado Betion - AFARABA<\/title>\n<meta name=\"robots\" content=\"index, follow, max-snippet:-1, max-image-preview:large, max-video-preview:-1\" \/>\n<link rel=\"canonical\" href=\"http:\/\/www.afaraba.org\/blog\/index.php\/2021\/02\/17\/servicio-de-teleasitencia-adaptado-betion\/\" \/>\n<meta property=\"og:locale\" content=\"es_ES\" \/>\n<meta property=\"og:type\" content=\"article\" \/>\n<meta property=\"og:title\" content=\"Servicio de Teleasitencia Adaptado Betion - AFARABA\" \/>\n<meta property=\"og:description\" content=\"Hoy 17 de Febrero tuvo\u00a0 lugar en la Sede de AFARABA un acto para la presentaci\u00f3n del programa piloto para adaptar el servicio de Teleasistencia a las personas con deterioro cognitivo y a sus familiares. Dicha adaptaci\u00f3n realizada por BetiON en colaboraci\u00f3n\u00a0 con las AFAS\u00a0 de Araba Bizkaia y Gipuzkoa nos ha permitido validar un &hellip; Continuar leyendo &quot;Servicio de Teleasitencia Adaptado Betion&quot;\" \/>\n<meta property=\"og:url\" content=\"http:\/\/www.afaraba.org\/blog\/index.php\/2021\/02\/17\/servicio-de-teleasitencia-adaptado-betion\/\" \/>\n<meta property=\"og:site_name\" content=\"AFARABA\" \/>\n<meta property=\"article:published_time\" content=\"2021-02-17T10:18:00+00:00\" \/>\n<meta property=\"article:modified_time\" content=\"2021-03-24T11:16:57+00:00\" \/>\n<meta property=\"og:image\" content=\"https:\/\/www.afaraba.org\/blog\/wp-content\/uploads\/2021\/03\/n770_2021.02.17_AFARABA_029.jpg\" \/>\n<meta name=\"author\" content=\"admin\" \/>\n<meta name=\"twitter:card\" content=\"summary_large_image\" \/>\n<meta name=\"twitter:label1\" content=\"Escrito por\" \/>\n\t<meta name=\"twitter:data1\" content=\"admin\" \/>\n\t<meta name=\"twitter:label2\" content=\"Tiempo de lectura\" \/>\n\t<meta name=\"twitter:data2\" content=\"2 minutos\" \/>\n<script type=\"application\/ld+json\" class=\"yoast-schema-graph\">{\"@context\":\"https:\/\/schema.org\",\"@graph\":[{\"@type\":\"Article\",\"@id\":\"http:\/\/www.afaraba.org\/blog\/index.php\/2021\/02\/17\/servicio-de-teleasitencia-adaptado-betion\/#article\",\"isPartOf\":{\"@id\":\"http:\/\/www.afaraba.org\/blog\/index.php\/2021\/02\/17\/servicio-de-teleasitencia-adaptado-betion\/\"},\"author\":{\"name\":\"admin\",\"@id\":\"https:\/\/www.afaraba.org\/blog\/#\/schema\/person\/4a0ab48b67420072f420109f30843c71\"},\"headline\":\"Servicio de Teleasitencia Adaptado Betion\",\"datePublished\":\"2021-02-17T10:18:00+00:00\",\"dateModified\":\"2021-03-24T11:16:57+00:00\",\"mainEntityOfPage\":{\"@id\":\"http:\/\/www.afaraba.org\/blog\/index.php\/2021\/02\/17\/servicio-de-teleasitencia-adaptado-betion\/\"},\"wordCount\":198,\"commentCount\":0,\"publisher\":{\"@id\":\"https:\/\/www.afaraba.org\/blog\/#organization\"},\"articleSection\":[\"COLABORACI\u00d3N\"],\"inLanguage\":\"es\",\"potentialAction\":[{\"@type\":\"CommentAction\",\"name\":\"Comment\",\"target\":[\"http:\/\/www.afaraba.org\/blog\/index.php\/2021\/02\/17\/servicio-de-teleasitencia-adaptado-betion\/#respond\"]}]},{\"@type\":\"WebPage\",\"@id\":\"http:\/\/www.afaraba.org\/blog\/index.php\/2021\/02\/17\/servicio-de-teleasitencia-adaptado-betion\/\",\"url\":\"http:\/\/www.afaraba.org\/blog\/index.php\/2021\/02\/17\/servicio-de-teleasitencia-adaptado-betion\/\",\"name\":\"Servicio de Teleasitencia Adaptado Betion - AFARABA\",\"isPartOf\":{\"@id\":\"https:\/\/www.afaraba.org\/blog\/#website\"},\"datePublished\":\"2021-02-17T10:18:00+00:00\",\"dateModified\":\"2021-03-24T11:16:57+00:00\",\"breadcrumb\":{\"@id\":\"http:\/\/www.afaraba.org\/blog\/index.php\/2021\/02\/17\/servicio-de-teleasitencia-adaptado-betion\/#breadcrumb\"},\"inLanguage\":\"es\",\"potentialAction\":[{\"@type\":\"ReadAction\",\"target\":[\"http:\/\/www.afaraba.org\/blog\/index.php\/2021\/02\/17\/servicio-de-teleasitencia-adaptado-betion\/\"]}]},{\"@type\":\"BreadcrumbList\",\"@id\":\"http:\/\/www.afaraba.org\/blog\/index.php\/2021\/02\/17\/servicio-de-teleasitencia-adaptado-betion\/#breadcrumb\",\"itemListElement\":[{\"@type\":\"ListItem\",\"position\":1,\"name\":\"Portada\",\"item\":\"https:\/\/www.afaraba.org\/blog\/\"},{\"@type\":\"ListItem\",\"position\":2,\"name\":\"Servicio de Teleasitencia Adaptado Betion\"}]},{\"@type\":\"WebSite\",\"@id\":\"https:\/\/www.afaraba.org\/blog\/#website\",\"url\":\"https:\/\/www.afaraba.org\/blog\/\",\"name\":\"AFARABA\",\"description\":\"BLOG AFARABA\",\"publisher\":{\"@id\":\"https:\/\/www.afaraba.org\/blog\/#organization\"},\"potentialAction\":[{\"@type\":\"SearchAction\",\"target\":{\"@type\":\"EntryPoint\",\"urlTemplate\":\"https:\/\/www.afaraba.org\/blog\/?s={search_term_string}\"},\"query-input\":\"required name=search_term_string\"}],\"inLanguage\":\"es\"},{\"@type\":\"Organization\",\"@id\":\"https:\/\/www.afaraba.org\/blog\/#organization\",\"name\":\"AFARABA\",\"url\":\"https:\/\/www.afaraba.org\/blog\/\",\"logo\":{\"@type\":\"ImageObject\",\"inLanguage\":\"es\",\"@id\":\"https:\/\/www.afaraba.org\/blog\/#\/schema\/logo\/image\/\",\"url\":\"http:\/\/www.afaraba.org\/blog\/wp-content\/uploads\/2020\/11\/cropped-AFA_HC-BLOG2.jpg\",\"contentUrl\":\"http:\/\/www.afaraba.org\/blog\/wp-content\/uploads\/2020\/11\/cropped-AFA_HC-BLOG2.jpg\",\"width\":240,\"height\":89,\"caption\":\"AFARABA\"},\"image\":{\"@id\":\"https:\/\/www.afaraba.org\/blog\/#\/schema\/logo\/image\/\"}},{\"@type\":\"Person\",\"@id\":\"https:\/\/www.afaraba.org\/blog\/#\/schema\/person\/4a0ab48b67420072f420109f30843c71\",\"name\":\"admin\",\"image\":{\"@type\":\"ImageObject\",\"inLanguage\":\"es\",\"@id\":\"https:\/\/www.afaraba.org\/blog\/#\/schema\/person\/image\/\",\"url\":\"http:\/\/0.gravatar.com\/avatar\/c2318eff2fb6ce04ef6dca732184cc5b?s=96&d=mm&r=g\",\"contentUrl\":\"http:\/\/0.gravatar.com\/avatar\/c2318eff2fb6ce04ef6dca732184cc5b?s=96&d=mm&r=g\",\"caption\":\"admin\"},\"url\":\"http:\/\/www.afaraba.org\/blog\/index.php\/author\/admin\/\"}]}<\/script>\n<!-- \/ Yoast SEO plugin. -->","yoast_head_json":{"title":"Servicio de Teleasitencia Adaptado Betion - AFARABA","robots":{"index":"index","follow":"follow","max-snippet":"max-snippet:-1","max-image-preview":"max-image-preview:large","max-video-preview":"max-video-preview:-1"},"canonical":"http:\/\/www.afaraba.org\/blog\/index.php\/2021\/02\/17\/servicio-de-teleasitencia-adaptado-betion\/","og_locale":"es_ES","og_type":"article","og_title":"Servicio de Teleasitencia Adaptado Betion - AFARABA","og_description":"Hoy 17 de Febrero tuvo\u00a0 lugar en la Sede de AFARABA un acto para la presentaci\u00f3n del programa piloto para adaptar el servicio de Teleasistencia a las personas con deterioro cognitivo y a sus familiares. Dicha adaptaci\u00f3n realizada por BetiON en colaboraci\u00f3n\u00a0 con las AFAS\u00a0 de Araba Bizkaia y Gipuzkoa nos ha permitido validar un &hellip; Continuar leyendo \"Servicio de Teleasitencia Adaptado Betion\"","og_url":"http:\/\/www.afaraba.org\/blog\/index.php\/2021\/02\/17\/servicio-de-teleasitencia-adaptado-betion\/","og_site_name":"AFARABA","article_published_time":"2021-02-17T10:18:00+00:00","article_modified_time":"2021-03-24T11:16:57+00:00","og_image":[{"url":"https:\/\/www.afaraba.org\/blog\/wp-content\/uploads\/2021\/03\/n770_2021.02.17_AFARABA_029.jpg"}],"author":"admin","twitter_card":"summary_large_image","twitter_misc":{"Escrito por":"admin","Tiempo de lectura":"2 minutos"},"schema":{"@context":"https:\/\/schema.org","@graph":[{"@type":"Article","@id":"http:\/\/www.afaraba.org\/blog\/index.php\/2021\/02\/17\/servicio-de-teleasitencia-adaptado-betion\/#article","isPartOf":{"@id":"http:\/\/www.afaraba.org\/blog\/index.php\/2021\/02\/17\/servicio-de-teleasitencia-adaptado-betion\/"},"author":{"name":"admin","@id":"https:\/\/www.afaraba.org\/blog\/#\/schema\/person\/4a0ab48b67420072f420109f30843c71"},"headline":"Servicio de Teleasitencia Adaptado Betion","datePublished":"2021-02-17T10:18:00+00:00","dateModified":"2021-03-24T11:16:57+00:00","mainEntityOfPage":{"@id":"http:\/\/www.afaraba.org\/blog\/index.php\/2021\/02\/17\/servicio-de-teleasitencia-adaptado-betion\/"},"wordCount":198,"commentCount":0,"publisher":{"@id":"https:\/\/www.afaraba.org\/blog\/#organization"},"articleSection":["COLABORACI\u00d3N"],"inLanguage":"es","potentialAction":[{"@type":"CommentAction","name":"Comment","target":["http:\/\/www.afaraba.org\/blog\/index.php\/2021\/02\/17\/servicio-de-teleasitencia-adaptado-betion\/#respond"]}]},{"@type":"WebPage","@id":"http:\/\/www.afaraba.org\/blog\/index.php\/2021\/02\/17\/servicio-de-teleasitencia-adaptado-betion\/","url":"http:\/\/www.afaraba.org\/blog\/index.php\/2021\/02\/17\/servicio-de-teleasitencia-adaptado-betion\/","name":"Servicio de Teleasitencia Adaptado Betion - AFARABA","isPartOf":{"@id":"https:\/\/www.afaraba.org\/blog\/#website"},"datePublished":"2021-02-17T10:18:00+00:00","dateModified":"2021-03-24T11:16:57+00:00","breadcrumb":{"@id":"http:\/\/www.afaraba.org\/blog\/index.php\/2021\/02\/17\/servicio-de-teleasitencia-adaptado-betion\/#breadcrumb"},"inLanguage":"es","potentialAction":[{"@type":"ReadAction","target":["http:\/\/www.afaraba.org\/blog\/index.php\/2021\/02\/17\/servicio-de-teleasitencia-adaptado-betion\/"]}]},{"@type":"BreadcrumbList","@id":"http:\/\/www.afaraba.org\/blog\/index.php\/2021\/02\/17\/servicio-de-teleasitencia-adaptado-betion\/#breadcrumb","itemListElement":[{"@type":"ListItem","position":1,"name":"Portada","item":"https:\/\/www.afaraba.org\/blog\/"},{"@type":"ListItem","position":2,"name":"Servicio de Teleasitencia Adaptado Betion"}]},{"@type":"WebSite","@id":"https:\/\/www.afaraba.org\/blog\/#website","url":"https:\/\/www.afaraba.org\/blog\/","name":"AFARABA","description":"BLOG AFARABA","publisher":{"@id":"https:\/\/www.afaraba.org\/blog\/#organization"},"potentialAction":[{"@type":"SearchAction","target":{"@type":"EntryPoint","urlTemplate":"https:\/\/www.afaraba.org\/blog\/?s={search_term_string}"},"query-input":"required name=search_term_string"}],"inLanguage":"es"},{"@type":"Organization","@id":"https:\/\/www.afaraba.org\/blog\/#organization","name":"AFARABA","url":"https:\/\/www.afaraba.org\/blog\/","logo":{"@type":"ImageObject","inLanguage":"es","@id":"https:\/\/www.afaraba.org\/blog\/#\/schema\/logo\/image\/","url":"http:\/\/www.afaraba.org\/blog\/wp-content\/uploads\/2020\/11\/cropped-AFA_HC-BLOG2.jpg","contentUrl":"http:\/\/www.afaraba.org\/blog\/wp-content\/uploads\/2020\/11\/cropped-AFA_HC-BLOG2.jpg","width":240,"height":89,"caption":"AFARABA"},"image":{"@id":"https:\/\/www.afaraba.org\/blog\/#\/schema\/logo\/image\/"}},{"@type":"Person","@id":"https:\/\/www.afaraba.org\/blog\/#\/schema\/person\/4a0ab48b67420072f420109f30843c71","name":"admin","image":{"@type":"ImageObject","inLanguage":"es","@id":"https:\/\/www.afaraba.org\/blog\/#\/schema\/person\/image\/","url":"http:\/\/0.gravatar.com\/avatar\/c2318eff2fb6ce04ef6dca732184cc5b?s=96&d=mm&r=g","contentUrl":"http:\/\/0.gravatar.com\/avatar\/c2318eff2fb6ce04ef6dca732184cc5b?s=96&d=mm&r=g","caption":"admin"},"url":"http:\/\/www.afaraba.org\/blog\/index.php\/author\/admin\/"}]}},"_links":{"self":[{"href":"http:\/\/www.afaraba.org\/blog\/index.php\/wp-json\/wp\/v2\/posts\/599"}],"collection":[{"href":"http:\/\/www.afaraba.org\/blog\/index.php\/wp-json\/wp\/v2\/posts"}],"about":[{"href":"http:\/\/www.afaraba.org\/blog\/index.php\/wp-json\/wp\/v2\/types\/post"}],"author":[{"embeddable":true,"href":"http:\/\/www.afaraba.org\/blog\/index.php\/wp-json\/wp\/v2\/users\/1"}],"replies":[{"embeddable":true,"href":"http:\/\/www.afaraba.org\/blog\/index.php\/wp-json\/wp\/v2\/comments?post=599"}],"version-history":[{"count":1,"href":"http:\/\/www.afaraba.org\/blog\/index.php\/wp-json\/wp\/v2\/posts\/599\/revisions"}],"predecessor-version":[{"id":605,"href":"http:\/\/www.afaraba.org\/blog\/index.php\/wp-json\/wp\/v2\/posts\/599\/revisions\/605"}],"wp:attachment":[{"href":"http:\/\/www.afaraba.org\/blog\/index.php\/wp-json\/wp\/v2\/media?parent=599"}],"wp:term":[{"taxonomy":"category","embeddable":true,"href":"http:\/\/www.afaraba.org\/blog\/index.php\/wp-json\/wp\/v2\/categories?post=599"},{"taxonomy":"post_tag","embeddable":true,"href":"http:\/\/www.afaraba.org\/blog\/index.php\/wp-json\/wp\/v2\/tags?post=599"}],"curies":[{"name":"wp","href":"https:\/\/api.w.org\/{rel}","templated":true}]}}