{"id":607,"date":"2021-04-13T14:32:35","date_gmt":"2021-04-13T13:32:35","guid":{"rendered":"http:\/\/www.afaraba.org\/blog\/?p=607"},"modified":"2021-04-13T14:34:44","modified_gmt":"2021-04-13T13:34:44","slug":"servicio-diurno-san-prudencio","status":"publish","type":"post","link":"http:\/\/www.afaraba.org\/blog\/index.php\/2021\/04\/13\/servicio-diurno-san-prudencio\/","title":{"rendered":"SERVICIO DIURNO SAN PRUDENCIO"},"content":{"rendered":"\n<p>AFARABA a desarrollado una acci\u00f3n formativa y de acompa\u00f1amiento dirigida a los profesionales del hasta ahora<em> Centro de D\u00eda Asistido ubicado en el CIAM San Prudencio<\/em>.<\/p>\n\n\n\n<figure class=\"wp-block-image size-large is-resized\"><img loading=\"lazy\" src=\"https:\/\/www.afaraba.org\/blog\/wp-content\/uploads\/2021\/04\/WhatsApp-Image-2021-04-13-at-15.11.10.jpeg\" alt=\"\" class=\"wp-image-608\" width=\"422\" height=\"281\" srcset=\"http:\/\/www.afaraba.org\/blog\/wp-content\/uploads\/2021\/04\/WhatsApp-Image-2021-04-13-at-15.11.10.jpeg 690w, http:\/\/www.afaraba.org\/blog\/wp-content\/uploads\/2021\/04\/WhatsApp-Image-2021-04-13-at-15.11.10-300x200.jpeg 300w\" sizes=\"(max-width: 422px) 85vw, 422px\" \/><\/figure>\n\n\n\n<p>Dirigido a personas con Grado 1 de dependencia hasta 39 puntos, desde el que se pretende incorporar de forma progresiva a personas con deterioro cognitivo leve y demencia.<\/p>\n\n\n\n<p>Ha estado compuesto por cinco charlas formativas desarrolladas a lo largo del mes de marzo y abril por profesionales de nuestra entidad.<\/p>\n\n\n\n<figure class=\"wp-block-image size-large is-resized\"><img loading=\"lazy\" src=\"https:\/\/www.afaraba.org\/blog\/wp-content\/uploads\/2021\/04\/WhatsApp-Image-2021-04-13-at-15.19.38-1024x768.jpeg\" alt=\"\" class=\"wp-image-611\" width=\"419\" height=\"314\" srcset=\"http:\/\/www.afaraba.org\/blog\/wp-content\/uploads\/2021\/04\/WhatsApp-Image-2021-04-13-at-15.19.38-1024x768.jpeg 1024w, http:\/\/www.afaraba.org\/blog\/wp-content\/uploads\/2021\/04\/WhatsApp-Image-2021-04-13-at-15.19.38-300x225.jpeg 300w, http:\/\/www.afaraba.org\/blog\/wp-content\/uploads\/2021\/04\/WhatsApp-Image-2021-04-13-at-15.19.38-768x576.jpeg 768w, http:\/\/www.afaraba.org\/blog\/wp-content\/uploads\/2021\/04\/WhatsApp-Image-2021-04-13-at-15.19.38-1536x1152.jpeg 1536w, http:\/\/www.afaraba.org\/blog\/wp-content\/uploads\/2021\/04\/WhatsApp-Image-2021-04-13-at-15.19.38-1200x900.jpeg 1200w, http:\/\/www.afaraba.org\/blog\/wp-content\/uploads\/2021\/04\/WhatsApp-Image-2021-04-13-at-15.19.38.jpeg 1600w\" sizes=\"(max-width: 419px) 85vw, 419px\" \/><\/figure>\n\n\n\n<p>29 de marzo de 2021:  <strong><strong>\u201c<\/strong><\/strong> <strong>Conociendo al cuidador\/a familiar. La otra cara del cuidado de una persona con <em>demencia<strong>\u201d<\/strong><\/em><\/strong>,<em> Yanela San Mill\u00e1n, Neuropsic\u00f3loga y especialista en intervenci\u00f3n social y en m\u00e9todo Nur.<\/em><\/p>\n\n\n\n<p>30 de marzo de 2021: <strong>\u201cAbordaje no farmacol\u00f3gico de los trastornos de conducta en la persona con demencia\u201d<\/strong>,  <em> Kontxi Llorens, Neuropsic\u00f3loga de AFARABA.<\/em><\/p>\n\n\n\n<p>31 de marzo de 2021: <strong>\u201c<\/strong> <strong>Repercusiones sociales de la demencia en las familias<strong>\u201d<\/strong>,<\/strong> Paula Casas, Trabajadora social de AFARABA y mediadora.<\/p>\n\n\n\n<p>6 de abril de 2021: <strong>\u201cLa comunicaci\u00f3n en la persona con demencia\u201d<\/strong>,  Zuri\u00f1e Majuelo, Psic\u00f3loga de AFARABA<\/p>\n\n\n\n<p>12 de abril de 2021:  <strong>\u201c\u00bfC\u00f3mo me puede ayudar el mindfulness a cuidarme en mi trabajo diario?\u201d<\/strong>, Luis Miguel Amurrio. Psic\u00f3logo cl\u00ednico. Psicoterapeuta (FEAP). Psic\u00f3logo AFARABA. Profesor de mindfulness y compasi\u00f3n (MSC).<\/p>\n\n\n\n<figure class=\"wp-block-image size-large is-resized\"><img loading=\"lazy\" src=\"https:\/\/www.afaraba.org\/blog\/wp-content\/uploads\/2021\/04\/WhatsApp-Image-2021-04-13-at-15.19.38-1-1024x594.jpeg\" alt=\"\" class=\"wp-image-612\" width=\"445\" height=\"258\" srcset=\"http:\/\/www.afaraba.org\/blog\/wp-content\/uploads\/2021\/04\/WhatsApp-Image-2021-04-13-at-15.19.38-1-1024x594.jpeg 1024w, http:\/\/www.afaraba.org\/blog\/wp-content\/uploads\/2021\/04\/WhatsApp-Image-2021-04-13-at-15.19.38-1-300x174.jpeg 300w, http:\/\/www.afaraba.org\/blog\/wp-content\/uploads\/2021\/04\/WhatsApp-Image-2021-04-13-at-15.19.38-1-768x445.jpeg 768w, http:\/\/www.afaraba.org\/blog\/wp-content\/uploads\/2021\/04\/WhatsApp-Image-2021-04-13-at-15.19.38-1-1200x696.jpeg 1200w, http:\/\/www.afaraba.org\/blog\/wp-content\/uploads\/2021\/04\/WhatsApp-Image-2021-04-13-at-15.19.38-1.jpeg 1300w\" sizes=\"(max-width: 445px) 85vw, 445px\" \/><\/figure>\n\n\n\n<p>Queremos dar las gracias por colaborar con su testimonio a Gorka Ortiz Asociado de Afaraba<\/p>\n","protected":false},"excerpt":{"rendered":"<p>AFARABA a desarrollado una acci\u00f3n formativa y de acompa\u00f1amiento dirigida a los profesionales del hasta ahora Centro de D\u00eda Asistido ubicado en el CIAM San Prudencio. Dirigido a personas con Grado 1 de dependencia hasta 39 puntos, desde el que se pretende incorporar de forma progresiva a personas con deterioro cognitivo leve y demencia. Ha &hellip; <a href=\"http:\/\/www.afaraba.org\/blog\/index.php\/2021\/04\/13\/servicio-diurno-san-prudencio\/\" class=\"more-link\">Continuar leyendo<span class=\"screen-reader-text\"> \u00abSERVICIO DIURNO SAN PRUDENCIO\u00bb<\/span><\/a><\/p>\n","protected":false},"author":1,"featured_media":0,"comment_status":"open","ping_status":"open","sticky":false,"template":"","format":"standard","meta":{"om_disable_all_campaigns":false,"_monsterinsights_skip_tracking":false,"_monsterinsights_sitenote_active":false,"_monsterinsights_sitenote_note":"","_monsterinsights_sitenote_category":0,"_uf_show_specific_survey":0,"_uf_disable_surveys":false},"categories":[5],"tags":[218,215,142,32,216,217,213,214,24],"aioseo_notices":[],"yoast_head":"<!-- This site is optimized with the Yoast SEO plugin v20.4 - https:\/\/yoast.com\/wordpress\/plugins\/seo\/ -->\n<title>SERVICIO DIURNO SAN PRUDENCIO - AFARABA<\/title>\n<meta name=\"robots\" content=\"index, follow, max-snippet:-1, max-image-preview:large, max-video-preview:-1\" \/>\n<link rel=\"canonical\" href=\"http:\/\/www.afaraba.org\/blog\/index.php\/2021\/04\/13\/servicio-diurno-san-prudencio\/\" \/>\n<meta property=\"og:locale\" content=\"es_ES\" \/>\n<meta property=\"og:type\" content=\"article\" \/>\n<meta property=\"og:title\" content=\"SERVICIO DIURNO SAN PRUDENCIO - AFARABA\" \/>\n<meta property=\"og:description\" content=\"AFARABA a desarrollado una acci\u00f3n formativa y de acompa\u00f1amiento dirigida a los profesionales del hasta ahora Centro de D\u00eda Asistido ubicado en el CIAM San Prudencio. Dirigido a personas con Grado 1 de dependencia hasta 39 puntos, desde el que se pretende incorporar de forma progresiva a personas con deterioro cognitivo leve y demencia. Ha &hellip; Continuar leyendo &quot;SERVICIO DIURNO SAN PRUDENCIO&quot;\" \/>\n<meta property=\"og:url\" content=\"http:\/\/www.afaraba.org\/blog\/index.php\/2021\/04\/13\/servicio-diurno-san-prudencio\/\" \/>\n<meta property=\"og:site_name\" content=\"AFARABA\" \/>\n<meta property=\"article:published_time\" content=\"2021-04-13T13:32:35+00:00\" \/>\n<meta property=\"article:modified_time\" content=\"2021-04-13T13:34:44+00:00\" \/>\n<meta property=\"og:image\" content=\"https:\/\/www.afaraba.org\/blog\/wp-content\/uploads\/2021\/04\/WhatsApp-Image-2021-04-13-at-15.11.10.jpeg\" \/>\n<meta name=\"author\" content=\"admin\" \/>\n<meta name=\"twitter:card\" content=\"summary_large_image\" \/>\n<meta name=\"twitter:label1\" content=\"Escrito por\" \/>\n\t<meta name=\"twitter:data1\" content=\"admin\" \/>\n\t<meta name=\"twitter:label2\" content=\"Tiempo de lectura\" \/>\n\t<meta name=\"twitter:data2\" content=\"2 minutos\" \/>\n<script type=\"application\/ld+json\" class=\"yoast-schema-graph\">{\"@context\":\"https:\/\/schema.org\",\"@graph\":[{\"@type\":\"Article\",\"@id\":\"http:\/\/www.afaraba.org\/blog\/index.php\/2021\/04\/13\/servicio-diurno-san-prudencio\/#article\",\"isPartOf\":{\"@id\":\"http:\/\/www.afaraba.org\/blog\/index.php\/2021\/04\/13\/servicio-diurno-san-prudencio\/\"},\"author\":{\"name\":\"admin\",\"@id\":\"https:\/\/www.afaraba.org\/blog\/#\/schema\/person\/4a0ab48b67420072f420109f30843c71\"},\"headline\":\"SERVICIO DIURNO SAN PRUDENCIO\",\"datePublished\":\"2021-04-13T13:32:35+00:00\",\"dateModified\":\"2021-04-13T13:34:44+00:00\",\"mainEntityOfPage\":{\"@id\":\"http:\/\/www.afaraba.org\/blog\/index.php\/2021\/04\/13\/servicio-diurno-san-prudencio\/\"},\"wordCount\":226,\"commentCount\":0,\"publisher\":{\"@id\":\"https:\/\/www.afaraba.org\/blog\/#organization\"},\"keywords\":[\"39 puntos\",\"accion formativa\",\"acompa\u00f1amiento\",\"Alava\",\"ciam\",\"grado 1\",\"san prudencio\",\"servicio diurno\",\"vitoria gasteiz\"],\"articleSection\":[\"FORMACI\u00d3N\"],\"inLanguage\":\"es\",\"potentialAction\":[{\"@type\":\"CommentAction\",\"name\":\"Comment\",\"target\":[\"http:\/\/www.afaraba.org\/blog\/index.php\/2021\/04\/13\/servicio-diurno-san-prudencio\/#respond\"]}]},{\"@type\":\"WebPage\",\"@id\":\"http:\/\/www.afaraba.org\/blog\/index.php\/2021\/04\/13\/servicio-diurno-san-prudencio\/\",\"url\":\"http:\/\/www.afaraba.org\/blog\/index.php\/2021\/04\/13\/servicio-diurno-san-prudencio\/\",\"name\":\"SERVICIO DIURNO SAN PRUDENCIO - AFARABA\",\"isPartOf\":{\"@id\":\"https:\/\/www.afaraba.org\/blog\/#website\"},\"datePublished\":\"2021-04-13T13:32:35+00:00\",\"dateModified\":\"2021-04-13T13:34:44+00:00\",\"breadcrumb\":{\"@id\":\"http:\/\/www.afaraba.org\/blog\/index.php\/2021\/04\/13\/servicio-diurno-san-prudencio\/#breadcrumb\"},\"inLanguage\":\"es\",\"potentialAction\":[{\"@type\":\"ReadAction\",\"target\":[\"http:\/\/www.afaraba.org\/blog\/index.php\/2021\/04\/13\/servicio-diurno-san-prudencio\/\"]}]},{\"@type\":\"BreadcrumbList\",\"@id\":\"http:\/\/www.afaraba.org\/blog\/index.php\/2021\/04\/13\/servicio-diurno-san-prudencio\/#breadcrumb\",\"itemListElement\":[{\"@type\":\"ListItem\",\"position\":1,\"name\":\"Portada\",\"item\":\"https:\/\/www.afaraba.org\/blog\/\"},{\"@type\":\"ListItem\",\"position\":2,\"name\":\"SERVICIO DIURNO SAN PRUDENCIO\"}]},{\"@type\":\"WebSite\",\"@id\":\"https:\/\/www.afaraba.org\/blog\/#website\",\"url\":\"https:\/\/www.afaraba.org\/blog\/\",\"name\":\"AFARABA\",\"description\":\"BLOG AFARABA\",\"publisher\":{\"@id\":\"https:\/\/www.afaraba.org\/blog\/#organization\"},\"potentialAction\":[{\"@type\":\"SearchAction\",\"target\":{\"@type\":\"EntryPoint\",\"urlTemplate\":\"https:\/\/www.afaraba.org\/blog\/?s={search_term_string}\"},\"query-input\":\"required name=search_term_string\"}],\"inLanguage\":\"es\"},{\"@type\":\"Organization\",\"@id\":\"https:\/\/www.afaraba.org\/blog\/#organization\",\"name\":\"AFARABA\",\"url\":\"https:\/\/www.afaraba.org\/blog\/\",\"logo\":{\"@type\":\"ImageObject\",\"inLanguage\":\"es\",\"@id\":\"https:\/\/www.afaraba.org\/blog\/#\/schema\/logo\/image\/\",\"url\":\"http:\/\/www.afaraba.org\/blog\/wp-content\/uploads\/2020\/11\/cropped-AFA_HC-BLOG2.jpg\",\"contentUrl\":\"http:\/\/www.afaraba.org\/blog\/wp-content\/uploads\/2020\/11\/cropped-AFA_HC-BLOG2.jpg\",\"width\":240,\"height\":89,\"caption\":\"AFARABA\"},\"image\":{\"@id\":\"https:\/\/www.afaraba.org\/blog\/#\/schema\/logo\/image\/\"}},{\"@type\":\"Person\",\"@id\":\"https:\/\/www.afaraba.org\/blog\/#\/schema\/person\/4a0ab48b67420072f420109f30843c71\",\"name\":\"admin\",\"image\":{\"@type\":\"ImageObject\",\"inLanguage\":\"es\",\"@id\":\"https:\/\/www.afaraba.org\/blog\/#\/schema\/person\/image\/\",\"url\":\"http:\/\/0.gravatar.com\/avatar\/c2318eff2fb6ce04ef6dca732184cc5b?s=96&d=mm&r=g\",\"contentUrl\":\"http:\/\/0.gravatar.com\/avatar\/c2318eff2fb6ce04ef6dca732184cc5b?s=96&d=mm&r=g\",\"caption\":\"admin\"},\"url\":\"http:\/\/www.afaraba.org\/blog\/index.php\/author\/admin\/\"}]}<\/script>\n<!-- \/ Yoast SEO plugin. -->","yoast_head_json":{"title":"SERVICIO DIURNO SAN PRUDENCIO - AFARABA","robots":{"index":"index","follow":"follow","max-snippet":"max-snippet:-1","max-image-preview":"max-image-preview:large","max-video-preview":"max-video-preview:-1"},"canonical":"http:\/\/www.afaraba.org\/blog\/index.php\/2021\/04\/13\/servicio-diurno-san-prudencio\/","og_locale":"es_ES","og_type":"article","og_title":"SERVICIO DIURNO SAN PRUDENCIO - AFARABA","og_description":"AFARABA a desarrollado una acci\u00f3n formativa y de acompa\u00f1amiento dirigida a los profesionales del hasta ahora Centro de D\u00eda Asistido ubicado en el CIAM San Prudencio. Dirigido a personas con Grado 1 de dependencia hasta 39 puntos, desde el que se pretende incorporar de forma progresiva a personas con deterioro cognitivo leve y demencia. Ha &hellip; Continuar leyendo \"SERVICIO DIURNO SAN PRUDENCIO\"","og_url":"http:\/\/www.afaraba.org\/blog\/index.php\/2021\/04\/13\/servicio-diurno-san-prudencio\/","og_site_name":"AFARABA","article_published_time":"2021-04-13T13:32:35+00:00","article_modified_time":"2021-04-13T13:34:44+00:00","og_image":[{"url":"https:\/\/www.afaraba.org\/blog\/wp-content\/uploads\/2021\/04\/WhatsApp-Image-2021-04-13-at-15.11.10.jpeg"}],"author":"admin","twitter_card":"summary_large_image","twitter_misc":{"Escrito por":"admin","Tiempo de lectura":"2 minutos"},"schema":{"@context":"https:\/\/schema.org","@graph":[{"@type":"Article","@id":"http:\/\/www.afaraba.org\/blog\/index.php\/2021\/04\/13\/servicio-diurno-san-prudencio\/#article","isPartOf":{"@id":"http:\/\/www.afaraba.org\/blog\/index.php\/2021\/04\/13\/servicio-diurno-san-prudencio\/"},"author":{"name":"admin","@id":"https:\/\/www.afaraba.org\/blog\/#\/schema\/person\/4a0ab48b67420072f420109f30843c71"},"headline":"SERVICIO DIURNO SAN PRUDENCIO","datePublished":"2021-04-13T13:32:35+00:00","dateModified":"2021-04-13T13:34:44+00:00","mainEntityOfPage":{"@id":"http:\/\/www.afaraba.org\/blog\/index.php\/2021\/04\/13\/servicio-diurno-san-prudencio\/"},"wordCount":226,"commentCount":0,"publisher":{"@id":"https:\/\/www.afaraba.org\/blog\/#organization"},"keywords":["39 puntos","accion formativa","acompa\u00f1amiento","Alava","ciam","grado 1","san prudencio","servicio diurno","vitoria gasteiz"],"articleSection":["FORMACI\u00d3N"],"inLanguage":"es","potentialAction":[{"@type":"CommentAction","name":"Comment","target":["http:\/\/www.afaraba.org\/blog\/index.php\/2021\/04\/13\/servicio-diurno-san-prudencio\/#respond"]}]},{"@type":"WebPage","@id":"http:\/\/www.afaraba.org\/blog\/index.php\/2021\/04\/13\/servicio-diurno-san-prudencio\/","url":"http:\/\/www.afaraba.org\/blog\/index.php\/2021\/04\/13\/servicio-diurno-san-prudencio\/","name":"SERVICIO DIURNO SAN PRUDENCIO - AFARABA","isPartOf":{"@id":"https:\/\/www.afaraba.org\/blog\/#website"},"datePublished":"2021-04-13T13:32:35+00:00","dateModified":"2021-04-13T13:34:44+00:00","breadcrumb":{"@id":"http:\/\/www.afaraba.org\/blog\/index.php\/2021\/04\/13\/servicio-diurno-san-prudencio\/#breadcrumb"},"inLanguage":"es","potentialAction":[{"@type":"ReadAction","target":["http:\/\/www.afaraba.org\/blog\/index.php\/2021\/04\/13\/servicio-diurno-san-prudencio\/"]}]},{"@type":"BreadcrumbList","@id":"http:\/\/www.afaraba.org\/blog\/index.php\/2021\/04\/13\/servicio-diurno-san-prudencio\/#breadcrumb","itemListElement":[{"@type":"ListItem","position":1,"name":"Portada","item":"https:\/\/www.afaraba.org\/blog\/"},{"@type":"ListItem","position":2,"name":"SERVICIO DIURNO SAN PRUDENCIO"}]},{"@type":"WebSite","@id":"https:\/\/www.afaraba.org\/blog\/#website","url":"https:\/\/www.afaraba.org\/blog\/","name":"AFARABA","description":"BLOG AFARABA","publisher":{"@id":"https:\/\/www.afaraba.org\/blog\/#organization"},"potentialAction":[{"@type":"SearchAction","target":{"@type":"EntryPoint","urlTemplate":"https:\/\/www.afaraba.org\/blog\/?s={search_term_string}"},"query-input":"required name=search_term_string"}],"inLanguage":"es"},{"@type":"Organization","@id":"https:\/\/www.afaraba.org\/blog\/#organization","name":"AFARABA","url":"https:\/\/www.afaraba.org\/blog\/","logo":{"@type":"ImageObject","inLanguage":"es","@id":"https:\/\/www.afaraba.org\/blog\/#\/schema\/logo\/image\/","url":"http:\/\/www.afaraba.org\/blog\/wp-content\/uploads\/2020\/11\/cropped-AFA_HC-BLOG2.jpg","contentUrl":"http:\/\/www.afaraba.org\/blog\/wp-content\/uploads\/2020\/11\/cropped-AFA_HC-BLOG2.jpg","width":240,"height":89,"caption":"AFARABA"},"image":{"@id":"https:\/\/www.afaraba.org\/blog\/#\/schema\/logo\/image\/"}},{"@type":"Person","@id":"https:\/\/www.afaraba.org\/blog\/#\/schema\/person\/4a0ab48b67420072f420109f30843c71","name":"admin","image":{"@type":"ImageObject","inLanguage":"es","@id":"https:\/\/www.afaraba.org\/blog\/#\/schema\/person\/image\/","url":"http:\/\/0.gravatar.com\/avatar\/c2318eff2fb6ce04ef6dca732184cc5b?s=96&d=mm&r=g","contentUrl":"http:\/\/0.gravatar.com\/avatar\/c2318eff2fb6ce04ef6dca732184cc5b?s=96&d=mm&r=g","caption":"admin"},"url":"http:\/\/www.afaraba.org\/blog\/index.php\/author\/admin\/"}]}},"_links":{"self":[{"href":"http:\/\/www.afaraba.org\/blog\/index.php\/wp-json\/wp\/v2\/posts\/607"}],"collection":[{"href":"http:\/\/www.afaraba.org\/blog\/index.php\/wp-json\/wp\/v2\/posts"}],"about":[{"href":"http:\/\/www.afaraba.org\/blog\/index.php\/wp-json\/wp\/v2\/types\/post"}],"author":[{"embeddable":true,"href":"http:\/\/www.afaraba.org\/blog\/index.php\/wp-json\/wp\/v2\/users\/1"}],"replies":[{"embeddable":true,"href":"http:\/\/www.afaraba.org\/blog\/index.php\/wp-json\/wp\/v2\/comments?post=607"}],"version-history":[{"count":3,"href":"http:\/\/www.afaraba.org\/blog\/index.php\/wp-json\/wp\/v2\/posts\/607\/revisions"}],"predecessor-version":[{"id":616,"href":"http:\/\/www.afaraba.org\/blog\/index.php\/wp-json\/wp\/v2\/posts\/607\/revisions\/616"}],"wp:attachment":[{"href":"http:\/\/www.afaraba.org\/blog\/index.php\/wp-json\/wp\/v2\/media?parent=607"}],"wp:term":[{"taxonomy":"category","embeddable":true,"href":"http:\/\/www.afaraba.org\/blog\/index.php\/wp-json\/wp\/v2\/categories?post=607"},{"taxonomy":"post_tag","embeddable":true,"href":"http:\/\/www.afaraba.org\/blog\/index.php\/wp-json\/wp\/v2\/tags?post=607"}],"curies":[{"name":"wp","href":"https:\/\/api.w.org\/{rel}","templated":true}]}}