{"id":617,"date":"2021-07-01T07:20:00","date_gmt":"2021-07-01T06:20:00","guid":{"rendered":"http:\/\/www.afaraba.org\/blog\/?p=617"},"modified":"2021-07-02T07:28:55","modified_gmt":"2021-07-02T06:28:55","slug":"buenas-practicas-en-servicios-sociales-en-alava-2021","status":"publish","type":"post","link":"http:\/\/www.afaraba.org\/blog\/index.php\/2021\/07\/01\/buenas-practicas-en-servicios-sociales-en-alava-2021\/","title":{"rendered":"Buenas pr\u00e1cticas en Servicios Sociales en \u00c1lava 2021"},"content":{"rendered":"\n<p>El pasado 28 de junio de 2021 acudimos a un un acto celebrado en el Palacio de Congresos Europa, donde el diputado general de \u00c1lava entrego, los reconocimientos \u2018Buenas pr\u00e1cticas en Servicios Sociales en \u00c1lava 2021\u2019, que concede el Departamento de Pol\u00edticas Sociales a las entidades p\u00fablicas y privadas que colaboran con el Instituto Foral de Bienestar Social.<\/p>\n\n\n\n<p><\/p>\n\n\n\n<p>En esta edici\u00f3n se han presentado un total de 16 proyectos entre los que se encuentra el de Intervenci\u00f3n Social y Psicoeducativa con familiares de personas con demencia presentado por AFARABA.<\/p>\n\n\n\n<p><\/p>\n\n\n\n<figure class=\"wp-block-image size-large is-resized\"><a href=\"http:\/\/arabapress.eus\/es\/noticia-6137-Ramiro_Gonz%C3%A1lez_entrega_los_reconocimientos_2021_%E2%80%98Buenas_Pr%C3%A1cticas_en_Servicios_Sociales_en_%C3%81lava%E2%80%99_a_las_entidades_p%C3%BAblicas_del_tercer_sector_social_alav%C3%A9s.html\" target=\"_blank\" rel=\"noopener\"><img loading=\"lazy\" src=\"https:\/\/www.afaraba.org\/blog\/wp-content\/uploads\/2021\/07\/buenas-practicas-2021-07-02-at-08.16.07-edited.jpeg\" alt=\"\" class=\"wp-image-621\" width=\"458\" height=\"256\" srcset=\"http:\/\/www.afaraba.org\/blog\/wp-content\/uploads\/2021\/07\/buenas-practicas-2021-07-02-at-08.16.07-edited.jpeg 1600w, http:\/\/www.afaraba.org\/blog\/wp-content\/uploads\/2021\/07\/buenas-practicas-2021-07-02-at-08.16.07-edited-300x169.jpeg 300w, http:\/\/www.afaraba.org\/blog\/wp-content\/uploads\/2021\/07\/buenas-practicas-2021-07-02-at-08.16.07-edited-1024x575.jpeg 1024w, http:\/\/www.afaraba.org\/blog\/wp-content\/uploads\/2021\/07\/buenas-practicas-2021-07-02-at-08.16.07-edited-1536x863.jpeg 1536w, http:\/\/www.afaraba.org\/blog\/wp-content\/uploads\/2021\/07\/buenas-practicas-2021-07-02-at-08.16.07-edited-1200x674.jpeg 1200w\" sizes=\"(max-width: 458px) 85vw, 458px\" \/><\/a><\/figure>\n\n\n\n<p>Enhorabuena a los 4 reconocidos en esta edici\u00f3n 2021: la Residencia Foral para personas mayores de Oy\u00f3n, el Servicio Foral de Prevenci\u00f3n Comunitaria, la Asociaci\u00f3n Socioeducativa Ikiriki y la Residencia para personas mayores Pur\u00edsima Concepci\u00f3n, en Murgia.<\/p>\n\n\n\n<p><\/p>\n","protected":false},"excerpt":{"rendered":"<p>El pasado 28 de junio de 2021 acudimos a un un acto celebrado en el Palacio de Congresos Europa, donde el diputado general de \u00c1lava entrego, los reconocimientos \u2018Buenas pr\u00e1cticas en Servicios Sociales en \u00c1lava 2021\u2019, que concede el Departamento de Pol\u00edticas Sociales a las entidades p\u00fablicas y privadas que colaboran con el Instituto Foral &hellip; <a href=\"http:\/\/www.afaraba.org\/blog\/index.php\/2021\/07\/01\/buenas-practicas-en-servicios-sociales-en-alava-2021\/\" class=\"more-link\">Continuar leyendo<span class=\"screen-reader-text\"> \u00abBuenas pr\u00e1cticas en Servicios Sociales en \u00c1lava 2021\u00bb<\/span><\/a><\/p>\n","protected":false},"author":1,"featured_media":0,"comment_status":"open","ping_status":"open","sticky":false,"template":"","format":"standard","meta":{"om_disable_all_campaigns":false,"_monsterinsights_skip_tracking":false,"_monsterinsights_sitenote_active":false,"_monsterinsights_sitenote_note":"","_monsterinsights_sitenote_category":0,"_uf_show_specific_survey":0,"_uf_disable_surveys":false},"categories":[59],"tags":[221,8,10,219,126,223,222,41,220],"aioseo_notices":[],"yoast_head":"<!-- This site is optimized with the Yoast SEO plugin v20.4 - https:\/\/yoast.com\/wordpress\/plugins\/seo\/ -->\n<title>Buenas pr\u00e1cticas en Servicios Sociales en \u00c1lava 2021 - AFARABA<\/title>\n<meta name=\"robots\" content=\"index, follow, max-snippet:-1, max-image-preview:large, max-video-preview:-1\" \/>\n<link rel=\"canonical\" href=\"http:\/\/www.afaraba.org\/blog\/index.php\/2021\/07\/01\/buenas-practicas-en-servicios-sociales-en-alava-2021\/\" \/>\n<meta property=\"og:locale\" content=\"es_ES\" \/>\n<meta property=\"og:type\" content=\"article\" \/>\n<meta property=\"og:title\" content=\"Buenas pr\u00e1cticas en Servicios Sociales en \u00c1lava 2021 - AFARABA\" \/>\n<meta property=\"og:description\" content=\"El pasado 28 de junio de 2021 acudimos a un un acto celebrado en el Palacio de Congresos Europa, donde el diputado general de \u00c1lava entrego, los reconocimientos \u2018Buenas pr\u00e1cticas en Servicios Sociales en \u00c1lava 2021\u2019, que concede el Departamento de Pol\u00edticas Sociales a las entidades p\u00fablicas y privadas que colaboran con el Instituto Foral &hellip; Continuar leyendo &quot;Buenas pr\u00e1cticas en Servicios Sociales en \u00c1lava 2021&quot;\" \/>\n<meta property=\"og:url\" content=\"http:\/\/www.afaraba.org\/blog\/index.php\/2021\/07\/01\/buenas-practicas-en-servicios-sociales-en-alava-2021\/\" \/>\n<meta property=\"og:site_name\" content=\"AFARABA\" \/>\n<meta property=\"article:published_time\" content=\"2021-07-01T06:20:00+00:00\" \/>\n<meta property=\"article:modified_time\" content=\"2021-07-02T06:28:55+00:00\" \/>\n<meta property=\"og:image\" content=\"https:\/\/www.afaraba.org\/blog\/wp-content\/uploads\/2021\/07\/buenas-practicas-2021-07-02-at-08.16.07-edited.jpeg\" \/>\n<meta name=\"author\" content=\"admin\" \/>\n<meta name=\"twitter:card\" content=\"summary_large_image\" \/>\n<meta name=\"twitter:label1\" content=\"Escrito por\" \/>\n\t<meta name=\"twitter:data1\" content=\"admin\" \/>\n\t<meta name=\"twitter:label2\" content=\"Tiempo de lectura\" \/>\n\t<meta name=\"twitter:data2\" content=\"1 minuto\" \/>\n<script type=\"application\/ld+json\" class=\"yoast-schema-graph\">{\"@context\":\"https:\/\/schema.org\",\"@graph\":[{\"@type\":\"Article\",\"@id\":\"http:\/\/www.afaraba.org\/blog\/index.php\/2021\/07\/01\/buenas-practicas-en-servicios-sociales-en-alava-2021\/#article\",\"isPartOf\":{\"@id\":\"http:\/\/www.afaraba.org\/blog\/index.php\/2021\/07\/01\/buenas-practicas-en-servicios-sociales-en-alava-2021\/\"},\"author\":{\"name\":\"admin\",\"@id\":\"https:\/\/www.afaraba.org\/blog\/#\/schema\/person\/4a0ab48b67420072f420109f30843c71\"},\"headline\":\"Buenas pr\u00e1cticas en Servicios Sociales en \u00c1lava 2021\",\"datePublished\":\"2021-07-01T06:20:00+00:00\",\"dateModified\":\"2021-07-02T06:28:55+00:00\",\"mainEntityOfPage\":{\"@id\":\"http:\/\/www.afaraba.org\/blog\/index.php\/2021\/07\/01\/buenas-practicas-en-servicios-sociales-en-alava-2021\/\"},\"wordCount\":139,\"commentCount\":0,\"publisher\":{\"@id\":\"https:\/\/www.afaraba.org\/blog\/#organization\"},\"keywords\":[\"2021\",\"afaraba\",\"Alzheimer\",\"BUENAS PRACTICAS\",\"DEMENCIA\",\"OYON\",\"PALACIO DE CONGRESOS EUROPA\",\"politicas sociales\",\"SERVICIOS SOCAILES ALAVA\"],\"articleSection\":[\"ACTIVIDADES\"],\"inLanguage\":\"es\",\"potentialAction\":[{\"@type\":\"CommentAction\",\"name\":\"Comment\",\"target\":[\"http:\/\/www.afaraba.org\/blog\/index.php\/2021\/07\/01\/buenas-practicas-en-servicios-sociales-en-alava-2021\/#respond\"]}]},{\"@type\":\"WebPage\",\"@id\":\"http:\/\/www.afaraba.org\/blog\/index.php\/2021\/07\/01\/buenas-practicas-en-servicios-sociales-en-alava-2021\/\",\"url\":\"http:\/\/www.afaraba.org\/blog\/index.php\/2021\/07\/01\/buenas-practicas-en-servicios-sociales-en-alava-2021\/\",\"name\":\"Buenas pr\u00e1cticas en Servicios Sociales en \u00c1lava 2021 - AFARABA\",\"isPartOf\":{\"@id\":\"https:\/\/www.afaraba.org\/blog\/#website\"},\"datePublished\":\"2021-07-01T06:20:00+00:00\",\"dateModified\":\"2021-07-02T06:28:55+00:00\",\"breadcrumb\":{\"@id\":\"http:\/\/www.afaraba.org\/blog\/index.php\/2021\/07\/01\/buenas-practicas-en-servicios-sociales-en-alava-2021\/#breadcrumb\"},\"inLanguage\":\"es\",\"potentialAction\":[{\"@type\":\"ReadAction\",\"target\":[\"http:\/\/www.afaraba.org\/blog\/index.php\/2021\/07\/01\/buenas-practicas-en-servicios-sociales-en-alava-2021\/\"]}]},{\"@type\":\"BreadcrumbList\",\"@id\":\"http:\/\/www.afaraba.org\/blog\/index.php\/2021\/07\/01\/buenas-practicas-en-servicios-sociales-en-alava-2021\/#breadcrumb\",\"itemListElement\":[{\"@type\":\"ListItem\",\"position\":1,\"name\":\"Portada\",\"item\":\"https:\/\/www.afaraba.org\/blog\/\"},{\"@type\":\"ListItem\",\"position\":2,\"name\":\"Buenas pr\u00e1cticas en Servicios Sociales en \u00c1lava 2021\"}]},{\"@type\":\"WebSite\",\"@id\":\"https:\/\/www.afaraba.org\/blog\/#website\",\"url\":\"https:\/\/www.afaraba.org\/blog\/\",\"name\":\"AFARABA\",\"description\":\"BLOG AFARABA\",\"publisher\":{\"@id\":\"https:\/\/www.afaraba.org\/blog\/#organization\"},\"potentialAction\":[{\"@type\":\"SearchAction\",\"target\":{\"@type\":\"EntryPoint\",\"urlTemplate\":\"https:\/\/www.afaraba.org\/blog\/?s={search_term_string}\"},\"query-input\":\"required name=search_term_string\"}],\"inLanguage\":\"es\"},{\"@type\":\"Organization\",\"@id\":\"https:\/\/www.afaraba.org\/blog\/#organization\",\"name\":\"AFARABA\",\"url\":\"https:\/\/www.afaraba.org\/blog\/\",\"logo\":{\"@type\":\"ImageObject\",\"inLanguage\":\"es\",\"@id\":\"https:\/\/www.afaraba.org\/blog\/#\/schema\/logo\/image\/\",\"url\":\"http:\/\/www.afaraba.org\/blog\/wp-content\/uploads\/2020\/11\/cropped-AFA_HC-BLOG2.jpg\",\"contentUrl\":\"http:\/\/www.afaraba.org\/blog\/wp-content\/uploads\/2020\/11\/cropped-AFA_HC-BLOG2.jpg\",\"width\":240,\"height\":89,\"caption\":\"AFARABA\"},\"image\":{\"@id\":\"https:\/\/www.afaraba.org\/blog\/#\/schema\/logo\/image\/\"}},{\"@type\":\"Person\",\"@id\":\"https:\/\/www.afaraba.org\/blog\/#\/schema\/person\/4a0ab48b67420072f420109f30843c71\",\"name\":\"admin\",\"image\":{\"@type\":\"ImageObject\",\"inLanguage\":\"es\",\"@id\":\"https:\/\/www.afaraba.org\/blog\/#\/schema\/person\/image\/\",\"url\":\"http:\/\/0.gravatar.com\/avatar\/c2318eff2fb6ce04ef6dca732184cc5b?s=96&d=mm&r=g\",\"contentUrl\":\"http:\/\/0.gravatar.com\/avatar\/c2318eff2fb6ce04ef6dca732184cc5b?s=96&d=mm&r=g\",\"caption\":\"admin\"},\"url\":\"http:\/\/www.afaraba.org\/blog\/index.php\/author\/admin\/\"}]}<\/script>\n<!-- \/ Yoast SEO plugin. -->","yoast_head_json":{"title":"Buenas pr\u00e1cticas en Servicios Sociales en \u00c1lava 2021 - AFARABA","robots":{"index":"index","follow":"follow","max-snippet":"max-snippet:-1","max-image-preview":"max-image-preview:large","max-video-preview":"max-video-preview:-1"},"canonical":"http:\/\/www.afaraba.org\/blog\/index.php\/2021\/07\/01\/buenas-practicas-en-servicios-sociales-en-alava-2021\/","og_locale":"es_ES","og_type":"article","og_title":"Buenas pr\u00e1cticas en Servicios Sociales en \u00c1lava 2021 - AFARABA","og_description":"El pasado 28 de junio de 2021 acudimos a un un acto celebrado en el Palacio de Congresos Europa, donde el diputado general de \u00c1lava entrego, los reconocimientos \u2018Buenas pr\u00e1cticas en Servicios Sociales en \u00c1lava 2021\u2019, que concede el Departamento de Pol\u00edticas Sociales a las entidades p\u00fablicas y privadas que colaboran con el Instituto Foral &hellip; Continuar leyendo \"Buenas pr\u00e1cticas en Servicios Sociales en \u00c1lava 2021\"","og_url":"http:\/\/www.afaraba.org\/blog\/index.php\/2021\/07\/01\/buenas-practicas-en-servicios-sociales-en-alava-2021\/","og_site_name":"AFARABA","article_published_time":"2021-07-01T06:20:00+00:00","article_modified_time":"2021-07-02T06:28:55+00:00","og_image":[{"url":"https:\/\/www.afaraba.org\/blog\/wp-content\/uploads\/2021\/07\/buenas-practicas-2021-07-02-at-08.16.07-edited.jpeg"}],"author":"admin","twitter_card":"summary_large_image","twitter_misc":{"Escrito por":"admin","Tiempo de lectura":"1 minuto"},"schema":{"@context":"https:\/\/schema.org","@graph":[{"@type":"Article","@id":"http:\/\/www.afaraba.org\/blog\/index.php\/2021\/07\/01\/buenas-practicas-en-servicios-sociales-en-alava-2021\/#article","isPartOf":{"@id":"http:\/\/www.afaraba.org\/blog\/index.php\/2021\/07\/01\/buenas-practicas-en-servicios-sociales-en-alava-2021\/"},"author":{"name":"admin","@id":"https:\/\/www.afaraba.org\/blog\/#\/schema\/person\/4a0ab48b67420072f420109f30843c71"},"headline":"Buenas pr\u00e1cticas en Servicios Sociales en \u00c1lava 2021","datePublished":"2021-07-01T06:20:00+00:00","dateModified":"2021-07-02T06:28:55+00:00","mainEntityOfPage":{"@id":"http:\/\/www.afaraba.org\/blog\/index.php\/2021\/07\/01\/buenas-practicas-en-servicios-sociales-en-alava-2021\/"},"wordCount":139,"commentCount":0,"publisher":{"@id":"https:\/\/www.afaraba.org\/blog\/#organization"},"keywords":["2021","afaraba","Alzheimer","BUENAS PRACTICAS","DEMENCIA","OYON","PALACIO DE CONGRESOS EUROPA","politicas sociales","SERVICIOS SOCAILES ALAVA"],"articleSection":["ACTIVIDADES"],"inLanguage":"es","potentialAction":[{"@type":"CommentAction","name":"Comment","target":["http:\/\/www.afaraba.org\/blog\/index.php\/2021\/07\/01\/buenas-practicas-en-servicios-sociales-en-alava-2021\/#respond"]}]},{"@type":"WebPage","@id":"http:\/\/www.afaraba.org\/blog\/index.php\/2021\/07\/01\/buenas-practicas-en-servicios-sociales-en-alava-2021\/","url":"http:\/\/www.afaraba.org\/blog\/index.php\/2021\/07\/01\/buenas-practicas-en-servicios-sociales-en-alava-2021\/","name":"Buenas pr\u00e1cticas en Servicios Sociales en \u00c1lava 2021 - AFARABA","isPartOf":{"@id":"https:\/\/www.afaraba.org\/blog\/#website"},"datePublished":"2021-07-01T06:20:00+00:00","dateModified":"2021-07-02T06:28:55+00:00","breadcrumb":{"@id":"http:\/\/www.afaraba.org\/blog\/index.php\/2021\/07\/01\/buenas-practicas-en-servicios-sociales-en-alava-2021\/#breadcrumb"},"inLanguage":"es","potentialAction":[{"@type":"ReadAction","target":["http:\/\/www.afaraba.org\/blog\/index.php\/2021\/07\/01\/buenas-practicas-en-servicios-sociales-en-alava-2021\/"]}]},{"@type":"BreadcrumbList","@id":"http:\/\/www.afaraba.org\/blog\/index.php\/2021\/07\/01\/buenas-practicas-en-servicios-sociales-en-alava-2021\/#breadcrumb","itemListElement":[{"@type":"ListItem","position":1,"name":"Portada","item":"https:\/\/www.afaraba.org\/blog\/"},{"@type":"ListItem","position":2,"name":"Buenas pr\u00e1cticas en Servicios Sociales en \u00c1lava 2021"}]},{"@type":"WebSite","@id":"https:\/\/www.afaraba.org\/blog\/#website","url":"https:\/\/www.afaraba.org\/blog\/","name":"AFARABA","description":"BLOG AFARABA","publisher":{"@id":"https:\/\/www.afaraba.org\/blog\/#organization"},"potentialAction":[{"@type":"SearchAction","target":{"@type":"EntryPoint","urlTemplate":"https:\/\/www.afaraba.org\/blog\/?s={search_term_string}"},"query-input":"required name=search_term_string"}],"inLanguage":"es"},{"@type":"Organization","@id":"https:\/\/www.afaraba.org\/blog\/#organization","name":"AFARABA","url":"https:\/\/www.afaraba.org\/blog\/","logo":{"@type":"ImageObject","inLanguage":"es","@id":"https:\/\/www.afaraba.org\/blog\/#\/schema\/logo\/image\/","url":"http:\/\/www.afaraba.org\/blog\/wp-content\/uploads\/2020\/11\/cropped-AFA_HC-BLOG2.jpg","contentUrl":"http:\/\/www.afaraba.org\/blog\/wp-content\/uploads\/2020\/11\/cropped-AFA_HC-BLOG2.jpg","width":240,"height":89,"caption":"AFARABA"},"image":{"@id":"https:\/\/www.afaraba.org\/blog\/#\/schema\/logo\/image\/"}},{"@type":"Person","@id":"https:\/\/www.afaraba.org\/blog\/#\/schema\/person\/4a0ab48b67420072f420109f30843c71","name":"admin","image":{"@type":"ImageObject","inLanguage":"es","@id":"https:\/\/www.afaraba.org\/blog\/#\/schema\/person\/image\/","url":"http:\/\/0.gravatar.com\/avatar\/c2318eff2fb6ce04ef6dca732184cc5b?s=96&d=mm&r=g","contentUrl":"http:\/\/0.gravatar.com\/avatar\/c2318eff2fb6ce04ef6dca732184cc5b?s=96&d=mm&r=g","caption":"admin"},"url":"http:\/\/www.afaraba.org\/blog\/index.php\/author\/admin\/"}]}},"_links":{"self":[{"href":"http:\/\/www.afaraba.org\/blog\/index.php\/wp-json\/wp\/v2\/posts\/617"}],"collection":[{"href":"http:\/\/www.afaraba.org\/blog\/index.php\/wp-json\/wp\/v2\/posts"}],"about":[{"href":"http:\/\/www.afaraba.org\/blog\/index.php\/wp-json\/wp\/v2\/types\/post"}],"author":[{"embeddable":true,"href":"http:\/\/www.afaraba.org\/blog\/index.php\/wp-json\/wp\/v2\/users\/1"}],"replies":[{"embeddable":true,"href":"http:\/\/www.afaraba.org\/blog\/index.php\/wp-json\/wp\/v2\/comments?post=617"}],"version-history":[{"count":1,"href":"http:\/\/www.afaraba.org\/blog\/index.php\/wp-json\/wp\/v2\/posts\/617\/revisions"}],"predecessor-version":[{"id":622,"href":"http:\/\/www.afaraba.org\/blog\/index.php\/wp-json\/wp\/v2\/posts\/617\/revisions\/622"}],"wp:attachment":[{"href":"http:\/\/www.afaraba.org\/blog\/index.php\/wp-json\/wp\/v2\/media?parent=617"}],"wp:term":[{"taxonomy":"category","embeddable":true,"href":"http:\/\/www.afaraba.org\/blog\/index.php\/wp-json\/wp\/v2\/categories?post=617"},{"taxonomy":"post_tag","embeddable":true,"href":"http:\/\/www.afaraba.org\/blog\/index.php\/wp-json\/wp\/v2\/tags?post=617"}],"curies":[{"name":"wp","href":"https:\/\/api.w.org\/{rel}","templated":true}]}}