{"id":631,"date":"2021-10-05T08:29:00","date_gmt":"2021-10-05T07:29:00","guid":{"rendered":"http:\/\/www.afaraba.org\/blog\/?p=631"},"modified":"2021-10-14T08:36:08","modified_gmt":"2021-10-14T07:36:08","slug":"x-jornada-de-etica-y-servicios-sociales","status":"publish","type":"post","link":"http:\/\/www.afaraba.org\/blog\/index.php\/2021\/10\/05\/x-jornada-de-etica-y-servicios-sociales\/","title":{"rendered":"X Jornada  de \u00c9tica y Servicios Sociales"},"content":{"rendered":"\n<p>Ayer 4 de octubre, Paula Casas, trabajadora social de AFARABA, acudi\u00f3 a la X Jornada\u00a0 de \u00c9tica y Servicios Sociales, organizada por\u00a0 la Diputaci\u00f3n Foral de \u00c1lava. Durante la conferencia, impartida por Rafael Armesto, abogado, pudimos informarnos y reflexionar acerca de la <strong>ley 8\/2021, de 2 de junio, \u00a0que entr\u00f3 en vigor el pasado 3 de septiembre<\/strong>, \u00a0por la que se reforma la legislaci\u00f3n civil y procesal para el apoyo a las personas con discapacidad en el ejercicio de su capacidad jur\u00eddica.<\/p>\n\n\n\n<p>A destacar que, en los&nbsp; art\u00edculos 255 y 256 de esta ley se establece lo siguiente: <strong>\u201ccualquier persona mayor de edad o menor emancipad<\/strong>a, en previsi\u00f3n o apreciaci\u00f3n de concurrencia de circunstancias que puedan dificultar su capacidad jur\u00eddica [\u2026]\u201d <strong>puede prever acordar en escritura p\u00fablica (ante notario) poderes y mandatos preventivos<\/strong>, pudiendo incluir una cl\u00e1usula en la que se estipule <strong>que \u00e9stos subsistan si en el futuro precisara de apoyos para el ejercicio de su capacidad<\/strong>. As\u00ed mismo en el art\u00edculo 271 <strong>se establece &nbsp;que, cualquier persona en las circunstancias &nbsp;mencionadas,&nbsp; puede determinar en escritura p\u00fablica disposiciones en relaci\u00f3n &nbsp;a quien desea que ejerza su curatela<\/strong> (<strong>auto-curatela<\/strong>), es decir, quien desea que le represente en aquello que no pueda realizar, vigilancia, control y al funcionamiento&nbsp; y contenido sobre el cuidado de su persona, reglas de administraci\u00f3n y disposici\u00f3n de sus bienes etc.<\/p>\n\n\n\n<p>Resulta llamativo en esta ley que, se elimina el concepto de tutela y se defiende&nbsp; el otorgamiento de <strong>medidas de apoyo con funciones &nbsp;representativas (a trav\u00e9s de la curatela) y de la defensa &nbsp;judicial.<\/strong><\/p>\n\n\n\n<p>Finalmente, se\u00f1alar que en la disposici\u00f3n adicional primera la ley se establece que las Entidades del Tercer Sector de Acci\u00f3n Social &nbsp;podremos colaborar con la Administraci\u00f3n de Justicia, tanto para mejorar el servicio que prestan &nbsp;como aportando conocimiento y actuando de interlocutores.<\/p>\n","protected":false},"excerpt":{"rendered":"<p>Ayer 4 de octubre, Paula Casas, trabajadora social de AFARABA, acudi\u00f3 a la X Jornada\u00a0 de \u00c9tica y Servicios Sociales, organizada por\u00a0 la Diputaci\u00f3n Foral de \u00c1lava. Durante la conferencia, impartida por Rafael Armesto, abogado, pudimos informarnos y reflexionar acerca de la ley 8\/2021, de 2 de junio, \u00a0que entr\u00f3 en vigor el pasado 3 &hellip; <a href=\"http:\/\/www.afaraba.org\/blog\/index.php\/2021\/10\/05\/x-jornada-de-etica-y-servicios-sociales\/\" class=\"more-link\">Continuar leyendo<span class=\"screen-reader-text\"> \u00abX Jornada  de \u00c9tica y Servicios Sociales\u00bb<\/span><\/a><\/p>\n","protected":false},"author":1,"featured_media":0,"comment_status":"open","ping_status":"open","sticky":false,"template":"","format":"standard","meta":{"om_disable_all_campaigns":false,"_monsterinsights_skip_tracking":false,"_monsterinsights_sitenote_active":false,"_monsterinsights_sitenote_note":"","_monsterinsights_sitenote_category":0,"_uf_show_specific_survey":0,"_uf_disable_surveys":false},"categories":[109],"tags":[],"aioseo_notices":[],"yoast_head":"<!-- This site is optimized with the Yoast SEO plugin v20.4 - https:\/\/yoast.com\/wordpress\/plugins\/seo\/ -->\n<title>X Jornada de \u00c9tica y Servicios Sociales - AFARABA<\/title>\n<meta name=\"robots\" content=\"index, follow, max-snippet:-1, max-image-preview:large, max-video-preview:-1\" \/>\n<link rel=\"canonical\" href=\"http:\/\/www.afaraba.org\/blog\/index.php\/2021\/10\/05\/x-jornada-de-etica-y-servicios-sociales\/\" \/>\n<meta property=\"og:locale\" content=\"es_ES\" \/>\n<meta property=\"og:type\" content=\"article\" \/>\n<meta property=\"og:title\" content=\"X Jornada de \u00c9tica y Servicios Sociales - AFARABA\" \/>\n<meta property=\"og:description\" content=\"Ayer 4 de octubre, Paula Casas, trabajadora social de AFARABA, acudi\u00f3 a la X Jornada\u00a0 de \u00c9tica y Servicios Sociales, organizada por\u00a0 la Diputaci\u00f3n Foral de \u00c1lava. Durante la conferencia, impartida por Rafael Armesto, abogado, pudimos informarnos y reflexionar acerca de la ley 8\/2021, de 2 de junio, \u00a0que entr\u00f3 en vigor el pasado 3 &hellip; Continuar leyendo &quot;X Jornada de \u00c9tica y Servicios Sociales&quot;\" \/>\n<meta property=\"og:url\" content=\"http:\/\/www.afaraba.org\/blog\/index.php\/2021\/10\/05\/x-jornada-de-etica-y-servicios-sociales\/\" \/>\n<meta property=\"og:site_name\" content=\"AFARABA\" \/>\n<meta property=\"article:published_time\" content=\"2021-10-05T07:29:00+00:00\" \/>\n<meta property=\"article:modified_time\" content=\"2021-10-14T07:36:08+00:00\" \/>\n<meta name=\"author\" content=\"admin\" \/>\n<meta name=\"twitter:card\" content=\"summary_large_image\" \/>\n<meta name=\"twitter:label1\" content=\"Escrito por\" \/>\n\t<meta name=\"twitter:data1\" content=\"admin\" \/>\n\t<meta name=\"twitter:label2\" content=\"Tiempo de lectura\" \/>\n\t<meta name=\"twitter:data2\" content=\"2 minutos\" \/>\n<script type=\"application\/ld+json\" class=\"yoast-schema-graph\">{\"@context\":\"https:\/\/schema.org\",\"@graph\":[{\"@type\":\"Article\",\"@id\":\"http:\/\/www.afaraba.org\/blog\/index.php\/2021\/10\/05\/x-jornada-de-etica-y-servicios-sociales\/#article\",\"isPartOf\":{\"@id\":\"http:\/\/www.afaraba.org\/blog\/index.php\/2021\/10\/05\/x-jornada-de-etica-y-servicios-sociales\/\"},\"author\":{\"name\":\"admin\",\"@id\":\"https:\/\/www.afaraba.org\/blog\/#\/schema\/person\/4a0ab48b67420072f420109f30843c71\"},\"headline\":\"X Jornada de \u00c9tica y Servicios Sociales\",\"datePublished\":\"2021-10-05T07:29:00+00:00\",\"dateModified\":\"2021-10-14T07:36:08+00:00\",\"mainEntityOfPage\":{\"@id\":\"http:\/\/www.afaraba.org\/blog\/index.php\/2021\/10\/05\/x-jornada-de-etica-y-servicios-sociales\/\"},\"wordCount\":329,\"commentCount\":0,\"publisher\":{\"@id\":\"https:\/\/www.afaraba.org\/blog\/#organization\"},\"articleSection\":[\"COLABORACI\u00d3N\"],\"inLanguage\":\"es\",\"potentialAction\":[{\"@type\":\"CommentAction\",\"name\":\"Comment\",\"target\":[\"http:\/\/www.afaraba.org\/blog\/index.php\/2021\/10\/05\/x-jornada-de-etica-y-servicios-sociales\/#respond\"]}]},{\"@type\":\"WebPage\",\"@id\":\"http:\/\/www.afaraba.org\/blog\/index.php\/2021\/10\/05\/x-jornada-de-etica-y-servicios-sociales\/\",\"url\":\"http:\/\/www.afaraba.org\/blog\/index.php\/2021\/10\/05\/x-jornada-de-etica-y-servicios-sociales\/\",\"name\":\"X Jornada de \u00c9tica y Servicios Sociales - AFARABA\",\"isPartOf\":{\"@id\":\"https:\/\/www.afaraba.org\/blog\/#website\"},\"datePublished\":\"2021-10-05T07:29:00+00:00\",\"dateModified\":\"2021-10-14T07:36:08+00:00\",\"breadcrumb\":{\"@id\":\"http:\/\/www.afaraba.org\/blog\/index.php\/2021\/10\/05\/x-jornada-de-etica-y-servicios-sociales\/#breadcrumb\"},\"inLanguage\":\"es\",\"potentialAction\":[{\"@type\":\"ReadAction\",\"target\":[\"http:\/\/www.afaraba.org\/blog\/index.php\/2021\/10\/05\/x-jornada-de-etica-y-servicios-sociales\/\"]}]},{\"@type\":\"BreadcrumbList\",\"@id\":\"http:\/\/www.afaraba.org\/blog\/index.php\/2021\/10\/05\/x-jornada-de-etica-y-servicios-sociales\/#breadcrumb\",\"itemListElement\":[{\"@type\":\"ListItem\",\"position\":1,\"name\":\"Portada\",\"item\":\"https:\/\/www.afaraba.org\/blog\/\"},{\"@type\":\"ListItem\",\"position\":2,\"name\":\"X Jornada de \u00c9tica y Servicios Sociales\"}]},{\"@type\":\"WebSite\",\"@id\":\"https:\/\/www.afaraba.org\/blog\/#website\",\"url\":\"https:\/\/www.afaraba.org\/blog\/\",\"name\":\"AFARABA\",\"description\":\"BLOG AFARABA\",\"publisher\":{\"@id\":\"https:\/\/www.afaraba.org\/blog\/#organization\"},\"potentialAction\":[{\"@type\":\"SearchAction\",\"target\":{\"@type\":\"EntryPoint\",\"urlTemplate\":\"https:\/\/www.afaraba.org\/blog\/?s={search_term_string}\"},\"query-input\":\"required name=search_term_string\"}],\"inLanguage\":\"es\"},{\"@type\":\"Organization\",\"@id\":\"https:\/\/www.afaraba.org\/blog\/#organization\",\"name\":\"AFARABA\",\"url\":\"https:\/\/www.afaraba.org\/blog\/\",\"logo\":{\"@type\":\"ImageObject\",\"inLanguage\":\"es\",\"@id\":\"https:\/\/www.afaraba.org\/blog\/#\/schema\/logo\/image\/\",\"url\":\"http:\/\/www.afaraba.org\/blog\/wp-content\/uploads\/2020\/11\/cropped-AFA_HC-BLOG2.jpg\",\"contentUrl\":\"http:\/\/www.afaraba.org\/blog\/wp-content\/uploads\/2020\/11\/cropped-AFA_HC-BLOG2.jpg\",\"width\":240,\"height\":89,\"caption\":\"AFARABA\"},\"image\":{\"@id\":\"https:\/\/www.afaraba.org\/blog\/#\/schema\/logo\/image\/\"}},{\"@type\":\"Person\",\"@id\":\"https:\/\/www.afaraba.org\/blog\/#\/schema\/person\/4a0ab48b67420072f420109f30843c71\",\"name\":\"admin\",\"image\":{\"@type\":\"ImageObject\",\"inLanguage\":\"es\",\"@id\":\"https:\/\/www.afaraba.org\/blog\/#\/schema\/person\/image\/\",\"url\":\"http:\/\/0.gravatar.com\/avatar\/c2318eff2fb6ce04ef6dca732184cc5b?s=96&d=mm&r=g\",\"contentUrl\":\"http:\/\/0.gravatar.com\/avatar\/c2318eff2fb6ce04ef6dca732184cc5b?s=96&d=mm&r=g\",\"caption\":\"admin\"},\"url\":\"http:\/\/www.afaraba.org\/blog\/index.php\/author\/admin\/\"}]}<\/script>\n<!-- \/ Yoast SEO plugin. -->","yoast_head_json":{"title":"X Jornada de \u00c9tica y Servicios Sociales - AFARABA","robots":{"index":"index","follow":"follow","max-snippet":"max-snippet:-1","max-image-preview":"max-image-preview:large","max-video-preview":"max-video-preview:-1"},"canonical":"http:\/\/www.afaraba.org\/blog\/index.php\/2021\/10\/05\/x-jornada-de-etica-y-servicios-sociales\/","og_locale":"es_ES","og_type":"article","og_title":"X Jornada de \u00c9tica y Servicios Sociales - AFARABA","og_description":"Ayer 4 de octubre, Paula Casas, trabajadora social de AFARABA, acudi\u00f3 a la X Jornada\u00a0 de \u00c9tica y Servicios Sociales, organizada por\u00a0 la Diputaci\u00f3n Foral de \u00c1lava. Durante la conferencia, impartida por Rafael Armesto, abogado, pudimos informarnos y reflexionar acerca de la ley 8\/2021, de 2 de junio, \u00a0que entr\u00f3 en vigor el pasado 3 &hellip; Continuar leyendo \"X Jornada de \u00c9tica y Servicios Sociales\"","og_url":"http:\/\/www.afaraba.org\/blog\/index.php\/2021\/10\/05\/x-jornada-de-etica-y-servicios-sociales\/","og_site_name":"AFARABA","article_published_time":"2021-10-05T07:29:00+00:00","article_modified_time":"2021-10-14T07:36:08+00:00","author":"admin","twitter_card":"summary_large_image","twitter_misc":{"Escrito por":"admin","Tiempo de lectura":"2 minutos"},"schema":{"@context":"https:\/\/schema.org","@graph":[{"@type":"Article","@id":"http:\/\/www.afaraba.org\/blog\/index.php\/2021\/10\/05\/x-jornada-de-etica-y-servicios-sociales\/#article","isPartOf":{"@id":"http:\/\/www.afaraba.org\/blog\/index.php\/2021\/10\/05\/x-jornada-de-etica-y-servicios-sociales\/"},"author":{"name":"admin","@id":"https:\/\/www.afaraba.org\/blog\/#\/schema\/person\/4a0ab48b67420072f420109f30843c71"},"headline":"X Jornada de \u00c9tica y Servicios Sociales","datePublished":"2021-10-05T07:29:00+00:00","dateModified":"2021-10-14T07:36:08+00:00","mainEntityOfPage":{"@id":"http:\/\/www.afaraba.org\/blog\/index.php\/2021\/10\/05\/x-jornada-de-etica-y-servicios-sociales\/"},"wordCount":329,"commentCount":0,"publisher":{"@id":"https:\/\/www.afaraba.org\/blog\/#organization"},"articleSection":["COLABORACI\u00d3N"],"inLanguage":"es","potentialAction":[{"@type":"CommentAction","name":"Comment","target":["http:\/\/www.afaraba.org\/blog\/index.php\/2021\/10\/05\/x-jornada-de-etica-y-servicios-sociales\/#respond"]}]},{"@type":"WebPage","@id":"http:\/\/www.afaraba.org\/blog\/index.php\/2021\/10\/05\/x-jornada-de-etica-y-servicios-sociales\/","url":"http:\/\/www.afaraba.org\/blog\/index.php\/2021\/10\/05\/x-jornada-de-etica-y-servicios-sociales\/","name":"X Jornada de \u00c9tica y Servicios Sociales - AFARABA","isPartOf":{"@id":"https:\/\/www.afaraba.org\/blog\/#website"},"datePublished":"2021-10-05T07:29:00+00:00","dateModified":"2021-10-14T07:36:08+00:00","breadcrumb":{"@id":"http:\/\/www.afaraba.org\/blog\/index.php\/2021\/10\/05\/x-jornada-de-etica-y-servicios-sociales\/#breadcrumb"},"inLanguage":"es","potentialAction":[{"@type":"ReadAction","target":["http:\/\/www.afaraba.org\/blog\/index.php\/2021\/10\/05\/x-jornada-de-etica-y-servicios-sociales\/"]}]},{"@type":"BreadcrumbList","@id":"http:\/\/www.afaraba.org\/blog\/index.php\/2021\/10\/05\/x-jornada-de-etica-y-servicios-sociales\/#breadcrumb","itemListElement":[{"@type":"ListItem","position":1,"name":"Portada","item":"https:\/\/www.afaraba.org\/blog\/"},{"@type":"ListItem","position":2,"name":"X Jornada de \u00c9tica y Servicios Sociales"}]},{"@type":"WebSite","@id":"https:\/\/www.afaraba.org\/blog\/#website","url":"https:\/\/www.afaraba.org\/blog\/","name":"AFARABA","description":"BLOG AFARABA","publisher":{"@id":"https:\/\/www.afaraba.org\/blog\/#organization"},"potentialAction":[{"@type":"SearchAction","target":{"@type":"EntryPoint","urlTemplate":"https:\/\/www.afaraba.org\/blog\/?s={search_term_string}"},"query-input":"required name=search_term_string"}],"inLanguage":"es"},{"@type":"Organization","@id":"https:\/\/www.afaraba.org\/blog\/#organization","name":"AFARABA","url":"https:\/\/www.afaraba.org\/blog\/","logo":{"@type":"ImageObject","inLanguage":"es","@id":"https:\/\/www.afaraba.org\/blog\/#\/schema\/logo\/image\/","url":"http:\/\/www.afaraba.org\/blog\/wp-content\/uploads\/2020\/11\/cropped-AFA_HC-BLOG2.jpg","contentUrl":"http:\/\/www.afaraba.org\/blog\/wp-content\/uploads\/2020\/11\/cropped-AFA_HC-BLOG2.jpg","width":240,"height":89,"caption":"AFARABA"},"image":{"@id":"https:\/\/www.afaraba.org\/blog\/#\/schema\/logo\/image\/"}},{"@type":"Person","@id":"https:\/\/www.afaraba.org\/blog\/#\/schema\/person\/4a0ab48b67420072f420109f30843c71","name":"admin","image":{"@type":"ImageObject","inLanguage":"es","@id":"https:\/\/www.afaraba.org\/blog\/#\/schema\/person\/image\/","url":"http:\/\/0.gravatar.com\/avatar\/c2318eff2fb6ce04ef6dca732184cc5b?s=96&d=mm&r=g","contentUrl":"http:\/\/0.gravatar.com\/avatar\/c2318eff2fb6ce04ef6dca732184cc5b?s=96&d=mm&r=g","caption":"admin"},"url":"http:\/\/www.afaraba.org\/blog\/index.php\/author\/admin\/"}]}},"_links":{"self":[{"href":"http:\/\/www.afaraba.org\/blog\/index.php\/wp-json\/wp\/v2\/posts\/631"}],"collection":[{"href":"http:\/\/www.afaraba.org\/blog\/index.php\/wp-json\/wp\/v2\/posts"}],"about":[{"href":"http:\/\/www.afaraba.org\/blog\/index.php\/wp-json\/wp\/v2\/types\/post"}],"author":[{"embeddable":true,"href":"http:\/\/www.afaraba.org\/blog\/index.php\/wp-json\/wp\/v2\/users\/1"}],"replies":[{"embeddable":true,"href":"http:\/\/www.afaraba.org\/blog\/index.php\/wp-json\/wp\/v2\/comments?post=631"}],"version-history":[{"count":1,"href":"http:\/\/www.afaraba.org\/blog\/index.php\/wp-json\/wp\/v2\/posts\/631\/revisions"}],"predecessor-version":[{"id":632,"href":"http:\/\/www.afaraba.org\/blog\/index.php\/wp-json\/wp\/v2\/posts\/631\/revisions\/632"}],"wp:attachment":[{"href":"http:\/\/www.afaraba.org\/blog\/index.php\/wp-json\/wp\/v2\/media?parent=631"}],"wp:term":[{"taxonomy":"category","embeddable":true,"href":"http:\/\/www.afaraba.org\/blog\/index.php\/wp-json\/wp\/v2\/categories?post=631"},{"taxonomy":"post_tag","embeddable":true,"href":"http:\/\/www.afaraba.org\/blog\/index.php\/wp-json\/wp\/v2\/tags?post=631"}],"curies":[{"name":"wp","href":"https:\/\/api.w.org\/{rel}","templated":true}]}}