{"id":637,"date":"2021-11-25T11:42:00","date_gmt":"2021-11-25T10:42:00","guid":{"rendered":"http:\/\/www.afaraba.org\/blog\/?p=637"},"modified":"2021-12-09T11:43:56","modified_gmt":"2021-12-09T10:43:56","slug":"salon-de-la-catequesis-de-amurrio","status":"publish","type":"post","link":"http:\/\/www.afaraba.org\/blog\/index.php\/2021\/11\/25\/salon-de-la-catequesis-de-amurrio\/","title":{"rendered":"SAL\u00d3N DE LA CATEQUESIS DE AMURRIO"},"content":{"rendered":"\n<p>El 25 de noviembre en el Sal\u00f3n de la Catequesis de Amurrio nuestras compa\u00f1eras impartieron dos charlas:<br>\u201cEnfermedad de Alzheimer y otros tipos de demencia; signos, s\u00edntomas y abordaje desde la psico-estimulaci\u00f3n\u201d<br>Zuri\u00f1e Majuelo, psic\u00f3loga de AFARABA, especializada en estimulaci\u00f3n cognitiva<br>\u201cImpacto de la demencia a nivel familiar\u201d<br>\u00a0Paula Casas, trabajadora social de AFARABA<\/p>\n\n\n\n<figure class=\"wp-block-image size-large\"><img loading=\"lazy\" width=\"1024\" height=\"768\" src=\"https:\/\/www.afaraba.org\/blog\/wp-content\/uploads\/2021\/12\/25-noviembre-1024x768.jpeg\" alt=\"\" class=\"wp-image-638\" srcset=\"http:\/\/www.afaraba.org\/blog\/wp-content\/uploads\/2021\/12\/25-noviembre-1024x768.jpeg 1024w, http:\/\/www.afaraba.org\/blog\/wp-content\/uploads\/2021\/12\/25-noviembre-300x225.jpeg 300w, http:\/\/www.afaraba.org\/blog\/wp-content\/uploads\/2021\/12\/25-noviembre-768x576.jpeg 768w, http:\/\/www.afaraba.org\/blog\/wp-content\/uploads\/2021\/12\/25-noviembre-1536x1152.jpeg 1536w, http:\/\/www.afaraba.org\/blog\/wp-content\/uploads\/2021\/12\/25-noviembre-1200x900.jpeg 1200w, http:\/\/www.afaraba.org\/blog\/wp-content\/uploads\/2021\/12\/25-noviembre.jpeg 2000w\" sizes=\"(max-width: 709px) 85vw, (max-width: 909px) 67vw, (max-width: 1362px) 62vw, 840px\" \/><\/figure>\n","protected":false},"excerpt":{"rendered":"<p>El 25 de noviembre en el Sal\u00f3n de la Catequesis de Amurrio nuestras compa\u00f1eras impartieron dos charlas:\u201cEnfermedad de Alzheimer y otros tipos de demencia; signos, s\u00edntomas y abordaje desde la psico-estimulaci\u00f3n\u201dZuri\u00f1e Majuelo, psic\u00f3loga de AFARABA, especializada en estimulaci\u00f3n cognitiva\u201cImpacto de la demencia a nivel familiar\u201d\u00a0Paula Casas, trabajadora social de AFARABA<\/p>\n","protected":false},"author":1,"featured_media":0,"comment_status":"open","ping_status":"open","sticky":false,"template":"","format":"standard","meta":{"om_disable_all_campaigns":false,"_monsterinsights_skip_tracking":false,"_monsterinsights_sitenote_active":false,"_monsterinsights_sitenote_note":"","_monsterinsights_sitenote_category":0,"_uf_show_specific_survey":0,"_uf_disable_surveys":false},"categories":[3],"tags":[],"aioseo_notices":[],"yoast_head":"<!-- This site is optimized with the Yoast SEO plugin v20.4 - https:\/\/yoast.com\/wordpress\/plugins\/seo\/ -->\n<title>SAL\u00d3N DE LA CATEQUESIS DE AMURRIO - AFARABA<\/title>\n<meta name=\"robots\" content=\"index, follow, max-snippet:-1, max-image-preview:large, max-video-preview:-1\" \/>\n<link rel=\"canonical\" href=\"https:\/\/www.afaraba.org\/blog\/index.php\/2021\/11\/25\/salon-de-la-catequesis-de-amurrio\/\" \/>\n<meta property=\"og:locale\" content=\"es_ES\" \/>\n<meta property=\"og:type\" content=\"article\" \/>\n<meta property=\"og:title\" content=\"SAL\u00d3N DE LA CATEQUESIS DE AMURRIO - AFARABA\" \/>\n<meta property=\"og:description\" content=\"El 25 de noviembre en el Sal\u00f3n de la Catequesis de Amurrio nuestras compa\u00f1eras impartieron dos charlas:\u201cEnfermedad de Alzheimer y otros tipos de demencia; signos, s\u00edntomas y abordaje desde la psico-estimulaci\u00f3n\u201dZuri\u00f1e Majuelo, psic\u00f3loga de AFARABA, especializada en estimulaci\u00f3n cognitiva\u201cImpacto de la demencia a nivel familiar\u201d\u00a0Paula Casas, trabajadora social de AFARABA\" \/>\n<meta property=\"og:url\" content=\"https:\/\/www.afaraba.org\/blog\/index.php\/2021\/11\/25\/salon-de-la-catequesis-de-amurrio\/\" \/>\n<meta property=\"og:site_name\" content=\"AFARABA\" \/>\n<meta property=\"article:published_time\" content=\"2021-11-25T10:42:00+00:00\" \/>\n<meta property=\"article:modified_time\" content=\"2021-12-09T10:43:56+00:00\" \/>\n<meta property=\"og:image\" content=\"https:\/\/www.afaraba.org\/blog\/wp-content\/uploads\/2021\/12\/25-noviembre-1024x768.jpeg\" \/>\n<meta name=\"author\" content=\"admin\" \/>\n<meta name=\"twitter:card\" content=\"summary_large_image\" \/>\n<meta name=\"twitter:label1\" content=\"Escrito por\" \/>\n\t<meta name=\"twitter:data1\" content=\"admin\" \/>\n\t<meta name=\"twitter:label2\" content=\"Tiempo de lectura\" \/>\n\t<meta name=\"twitter:data2\" content=\"1 minuto\" \/>\n<script type=\"application\/ld+json\" class=\"yoast-schema-graph\">{\"@context\":\"https:\/\/schema.org\",\"@graph\":[{\"@type\":\"Article\",\"@id\":\"https:\/\/www.afaraba.org\/blog\/index.php\/2021\/11\/25\/salon-de-la-catequesis-de-amurrio\/#article\",\"isPartOf\":{\"@id\":\"https:\/\/www.afaraba.org\/blog\/index.php\/2021\/11\/25\/salon-de-la-catequesis-de-amurrio\/\"},\"author\":{\"name\":\"admin\",\"@id\":\"https:\/\/www.afaraba.org\/blog\/#\/schema\/person\/4a0ab48b67420072f420109f30843c71\"},\"headline\":\"SAL\u00d3N DE LA CATEQUESIS DE AMURRIO\",\"datePublished\":\"2021-11-25T10:42:00+00:00\",\"dateModified\":\"2021-12-09T10:43:56+00:00\",\"mainEntityOfPage\":{\"@id\":\"https:\/\/www.afaraba.org\/blog\/index.php\/2021\/11\/25\/salon-de-la-catequesis-de-amurrio\/\"},\"wordCount\":67,\"commentCount\":0,\"publisher\":{\"@id\":\"https:\/\/www.afaraba.org\/blog\/#organization\"},\"articleSection\":[\"PERSONAS CUIDADORAS\"],\"inLanguage\":\"es\",\"potentialAction\":[{\"@type\":\"CommentAction\",\"name\":\"Comment\",\"target\":[\"https:\/\/www.afaraba.org\/blog\/index.php\/2021\/11\/25\/salon-de-la-catequesis-de-amurrio\/#respond\"]}]},{\"@type\":\"WebPage\",\"@id\":\"https:\/\/www.afaraba.org\/blog\/index.php\/2021\/11\/25\/salon-de-la-catequesis-de-amurrio\/\",\"url\":\"https:\/\/www.afaraba.org\/blog\/index.php\/2021\/11\/25\/salon-de-la-catequesis-de-amurrio\/\",\"name\":\"SAL\u00d3N DE LA CATEQUESIS DE AMURRIO - AFARABA\",\"isPartOf\":{\"@id\":\"https:\/\/www.afaraba.org\/blog\/#website\"},\"datePublished\":\"2021-11-25T10:42:00+00:00\",\"dateModified\":\"2021-12-09T10:43:56+00:00\",\"breadcrumb\":{\"@id\":\"https:\/\/www.afaraba.org\/blog\/index.php\/2021\/11\/25\/salon-de-la-catequesis-de-amurrio\/#breadcrumb\"},\"inLanguage\":\"es\",\"potentialAction\":[{\"@type\":\"ReadAction\",\"target\":[\"https:\/\/www.afaraba.org\/blog\/index.php\/2021\/11\/25\/salon-de-la-catequesis-de-amurrio\/\"]}]},{\"@type\":\"BreadcrumbList\",\"@id\":\"https:\/\/www.afaraba.org\/blog\/index.php\/2021\/11\/25\/salon-de-la-catequesis-de-amurrio\/#breadcrumb\",\"itemListElement\":[{\"@type\":\"ListItem\",\"position\":1,\"name\":\"Portada\",\"item\":\"https:\/\/www.afaraba.org\/blog\/\"},{\"@type\":\"ListItem\",\"position\":2,\"name\":\"SAL\u00d3N DE LA CATEQUESIS DE AMURRIO\"}]},{\"@type\":\"WebSite\",\"@id\":\"https:\/\/www.afaraba.org\/blog\/#website\",\"url\":\"https:\/\/www.afaraba.org\/blog\/\",\"name\":\"AFARABA\",\"description\":\"BLOG AFARABA\",\"publisher\":{\"@id\":\"https:\/\/www.afaraba.org\/blog\/#organization\"},\"potentialAction\":[{\"@type\":\"SearchAction\",\"target\":{\"@type\":\"EntryPoint\",\"urlTemplate\":\"https:\/\/www.afaraba.org\/blog\/?s={search_term_string}\"},\"query-input\":\"required name=search_term_string\"}],\"inLanguage\":\"es\"},{\"@type\":\"Organization\",\"@id\":\"https:\/\/www.afaraba.org\/blog\/#organization\",\"name\":\"AFARABA\",\"url\":\"https:\/\/www.afaraba.org\/blog\/\",\"logo\":{\"@type\":\"ImageObject\",\"inLanguage\":\"es\",\"@id\":\"https:\/\/www.afaraba.org\/blog\/#\/schema\/logo\/image\/\",\"url\":\"http:\/\/www.afaraba.org\/blog\/wp-content\/uploads\/2020\/11\/cropped-AFA_HC-BLOG2.jpg\",\"contentUrl\":\"http:\/\/www.afaraba.org\/blog\/wp-content\/uploads\/2020\/11\/cropped-AFA_HC-BLOG2.jpg\",\"width\":240,\"height\":89,\"caption\":\"AFARABA\"},\"image\":{\"@id\":\"https:\/\/www.afaraba.org\/blog\/#\/schema\/logo\/image\/\"}},{\"@type\":\"Person\",\"@id\":\"https:\/\/www.afaraba.org\/blog\/#\/schema\/person\/4a0ab48b67420072f420109f30843c71\",\"name\":\"admin\",\"image\":{\"@type\":\"ImageObject\",\"inLanguage\":\"es\",\"@id\":\"https:\/\/www.afaraba.org\/blog\/#\/schema\/person\/image\/\",\"url\":\"http:\/\/0.gravatar.com\/avatar\/c2318eff2fb6ce04ef6dca732184cc5b?s=96&d=mm&r=g\",\"contentUrl\":\"http:\/\/0.gravatar.com\/avatar\/c2318eff2fb6ce04ef6dca732184cc5b?s=96&d=mm&r=g\",\"caption\":\"admin\"},\"url\":\"http:\/\/www.afaraba.org\/blog\/index.php\/author\/admin\/\"}]}<\/script>\n<!-- \/ Yoast SEO plugin. -->","yoast_head_json":{"title":"SAL\u00d3N DE LA CATEQUESIS DE AMURRIO - AFARABA","robots":{"index":"index","follow":"follow","max-snippet":"max-snippet:-1","max-image-preview":"max-image-preview:large","max-video-preview":"max-video-preview:-1"},"canonical":"https:\/\/www.afaraba.org\/blog\/index.php\/2021\/11\/25\/salon-de-la-catequesis-de-amurrio\/","og_locale":"es_ES","og_type":"article","og_title":"SAL\u00d3N DE LA CATEQUESIS DE AMURRIO - AFARABA","og_description":"El 25 de noviembre en el Sal\u00f3n de la Catequesis de Amurrio nuestras compa\u00f1eras impartieron dos charlas:\u201cEnfermedad de Alzheimer y otros tipos de demencia; signos, s\u00edntomas y abordaje desde la psico-estimulaci\u00f3n\u201dZuri\u00f1e Majuelo, psic\u00f3loga de AFARABA, especializada en estimulaci\u00f3n cognitiva\u201cImpacto de la demencia a nivel familiar\u201d\u00a0Paula Casas, trabajadora social de AFARABA","og_url":"https:\/\/www.afaraba.org\/blog\/index.php\/2021\/11\/25\/salon-de-la-catequesis-de-amurrio\/","og_site_name":"AFARABA","article_published_time":"2021-11-25T10:42:00+00:00","article_modified_time":"2021-12-09T10:43:56+00:00","og_image":[{"url":"https:\/\/www.afaraba.org\/blog\/wp-content\/uploads\/2021\/12\/25-noviembre-1024x768.jpeg"}],"author":"admin","twitter_card":"summary_large_image","twitter_misc":{"Escrito por":"admin","Tiempo de lectura":"1 minuto"},"schema":{"@context":"https:\/\/schema.org","@graph":[{"@type":"Article","@id":"https:\/\/www.afaraba.org\/blog\/index.php\/2021\/11\/25\/salon-de-la-catequesis-de-amurrio\/#article","isPartOf":{"@id":"https:\/\/www.afaraba.org\/blog\/index.php\/2021\/11\/25\/salon-de-la-catequesis-de-amurrio\/"},"author":{"name":"admin","@id":"https:\/\/www.afaraba.org\/blog\/#\/schema\/person\/4a0ab48b67420072f420109f30843c71"},"headline":"SAL\u00d3N DE LA CATEQUESIS DE AMURRIO","datePublished":"2021-11-25T10:42:00+00:00","dateModified":"2021-12-09T10:43:56+00:00","mainEntityOfPage":{"@id":"https:\/\/www.afaraba.org\/blog\/index.php\/2021\/11\/25\/salon-de-la-catequesis-de-amurrio\/"},"wordCount":67,"commentCount":0,"publisher":{"@id":"https:\/\/www.afaraba.org\/blog\/#organization"},"articleSection":["PERSONAS CUIDADORAS"],"inLanguage":"es","potentialAction":[{"@type":"CommentAction","name":"Comment","target":["https:\/\/www.afaraba.org\/blog\/index.php\/2021\/11\/25\/salon-de-la-catequesis-de-amurrio\/#respond"]}]},{"@type":"WebPage","@id":"https:\/\/www.afaraba.org\/blog\/index.php\/2021\/11\/25\/salon-de-la-catequesis-de-amurrio\/","url":"https:\/\/www.afaraba.org\/blog\/index.php\/2021\/11\/25\/salon-de-la-catequesis-de-amurrio\/","name":"SAL\u00d3N DE LA CATEQUESIS DE AMURRIO - AFARABA","isPartOf":{"@id":"https:\/\/www.afaraba.org\/blog\/#website"},"datePublished":"2021-11-25T10:42:00+00:00","dateModified":"2021-12-09T10:43:56+00:00","breadcrumb":{"@id":"https:\/\/www.afaraba.org\/blog\/index.php\/2021\/11\/25\/salon-de-la-catequesis-de-amurrio\/#breadcrumb"},"inLanguage":"es","potentialAction":[{"@type":"ReadAction","target":["https:\/\/www.afaraba.org\/blog\/index.php\/2021\/11\/25\/salon-de-la-catequesis-de-amurrio\/"]}]},{"@type":"BreadcrumbList","@id":"https:\/\/www.afaraba.org\/blog\/index.php\/2021\/11\/25\/salon-de-la-catequesis-de-amurrio\/#breadcrumb","itemListElement":[{"@type":"ListItem","position":1,"name":"Portada","item":"https:\/\/www.afaraba.org\/blog\/"},{"@type":"ListItem","position":2,"name":"SAL\u00d3N DE LA CATEQUESIS DE AMURRIO"}]},{"@type":"WebSite","@id":"https:\/\/www.afaraba.org\/blog\/#website","url":"https:\/\/www.afaraba.org\/blog\/","name":"AFARABA","description":"BLOG AFARABA","publisher":{"@id":"https:\/\/www.afaraba.org\/blog\/#organization"},"potentialAction":[{"@type":"SearchAction","target":{"@type":"EntryPoint","urlTemplate":"https:\/\/www.afaraba.org\/blog\/?s={search_term_string}"},"query-input":"required name=search_term_string"}],"inLanguage":"es"},{"@type":"Organization","@id":"https:\/\/www.afaraba.org\/blog\/#organization","name":"AFARABA","url":"https:\/\/www.afaraba.org\/blog\/","logo":{"@type":"ImageObject","inLanguage":"es","@id":"https:\/\/www.afaraba.org\/blog\/#\/schema\/logo\/image\/","url":"http:\/\/www.afaraba.org\/blog\/wp-content\/uploads\/2020\/11\/cropped-AFA_HC-BLOG2.jpg","contentUrl":"http:\/\/www.afaraba.org\/blog\/wp-content\/uploads\/2020\/11\/cropped-AFA_HC-BLOG2.jpg","width":240,"height":89,"caption":"AFARABA"},"image":{"@id":"https:\/\/www.afaraba.org\/blog\/#\/schema\/logo\/image\/"}},{"@type":"Person","@id":"https:\/\/www.afaraba.org\/blog\/#\/schema\/person\/4a0ab48b67420072f420109f30843c71","name":"admin","image":{"@type":"ImageObject","inLanguage":"es","@id":"https:\/\/www.afaraba.org\/blog\/#\/schema\/person\/image\/","url":"http:\/\/0.gravatar.com\/avatar\/c2318eff2fb6ce04ef6dca732184cc5b?s=96&d=mm&r=g","contentUrl":"http:\/\/0.gravatar.com\/avatar\/c2318eff2fb6ce04ef6dca732184cc5b?s=96&d=mm&r=g","caption":"admin"},"url":"http:\/\/www.afaraba.org\/blog\/index.php\/author\/admin\/"}]}},"_links":{"self":[{"href":"http:\/\/www.afaraba.org\/blog\/index.php\/wp-json\/wp\/v2\/posts\/637"}],"collection":[{"href":"http:\/\/www.afaraba.org\/blog\/index.php\/wp-json\/wp\/v2\/posts"}],"about":[{"href":"http:\/\/www.afaraba.org\/blog\/index.php\/wp-json\/wp\/v2\/types\/post"}],"author":[{"embeddable":true,"href":"http:\/\/www.afaraba.org\/blog\/index.php\/wp-json\/wp\/v2\/users\/1"}],"replies":[{"embeddable":true,"href":"http:\/\/www.afaraba.org\/blog\/index.php\/wp-json\/wp\/v2\/comments?post=637"}],"version-history":[{"count":1,"href":"http:\/\/www.afaraba.org\/blog\/index.php\/wp-json\/wp\/v2\/posts\/637\/revisions"}],"predecessor-version":[{"id":639,"href":"http:\/\/www.afaraba.org\/blog\/index.php\/wp-json\/wp\/v2\/posts\/637\/revisions\/639"}],"wp:attachment":[{"href":"http:\/\/www.afaraba.org\/blog\/index.php\/wp-json\/wp\/v2\/media?parent=637"}],"wp:term":[{"taxonomy":"category","embeddable":true,"href":"http:\/\/www.afaraba.org\/blog\/index.php\/wp-json\/wp\/v2\/categories?post=637"},{"taxonomy":"post_tag","embeddable":true,"href":"http:\/\/www.afaraba.org\/blog\/index.php\/wp-json\/wp\/v2\/tags?post=637"}],"curies":[{"name":"wp","href":"https:\/\/api.w.org\/{rel}","templated":true}]}}