{"id":640,"date":"2021-11-25T09:01:00","date_gmt":"2021-11-25T08:01:00","guid":{"rendered":"http:\/\/www.afaraba.org\/blog\/?p=640"},"modified":"2021-12-10T09:43:43","modified_gmt":"2021-12-10T08:43:43","slug":"policia-vasca-y-afaraba","status":"publish","type":"post","link":"http:\/\/www.afaraba.org\/blog\/index.php\/2021\/11\/25\/policia-vasca-y-afaraba\/","title":{"rendered":"POLIC\u00cdA VASCA y AFARABA"},"content":{"rendered":"\n<p>AFARABA AYUDA A LA NUEVA PROMOCI\u00d3N DE LA POLIC\u00cdA VASCA A CONOCER COMO IDENTIFICAR Y COMUNICARSE CON LAS PERSONAS CON ALZHEIMER Y OTRAS DEMENCIAS<\/p>\n\n\n\n<p>Hoy y ma\u00f1ana Arkaute recibir\u00e1 a la asociaci\u00f3n alavesa de familiares y amigos de personas con Alzheimer y otras demencias, quien ofrece una acci\u00f3n formativa para optimizar la atenci\u00f3n a las personas con deterioro cognitivo leve, Alzheimer y otras demencias y sus familias.<\/p>\n\n\n\n<figure class=\"wp-block-image size-large\"><img loading=\"lazy\" width=\"1024\" height=\"897\" src=\"https:\/\/www.afaraba.org\/blog\/wp-content\/uploads\/2021\/12\/POLICIA-1024x897.jpg\" alt=\"\" class=\"wp-image-641\" srcset=\"http:\/\/www.afaraba.org\/blog\/wp-content\/uploads\/2021\/12\/POLICIA-1024x897.jpg 1024w, http:\/\/www.afaraba.org\/blog\/wp-content\/uploads\/2021\/12\/POLICIA-300x263.jpg 300w, http:\/\/www.afaraba.org\/blog\/wp-content\/uploads\/2021\/12\/POLICIA-768x672.jpg 768w, http:\/\/www.afaraba.org\/blog\/wp-content\/uploads\/2021\/12\/POLICIA-1200x1051.jpg 1200w, http:\/\/www.afaraba.org\/blog\/wp-content\/uploads\/2021\/12\/POLICIA.jpg 1302w\" sizes=\"(max-width: 709px) 85vw, (max-width: 909px) 67vw, (max-width: 1362px) 62vw, 840px\" \/><\/figure>\n","protected":false},"excerpt":{"rendered":"<p>AFARABA AYUDA A LA NUEVA PROMOCI\u00d3N DE LA POLIC\u00cdA VASCA A CONOCER COMO IDENTIFICAR Y COMUNICARSE CON LAS PERSONAS CON ALZHEIMER Y OTRAS DEMENCIAS Hoy y ma\u00f1ana Arkaute recibir\u00e1 a la asociaci\u00f3n alavesa de familiares y amigos de personas con Alzheimer y otras demencias, quien ofrece una acci\u00f3n formativa para optimizar la atenci\u00f3n a las &hellip; <a href=\"http:\/\/www.afaraba.org\/blog\/index.php\/2021\/11\/25\/policia-vasca-y-afaraba\/\" class=\"more-link\">Continuar leyendo<span class=\"screen-reader-text\"> \u00abPOLIC\u00cdA VASCA y AFARABA\u00bb<\/span><\/a><\/p>\n","protected":false},"author":1,"featured_media":0,"comment_status":"open","ping_status":"open","sticky":false,"template":"","format":"standard","meta":{"om_disable_all_campaigns":false,"_monsterinsights_skip_tracking":false,"_monsterinsights_sitenote_active":false,"_monsterinsights_sitenote_note":"","_monsterinsights_sitenote_category":0,"_uf_show_specific_survey":0,"_uf_disable_surveys":false},"categories":[3],"tags":[],"aioseo_notices":[],"yoast_head":"<!-- This site is optimized with the Yoast SEO plugin v20.4 - https:\/\/yoast.com\/wordpress\/plugins\/seo\/ -->\n<title>POLIC\u00cdA VASCA y AFARABA - AFARABA<\/title>\n<meta name=\"robots\" content=\"index, follow, max-snippet:-1, max-image-preview:large, max-video-preview:-1\" \/>\n<link rel=\"canonical\" href=\"http:\/\/www.afaraba.org\/blog\/index.php\/2021\/11\/25\/policia-vasca-y-afaraba\/\" \/>\n<meta property=\"og:locale\" content=\"es_ES\" \/>\n<meta property=\"og:type\" content=\"article\" \/>\n<meta property=\"og:title\" content=\"POLIC\u00cdA VASCA y AFARABA - AFARABA\" \/>\n<meta property=\"og:description\" content=\"AFARABA AYUDA A LA NUEVA PROMOCI\u00d3N DE LA POLIC\u00cdA VASCA A CONOCER COMO IDENTIFICAR Y COMUNICARSE CON LAS PERSONAS CON ALZHEIMER Y OTRAS DEMENCIAS Hoy y ma\u00f1ana Arkaute recibir\u00e1 a la asociaci\u00f3n alavesa de familiares y amigos de personas con Alzheimer y otras demencias, quien ofrece una acci\u00f3n formativa para optimizar la atenci\u00f3n a las &hellip; Continuar leyendo &quot;POLIC\u00cdA VASCA y AFARABA&quot;\" \/>\n<meta property=\"og:url\" content=\"http:\/\/www.afaraba.org\/blog\/index.php\/2021\/11\/25\/policia-vasca-y-afaraba\/\" \/>\n<meta property=\"og:site_name\" content=\"AFARABA\" \/>\n<meta property=\"article:published_time\" content=\"2021-11-25T08:01:00+00:00\" \/>\n<meta property=\"article:modified_time\" content=\"2021-12-10T08:43:43+00:00\" \/>\n<meta property=\"og:image\" content=\"https:\/\/www.afaraba.org\/blog\/wp-content\/uploads\/2021\/12\/POLICIA-1024x897.jpg\" \/>\n<meta name=\"author\" content=\"admin\" \/>\n<meta name=\"twitter:card\" content=\"summary_large_image\" \/>\n<meta name=\"twitter:label1\" content=\"Escrito por\" \/>\n\t<meta name=\"twitter:data1\" content=\"admin\" \/>\n\t<meta name=\"twitter:label2\" content=\"Tiempo de lectura\" \/>\n\t<meta name=\"twitter:data2\" content=\"1 minuto\" \/>\n<script type=\"application\/ld+json\" class=\"yoast-schema-graph\">{\"@context\":\"https:\/\/schema.org\",\"@graph\":[{\"@type\":\"Article\",\"@id\":\"http:\/\/www.afaraba.org\/blog\/index.php\/2021\/11\/25\/policia-vasca-y-afaraba\/#article\",\"isPartOf\":{\"@id\":\"http:\/\/www.afaraba.org\/blog\/index.php\/2021\/11\/25\/policia-vasca-y-afaraba\/\"},\"author\":{\"name\":\"admin\",\"@id\":\"https:\/\/www.afaraba.org\/blog\/#\/schema\/person\/4a0ab48b67420072f420109f30843c71\"},\"headline\":\"POLIC\u00cdA VASCA y AFARABA\",\"datePublished\":\"2021-11-25T08:01:00+00:00\",\"dateModified\":\"2021-12-10T08:43:43+00:00\",\"mainEntityOfPage\":{\"@id\":\"http:\/\/www.afaraba.org\/blog\/index.php\/2021\/11\/25\/policia-vasca-y-afaraba\/\"},\"wordCount\":78,\"commentCount\":0,\"publisher\":{\"@id\":\"https:\/\/www.afaraba.org\/blog\/#organization\"},\"articleSection\":[\"PERSONAS CUIDADORAS\"],\"inLanguage\":\"es\",\"potentialAction\":[{\"@type\":\"CommentAction\",\"name\":\"Comment\",\"target\":[\"http:\/\/www.afaraba.org\/blog\/index.php\/2021\/11\/25\/policia-vasca-y-afaraba\/#respond\"]}]},{\"@type\":\"WebPage\",\"@id\":\"http:\/\/www.afaraba.org\/blog\/index.php\/2021\/11\/25\/policia-vasca-y-afaraba\/\",\"url\":\"http:\/\/www.afaraba.org\/blog\/index.php\/2021\/11\/25\/policia-vasca-y-afaraba\/\",\"name\":\"POLIC\u00cdA VASCA y AFARABA - AFARABA\",\"isPartOf\":{\"@id\":\"https:\/\/www.afaraba.org\/blog\/#website\"},\"datePublished\":\"2021-11-25T08:01:00+00:00\",\"dateModified\":\"2021-12-10T08:43:43+00:00\",\"breadcrumb\":{\"@id\":\"http:\/\/www.afaraba.org\/blog\/index.php\/2021\/11\/25\/policia-vasca-y-afaraba\/#breadcrumb\"},\"inLanguage\":\"es\",\"potentialAction\":[{\"@type\":\"ReadAction\",\"target\":[\"http:\/\/www.afaraba.org\/blog\/index.php\/2021\/11\/25\/policia-vasca-y-afaraba\/\"]}]},{\"@type\":\"BreadcrumbList\",\"@id\":\"http:\/\/www.afaraba.org\/blog\/index.php\/2021\/11\/25\/policia-vasca-y-afaraba\/#breadcrumb\",\"itemListElement\":[{\"@type\":\"ListItem\",\"position\":1,\"name\":\"Portada\",\"item\":\"https:\/\/www.afaraba.org\/blog\/\"},{\"@type\":\"ListItem\",\"position\":2,\"name\":\"POLIC\u00cdA VASCA y AFARABA\"}]},{\"@type\":\"WebSite\",\"@id\":\"https:\/\/www.afaraba.org\/blog\/#website\",\"url\":\"https:\/\/www.afaraba.org\/blog\/\",\"name\":\"AFARABA\",\"description\":\"BLOG AFARABA\",\"publisher\":{\"@id\":\"https:\/\/www.afaraba.org\/blog\/#organization\"},\"potentialAction\":[{\"@type\":\"SearchAction\",\"target\":{\"@type\":\"EntryPoint\",\"urlTemplate\":\"https:\/\/www.afaraba.org\/blog\/?s={search_term_string}\"},\"query-input\":\"required name=search_term_string\"}],\"inLanguage\":\"es\"},{\"@type\":\"Organization\",\"@id\":\"https:\/\/www.afaraba.org\/blog\/#organization\",\"name\":\"AFARABA\",\"url\":\"https:\/\/www.afaraba.org\/blog\/\",\"logo\":{\"@type\":\"ImageObject\",\"inLanguage\":\"es\",\"@id\":\"https:\/\/www.afaraba.org\/blog\/#\/schema\/logo\/image\/\",\"url\":\"http:\/\/www.afaraba.org\/blog\/wp-content\/uploads\/2020\/11\/cropped-AFA_HC-BLOG2.jpg\",\"contentUrl\":\"http:\/\/www.afaraba.org\/blog\/wp-content\/uploads\/2020\/11\/cropped-AFA_HC-BLOG2.jpg\",\"width\":240,\"height\":89,\"caption\":\"AFARABA\"},\"image\":{\"@id\":\"https:\/\/www.afaraba.org\/blog\/#\/schema\/logo\/image\/\"}},{\"@type\":\"Person\",\"@id\":\"https:\/\/www.afaraba.org\/blog\/#\/schema\/person\/4a0ab48b67420072f420109f30843c71\",\"name\":\"admin\",\"image\":{\"@type\":\"ImageObject\",\"inLanguage\":\"es\",\"@id\":\"https:\/\/www.afaraba.org\/blog\/#\/schema\/person\/image\/\",\"url\":\"http:\/\/0.gravatar.com\/avatar\/c2318eff2fb6ce04ef6dca732184cc5b?s=96&d=mm&r=g\",\"contentUrl\":\"http:\/\/0.gravatar.com\/avatar\/c2318eff2fb6ce04ef6dca732184cc5b?s=96&d=mm&r=g\",\"caption\":\"admin\"},\"url\":\"http:\/\/www.afaraba.org\/blog\/index.php\/author\/admin\/\"}]}<\/script>\n<!-- \/ Yoast SEO plugin. -->","yoast_head_json":{"title":"POLIC\u00cdA VASCA y AFARABA - AFARABA","robots":{"index":"index","follow":"follow","max-snippet":"max-snippet:-1","max-image-preview":"max-image-preview:large","max-video-preview":"max-video-preview:-1"},"canonical":"http:\/\/www.afaraba.org\/blog\/index.php\/2021\/11\/25\/policia-vasca-y-afaraba\/","og_locale":"es_ES","og_type":"article","og_title":"POLIC\u00cdA VASCA y AFARABA - AFARABA","og_description":"AFARABA AYUDA A LA NUEVA PROMOCI\u00d3N DE LA POLIC\u00cdA VASCA A CONOCER COMO IDENTIFICAR Y COMUNICARSE CON LAS PERSONAS CON ALZHEIMER Y OTRAS DEMENCIAS Hoy y ma\u00f1ana Arkaute recibir\u00e1 a la asociaci\u00f3n alavesa de familiares y amigos de personas con Alzheimer y otras demencias, quien ofrece una acci\u00f3n formativa para optimizar la atenci\u00f3n a las &hellip; Continuar leyendo \"POLIC\u00cdA VASCA y AFARABA\"","og_url":"http:\/\/www.afaraba.org\/blog\/index.php\/2021\/11\/25\/policia-vasca-y-afaraba\/","og_site_name":"AFARABA","article_published_time":"2021-11-25T08:01:00+00:00","article_modified_time":"2021-12-10T08:43:43+00:00","og_image":[{"url":"https:\/\/www.afaraba.org\/blog\/wp-content\/uploads\/2021\/12\/POLICIA-1024x897.jpg"}],"author":"admin","twitter_card":"summary_large_image","twitter_misc":{"Escrito por":"admin","Tiempo de lectura":"1 minuto"},"schema":{"@context":"https:\/\/schema.org","@graph":[{"@type":"Article","@id":"http:\/\/www.afaraba.org\/blog\/index.php\/2021\/11\/25\/policia-vasca-y-afaraba\/#article","isPartOf":{"@id":"http:\/\/www.afaraba.org\/blog\/index.php\/2021\/11\/25\/policia-vasca-y-afaraba\/"},"author":{"name":"admin","@id":"https:\/\/www.afaraba.org\/blog\/#\/schema\/person\/4a0ab48b67420072f420109f30843c71"},"headline":"POLIC\u00cdA VASCA y AFARABA","datePublished":"2021-11-25T08:01:00+00:00","dateModified":"2021-12-10T08:43:43+00:00","mainEntityOfPage":{"@id":"http:\/\/www.afaraba.org\/blog\/index.php\/2021\/11\/25\/policia-vasca-y-afaraba\/"},"wordCount":78,"commentCount":0,"publisher":{"@id":"https:\/\/www.afaraba.org\/blog\/#organization"},"articleSection":["PERSONAS CUIDADORAS"],"inLanguage":"es","potentialAction":[{"@type":"CommentAction","name":"Comment","target":["http:\/\/www.afaraba.org\/blog\/index.php\/2021\/11\/25\/policia-vasca-y-afaraba\/#respond"]}]},{"@type":"WebPage","@id":"http:\/\/www.afaraba.org\/blog\/index.php\/2021\/11\/25\/policia-vasca-y-afaraba\/","url":"http:\/\/www.afaraba.org\/blog\/index.php\/2021\/11\/25\/policia-vasca-y-afaraba\/","name":"POLIC\u00cdA VASCA y AFARABA - AFARABA","isPartOf":{"@id":"https:\/\/www.afaraba.org\/blog\/#website"},"datePublished":"2021-11-25T08:01:00+00:00","dateModified":"2021-12-10T08:43:43+00:00","breadcrumb":{"@id":"http:\/\/www.afaraba.org\/blog\/index.php\/2021\/11\/25\/policia-vasca-y-afaraba\/#breadcrumb"},"inLanguage":"es","potentialAction":[{"@type":"ReadAction","target":["http:\/\/www.afaraba.org\/blog\/index.php\/2021\/11\/25\/policia-vasca-y-afaraba\/"]}]},{"@type":"BreadcrumbList","@id":"http:\/\/www.afaraba.org\/blog\/index.php\/2021\/11\/25\/policia-vasca-y-afaraba\/#breadcrumb","itemListElement":[{"@type":"ListItem","position":1,"name":"Portada","item":"https:\/\/www.afaraba.org\/blog\/"},{"@type":"ListItem","position":2,"name":"POLIC\u00cdA VASCA y AFARABA"}]},{"@type":"WebSite","@id":"https:\/\/www.afaraba.org\/blog\/#website","url":"https:\/\/www.afaraba.org\/blog\/","name":"AFARABA","description":"BLOG AFARABA","publisher":{"@id":"https:\/\/www.afaraba.org\/blog\/#organization"},"potentialAction":[{"@type":"SearchAction","target":{"@type":"EntryPoint","urlTemplate":"https:\/\/www.afaraba.org\/blog\/?s={search_term_string}"},"query-input":"required name=search_term_string"}],"inLanguage":"es"},{"@type":"Organization","@id":"https:\/\/www.afaraba.org\/blog\/#organization","name":"AFARABA","url":"https:\/\/www.afaraba.org\/blog\/","logo":{"@type":"ImageObject","inLanguage":"es","@id":"https:\/\/www.afaraba.org\/blog\/#\/schema\/logo\/image\/","url":"http:\/\/www.afaraba.org\/blog\/wp-content\/uploads\/2020\/11\/cropped-AFA_HC-BLOG2.jpg","contentUrl":"http:\/\/www.afaraba.org\/blog\/wp-content\/uploads\/2020\/11\/cropped-AFA_HC-BLOG2.jpg","width":240,"height":89,"caption":"AFARABA"},"image":{"@id":"https:\/\/www.afaraba.org\/blog\/#\/schema\/logo\/image\/"}},{"@type":"Person","@id":"https:\/\/www.afaraba.org\/blog\/#\/schema\/person\/4a0ab48b67420072f420109f30843c71","name":"admin","image":{"@type":"ImageObject","inLanguage":"es","@id":"https:\/\/www.afaraba.org\/blog\/#\/schema\/person\/image\/","url":"http:\/\/0.gravatar.com\/avatar\/c2318eff2fb6ce04ef6dca732184cc5b?s=96&d=mm&r=g","contentUrl":"http:\/\/0.gravatar.com\/avatar\/c2318eff2fb6ce04ef6dca732184cc5b?s=96&d=mm&r=g","caption":"admin"},"url":"http:\/\/www.afaraba.org\/blog\/index.php\/author\/admin\/"}]}},"_links":{"self":[{"href":"http:\/\/www.afaraba.org\/blog\/index.php\/wp-json\/wp\/v2\/posts\/640"}],"collection":[{"href":"http:\/\/www.afaraba.org\/blog\/index.php\/wp-json\/wp\/v2\/posts"}],"about":[{"href":"http:\/\/www.afaraba.org\/blog\/index.php\/wp-json\/wp\/v2\/types\/post"}],"author":[{"embeddable":true,"href":"http:\/\/www.afaraba.org\/blog\/index.php\/wp-json\/wp\/v2\/users\/1"}],"replies":[{"embeddable":true,"href":"http:\/\/www.afaraba.org\/blog\/index.php\/wp-json\/wp\/v2\/comments?post=640"}],"version-history":[{"count":1,"href":"http:\/\/www.afaraba.org\/blog\/index.php\/wp-json\/wp\/v2\/posts\/640\/revisions"}],"predecessor-version":[{"id":642,"href":"http:\/\/www.afaraba.org\/blog\/index.php\/wp-json\/wp\/v2\/posts\/640\/revisions\/642"}],"wp:attachment":[{"href":"http:\/\/www.afaraba.org\/blog\/index.php\/wp-json\/wp\/v2\/media?parent=640"}],"wp:term":[{"taxonomy":"category","embeddable":true,"href":"http:\/\/www.afaraba.org\/blog\/index.php\/wp-json\/wp\/v2\/categories?post=640"},{"taxonomy":"post_tag","embeddable":true,"href":"http:\/\/www.afaraba.org\/blog\/index.php\/wp-json\/wp\/v2\/tags?post=640"}],"curies":[{"name":"wp","href":"https:\/\/api.w.org\/{rel}","templated":true}]}}