{"id":659,"date":"2022-02-18T11:31:00","date_gmt":"2022-02-18T10:31:00","guid":{"rendered":"http:\/\/www.afaraba.org\/blog\/?p=659"},"modified":"2022-03-28T11:33:00","modified_gmt":"2022-03-28T10:33:00","slug":"residencia-albertia-centro","status":"publish","type":"post","link":"http:\/\/www.afaraba.org\/blog\/index.php\/2022\/02\/18\/residencia-albertia-centro\/","title":{"rendered":"Residencia Albertia Centro"},"content":{"rendered":"\n<p>El 16 y 17 de Febrero acudimos a la Residencia Albertia Centro para hablarles a los residentes sobre los diversos s\u00edntomas que pueden padecer las personas con demencia de cara a que la convivencia entre los residentes resulte m\u00e1s f\u00e1cil. <\/p>\n\n\n\n<p>La psicolog\u00eda nos muestra la manera de sentir, de pensar y de comportarse de una persona, y con las herramientas que desde Afaraba se dan podemos facilitar el d\u00eda a d\u00eda de las personas que padecen Alzheimer u otras demencias.<\/p>\n","protected":false},"excerpt":{"rendered":"<p>El 16 y 17 de Febrero acudimos a la Residencia Albertia Centro para hablarles a los residentes sobre los diversos s\u00edntomas que pueden padecer las personas con demencia de cara a que la convivencia entre los residentes resulte m\u00e1s f\u00e1cil. La psicolog\u00eda nos muestra la manera de sentir, de pensar y de comportarse de una &hellip; <a href=\"http:\/\/www.afaraba.org\/blog\/index.php\/2022\/02\/18\/residencia-albertia-centro\/\" class=\"more-link\">Continuar leyendo<span class=\"screen-reader-text\"> \u00abResidencia Albertia Centro\u00bb<\/span><\/a><\/p>\n","protected":false},"author":1,"featured_media":0,"comment_status":"open","ping_status":"open","sticky":false,"template":"","format":"standard","meta":{"om_disable_all_campaigns":false,"_monsterinsights_skip_tracking":false,"_monsterinsights_sitenote_active":false,"_monsterinsights_sitenote_note":"","_monsterinsights_sitenote_category":0,"_uf_show_specific_survey":0,"_uf_disable_surveys":false},"categories":[3],"tags":[],"aioseo_notices":[],"yoast_head":"<!-- This site is optimized with the Yoast SEO plugin v20.4 - https:\/\/yoast.com\/wordpress\/plugins\/seo\/ -->\n<title>Residencia Albertia Centro - AFARABA<\/title>\n<meta name=\"robots\" content=\"index, follow, max-snippet:-1, max-image-preview:large, max-video-preview:-1\" \/>\n<link rel=\"canonical\" href=\"http:\/\/www.afaraba.org\/blog\/index.php\/2022\/02\/18\/residencia-albertia-centro\/\" \/>\n<meta property=\"og:locale\" content=\"es_ES\" \/>\n<meta property=\"og:type\" content=\"article\" \/>\n<meta property=\"og:title\" content=\"Residencia Albertia Centro - AFARABA\" \/>\n<meta property=\"og:description\" content=\"El 16 y 17 de Febrero acudimos a la Residencia Albertia Centro para hablarles a los residentes sobre los diversos s\u00edntomas que pueden padecer las personas con demencia de cara a que la convivencia entre los residentes resulte m\u00e1s f\u00e1cil. La psicolog\u00eda nos muestra la manera de sentir, de pensar y de comportarse de una &hellip; Continuar leyendo &quot;Residencia Albertia Centro&quot;\" \/>\n<meta property=\"og:url\" content=\"http:\/\/www.afaraba.org\/blog\/index.php\/2022\/02\/18\/residencia-albertia-centro\/\" \/>\n<meta property=\"og:site_name\" content=\"AFARABA\" \/>\n<meta property=\"article:published_time\" content=\"2022-02-18T10:31:00+00:00\" \/>\n<meta property=\"article:modified_time\" content=\"2022-03-28T10:33:00+00:00\" \/>\n<meta name=\"author\" content=\"admin\" \/>\n<meta name=\"twitter:card\" content=\"summary_large_image\" \/>\n<meta name=\"twitter:label1\" content=\"Escrito por\" \/>\n\t<meta name=\"twitter:data1\" content=\"admin\" \/>\n\t<meta name=\"twitter:label2\" content=\"Tiempo de lectura\" \/>\n\t<meta name=\"twitter:data2\" content=\"1 minuto\" \/>\n<script type=\"application\/ld+json\" class=\"yoast-schema-graph\">{\"@context\":\"https:\/\/schema.org\",\"@graph\":[{\"@type\":\"Article\",\"@id\":\"http:\/\/www.afaraba.org\/blog\/index.php\/2022\/02\/18\/residencia-albertia-centro\/#article\",\"isPartOf\":{\"@id\":\"http:\/\/www.afaraba.org\/blog\/index.php\/2022\/02\/18\/residencia-albertia-centro\/\"},\"author\":{\"name\":\"admin\",\"@id\":\"https:\/\/www.afaraba.org\/blog\/#\/schema\/person\/4a0ab48b67420072f420109f30843c71\"},\"headline\":\"Residencia Albertia Centro\",\"datePublished\":\"2022-02-18T10:31:00+00:00\",\"dateModified\":\"2022-03-28T10:33:00+00:00\",\"mainEntityOfPage\":{\"@id\":\"http:\/\/www.afaraba.org\/blog\/index.php\/2022\/02\/18\/residencia-albertia-centro\/\"},\"wordCount\":87,\"commentCount\":0,\"publisher\":{\"@id\":\"https:\/\/www.afaraba.org\/blog\/#organization\"},\"articleSection\":[\"PERSONAS CUIDADORAS\"],\"inLanguage\":\"es\",\"potentialAction\":[{\"@type\":\"CommentAction\",\"name\":\"Comment\",\"target\":[\"http:\/\/www.afaraba.org\/blog\/index.php\/2022\/02\/18\/residencia-albertia-centro\/#respond\"]}]},{\"@type\":\"WebPage\",\"@id\":\"http:\/\/www.afaraba.org\/blog\/index.php\/2022\/02\/18\/residencia-albertia-centro\/\",\"url\":\"http:\/\/www.afaraba.org\/blog\/index.php\/2022\/02\/18\/residencia-albertia-centro\/\",\"name\":\"Residencia Albertia Centro - AFARABA\",\"isPartOf\":{\"@id\":\"https:\/\/www.afaraba.org\/blog\/#website\"},\"datePublished\":\"2022-02-18T10:31:00+00:00\",\"dateModified\":\"2022-03-28T10:33:00+00:00\",\"breadcrumb\":{\"@id\":\"http:\/\/www.afaraba.org\/blog\/index.php\/2022\/02\/18\/residencia-albertia-centro\/#breadcrumb\"},\"inLanguage\":\"es\",\"potentialAction\":[{\"@type\":\"ReadAction\",\"target\":[\"http:\/\/www.afaraba.org\/blog\/index.php\/2022\/02\/18\/residencia-albertia-centro\/\"]}]},{\"@type\":\"BreadcrumbList\",\"@id\":\"http:\/\/www.afaraba.org\/blog\/index.php\/2022\/02\/18\/residencia-albertia-centro\/#breadcrumb\",\"itemListElement\":[{\"@type\":\"ListItem\",\"position\":1,\"name\":\"Portada\",\"item\":\"https:\/\/www.afaraba.org\/blog\/\"},{\"@type\":\"ListItem\",\"position\":2,\"name\":\"Residencia Albertia Centro\"}]},{\"@type\":\"WebSite\",\"@id\":\"https:\/\/www.afaraba.org\/blog\/#website\",\"url\":\"https:\/\/www.afaraba.org\/blog\/\",\"name\":\"AFARABA\",\"description\":\"BLOG AFARABA\",\"publisher\":{\"@id\":\"https:\/\/www.afaraba.org\/blog\/#organization\"},\"potentialAction\":[{\"@type\":\"SearchAction\",\"target\":{\"@type\":\"EntryPoint\",\"urlTemplate\":\"https:\/\/www.afaraba.org\/blog\/?s={search_term_string}\"},\"query-input\":\"required name=search_term_string\"}],\"inLanguage\":\"es\"},{\"@type\":\"Organization\",\"@id\":\"https:\/\/www.afaraba.org\/blog\/#organization\",\"name\":\"AFARABA\",\"url\":\"https:\/\/www.afaraba.org\/blog\/\",\"logo\":{\"@type\":\"ImageObject\",\"inLanguage\":\"es\",\"@id\":\"https:\/\/www.afaraba.org\/blog\/#\/schema\/logo\/image\/\",\"url\":\"http:\/\/www.afaraba.org\/blog\/wp-content\/uploads\/2020\/11\/cropped-AFA_HC-BLOG2.jpg\",\"contentUrl\":\"http:\/\/www.afaraba.org\/blog\/wp-content\/uploads\/2020\/11\/cropped-AFA_HC-BLOG2.jpg\",\"width\":240,\"height\":89,\"caption\":\"AFARABA\"},\"image\":{\"@id\":\"https:\/\/www.afaraba.org\/blog\/#\/schema\/logo\/image\/\"}},{\"@type\":\"Person\",\"@id\":\"https:\/\/www.afaraba.org\/blog\/#\/schema\/person\/4a0ab48b67420072f420109f30843c71\",\"name\":\"admin\",\"image\":{\"@type\":\"ImageObject\",\"inLanguage\":\"es\",\"@id\":\"https:\/\/www.afaraba.org\/blog\/#\/schema\/person\/image\/\",\"url\":\"http:\/\/0.gravatar.com\/avatar\/c2318eff2fb6ce04ef6dca732184cc5b?s=96&d=mm&r=g\",\"contentUrl\":\"http:\/\/0.gravatar.com\/avatar\/c2318eff2fb6ce04ef6dca732184cc5b?s=96&d=mm&r=g\",\"caption\":\"admin\"},\"url\":\"http:\/\/www.afaraba.org\/blog\/index.php\/author\/admin\/\"}]}<\/script>\n<!-- \/ Yoast SEO plugin. -->","yoast_head_json":{"title":"Residencia Albertia Centro - AFARABA","robots":{"index":"index","follow":"follow","max-snippet":"max-snippet:-1","max-image-preview":"max-image-preview:large","max-video-preview":"max-video-preview:-1"},"canonical":"http:\/\/www.afaraba.org\/blog\/index.php\/2022\/02\/18\/residencia-albertia-centro\/","og_locale":"es_ES","og_type":"article","og_title":"Residencia Albertia Centro - AFARABA","og_description":"El 16 y 17 de Febrero acudimos a la Residencia Albertia Centro para hablarles a los residentes sobre los diversos s\u00edntomas que pueden padecer las personas con demencia de cara a que la convivencia entre los residentes resulte m\u00e1s f\u00e1cil. La psicolog\u00eda nos muestra la manera de sentir, de pensar y de comportarse de una &hellip; Continuar leyendo \"Residencia Albertia Centro\"","og_url":"http:\/\/www.afaraba.org\/blog\/index.php\/2022\/02\/18\/residencia-albertia-centro\/","og_site_name":"AFARABA","article_published_time":"2022-02-18T10:31:00+00:00","article_modified_time":"2022-03-28T10:33:00+00:00","author":"admin","twitter_card":"summary_large_image","twitter_misc":{"Escrito por":"admin","Tiempo de lectura":"1 minuto"},"schema":{"@context":"https:\/\/schema.org","@graph":[{"@type":"Article","@id":"http:\/\/www.afaraba.org\/blog\/index.php\/2022\/02\/18\/residencia-albertia-centro\/#article","isPartOf":{"@id":"http:\/\/www.afaraba.org\/blog\/index.php\/2022\/02\/18\/residencia-albertia-centro\/"},"author":{"name":"admin","@id":"https:\/\/www.afaraba.org\/blog\/#\/schema\/person\/4a0ab48b67420072f420109f30843c71"},"headline":"Residencia Albertia Centro","datePublished":"2022-02-18T10:31:00+00:00","dateModified":"2022-03-28T10:33:00+00:00","mainEntityOfPage":{"@id":"http:\/\/www.afaraba.org\/blog\/index.php\/2022\/02\/18\/residencia-albertia-centro\/"},"wordCount":87,"commentCount":0,"publisher":{"@id":"https:\/\/www.afaraba.org\/blog\/#organization"},"articleSection":["PERSONAS CUIDADORAS"],"inLanguage":"es","potentialAction":[{"@type":"CommentAction","name":"Comment","target":["http:\/\/www.afaraba.org\/blog\/index.php\/2022\/02\/18\/residencia-albertia-centro\/#respond"]}]},{"@type":"WebPage","@id":"http:\/\/www.afaraba.org\/blog\/index.php\/2022\/02\/18\/residencia-albertia-centro\/","url":"http:\/\/www.afaraba.org\/blog\/index.php\/2022\/02\/18\/residencia-albertia-centro\/","name":"Residencia Albertia Centro - AFARABA","isPartOf":{"@id":"https:\/\/www.afaraba.org\/blog\/#website"},"datePublished":"2022-02-18T10:31:00+00:00","dateModified":"2022-03-28T10:33:00+00:00","breadcrumb":{"@id":"http:\/\/www.afaraba.org\/blog\/index.php\/2022\/02\/18\/residencia-albertia-centro\/#breadcrumb"},"inLanguage":"es","potentialAction":[{"@type":"ReadAction","target":["http:\/\/www.afaraba.org\/blog\/index.php\/2022\/02\/18\/residencia-albertia-centro\/"]}]},{"@type":"BreadcrumbList","@id":"http:\/\/www.afaraba.org\/blog\/index.php\/2022\/02\/18\/residencia-albertia-centro\/#breadcrumb","itemListElement":[{"@type":"ListItem","position":1,"name":"Portada","item":"https:\/\/www.afaraba.org\/blog\/"},{"@type":"ListItem","position":2,"name":"Residencia Albertia Centro"}]},{"@type":"WebSite","@id":"https:\/\/www.afaraba.org\/blog\/#website","url":"https:\/\/www.afaraba.org\/blog\/","name":"AFARABA","description":"BLOG AFARABA","publisher":{"@id":"https:\/\/www.afaraba.org\/blog\/#organization"},"potentialAction":[{"@type":"SearchAction","target":{"@type":"EntryPoint","urlTemplate":"https:\/\/www.afaraba.org\/blog\/?s={search_term_string}"},"query-input":"required name=search_term_string"}],"inLanguage":"es"},{"@type":"Organization","@id":"https:\/\/www.afaraba.org\/blog\/#organization","name":"AFARABA","url":"https:\/\/www.afaraba.org\/blog\/","logo":{"@type":"ImageObject","inLanguage":"es","@id":"https:\/\/www.afaraba.org\/blog\/#\/schema\/logo\/image\/","url":"http:\/\/www.afaraba.org\/blog\/wp-content\/uploads\/2020\/11\/cropped-AFA_HC-BLOG2.jpg","contentUrl":"http:\/\/www.afaraba.org\/blog\/wp-content\/uploads\/2020\/11\/cropped-AFA_HC-BLOG2.jpg","width":240,"height":89,"caption":"AFARABA"},"image":{"@id":"https:\/\/www.afaraba.org\/blog\/#\/schema\/logo\/image\/"}},{"@type":"Person","@id":"https:\/\/www.afaraba.org\/blog\/#\/schema\/person\/4a0ab48b67420072f420109f30843c71","name":"admin","image":{"@type":"ImageObject","inLanguage":"es","@id":"https:\/\/www.afaraba.org\/blog\/#\/schema\/person\/image\/","url":"http:\/\/0.gravatar.com\/avatar\/c2318eff2fb6ce04ef6dca732184cc5b?s=96&d=mm&r=g","contentUrl":"http:\/\/0.gravatar.com\/avatar\/c2318eff2fb6ce04ef6dca732184cc5b?s=96&d=mm&r=g","caption":"admin"},"url":"http:\/\/www.afaraba.org\/blog\/index.php\/author\/admin\/"}]}},"_links":{"self":[{"href":"http:\/\/www.afaraba.org\/blog\/index.php\/wp-json\/wp\/v2\/posts\/659"}],"collection":[{"href":"http:\/\/www.afaraba.org\/blog\/index.php\/wp-json\/wp\/v2\/posts"}],"about":[{"href":"http:\/\/www.afaraba.org\/blog\/index.php\/wp-json\/wp\/v2\/types\/post"}],"author":[{"embeddable":true,"href":"http:\/\/www.afaraba.org\/blog\/index.php\/wp-json\/wp\/v2\/users\/1"}],"replies":[{"embeddable":true,"href":"http:\/\/www.afaraba.org\/blog\/index.php\/wp-json\/wp\/v2\/comments?post=659"}],"version-history":[{"count":1,"href":"http:\/\/www.afaraba.org\/blog\/index.php\/wp-json\/wp\/v2\/posts\/659\/revisions"}],"predecessor-version":[{"id":660,"href":"http:\/\/www.afaraba.org\/blog\/index.php\/wp-json\/wp\/v2\/posts\/659\/revisions\/660"}],"wp:attachment":[{"href":"http:\/\/www.afaraba.org\/blog\/index.php\/wp-json\/wp\/v2\/media?parent=659"}],"wp:term":[{"taxonomy":"category","embeddable":true,"href":"http:\/\/www.afaraba.org\/blog\/index.php\/wp-json\/wp\/v2\/categories?post=659"},{"taxonomy":"post_tag","embeddable":true,"href":"http:\/\/www.afaraba.org\/blog\/index.php\/wp-json\/wp\/v2\/tags?post=659"}],"curies":[{"name":"wp","href":"https:\/\/api.w.org\/{rel}","templated":true}]}}