{"id":661,"date":"2022-03-25T11:33:00","date_gmt":"2022-03-25T10:33:00","guid":{"rendered":"http:\/\/www.afaraba.org\/blog\/?p=661"},"modified":"2022-03-28T11:34:32","modified_gmt":"2022-03-28T10:34:32","slug":"equipos-de-atencion-primaria-de-los-servicios-de-salud-de-la-cuadrilla-de-laguardia-rioja-alavesa","status":"publish","type":"post","link":"http:\/\/www.afaraba.org\/blog\/index.php\/2022\/03\/25\/equipos-de-atencion-primaria-de-los-servicios-de-salud-de-la-cuadrilla-de-laguardia-rioja-alavesa\/","title":{"rendered":"Equipos de Atenci\u00f3n Primaria de los Servicios de Salud de la Cuadrilla de Laguardia- Rioja Alavesa"},"content":{"rendered":"\n<p>El pasado 23 de marzo nos reunimos con los equipos de Atenci\u00f3n Primaria de los Servicios de Salud de la Cuadrilla de Laguardia- Rioja Alavesa para exponerles qu\u00e9 es la Asociaci\u00f3n y datos sobre \u00a0los perfiles, problemas \u00a0m\u00e1s frecuentes de salud \u00a0y caracter\u00edsticas colectivo al que representamos. <\/p>\n\n\n\n<p>Tambi\u00e9n \u00a0presentaron el Programa Municipios Activos con el Alzheimer y destacaron la importancia del diagn\u00f3stico precoz de este tipo de enfermedades. Por otro lado, \u00a0durante esta primera fase \u00a0del programa mantendremos tambi\u00e9n \u00a0reuniones con los agentes sociales, colectivos \u00a0\u00a0y personas afectadas \u00a0de la zona para, posteriormente, \u00a0implementar respuestas que se ajusten \u00a0a sus necesidades reales. \u00a0<\/p>\n","protected":false},"excerpt":{"rendered":"<p>El pasado 23 de marzo nos reunimos con los equipos de Atenci\u00f3n Primaria de los Servicios de Salud de la Cuadrilla de Laguardia- Rioja Alavesa para exponerles qu\u00e9 es la Asociaci\u00f3n y datos sobre \u00a0los perfiles, problemas \u00a0m\u00e1s frecuentes de salud \u00a0y caracter\u00edsticas colectivo al que representamos. Tambi\u00e9n \u00a0presentaron el Programa Municipios Activos con el &hellip; <a href=\"http:\/\/www.afaraba.org\/blog\/index.php\/2022\/03\/25\/equipos-de-atencion-primaria-de-los-servicios-de-salud-de-la-cuadrilla-de-laguardia-rioja-alavesa\/\" class=\"more-link\">Continuar leyendo<span class=\"screen-reader-text\"> \u00abEquipos de Atenci\u00f3n Primaria de los Servicios de Salud de la Cuadrilla de Laguardia- Rioja Alavesa\u00bb<\/span><\/a><\/p>\n","protected":false},"author":1,"featured_media":0,"comment_status":"open","ping_status":"open","sticky":false,"template":"","format":"standard","meta":{"om_disable_all_campaigns":false,"_monsterinsights_skip_tracking":false,"_monsterinsights_sitenote_active":false,"_monsterinsights_sitenote_note":"","_monsterinsights_sitenote_category":0,"_uf_show_specific_survey":0,"_uf_disable_surveys":false},"categories":[109],"tags":[],"aioseo_notices":[],"yoast_head":"<!-- This site is optimized with the Yoast SEO plugin v20.4 - https:\/\/yoast.com\/wordpress\/plugins\/seo\/ -->\n<title>Equipos de Atenci\u00f3n Primaria de los Servicios de Salud de la Cuadrilla de Laguardia- Rioja Alavesa - AFARABA<\/title>\n<meta name=\"robots\" content=\"index, follow, max-snippet:-1, max-image-preview:large, max-video-preview:-1\" \/>\n<link rel=\"canonical\" href=\"http:\/\/www.afaraba.org\/blog\/index.php\/2022\/03\/25\/equipos-de-atencion-primaria-de-los-servicios-de-salud-de-la-cuadrilla-de-laguardia-rioja-alavesa\/\" \/>\n<meta property=\"og:locale\" content=\"es_ES\" \/>\n<meta property=\"og:type\" content=\"article\" \/>\n<meta property=\"og:title\" content=\"Equipos de Atenci\u00f3n Primaria de los Servicios de Salud de la Cuadrilla de Laguardia- Rioja Alavesa - AFARABA\" \/>\n<meta property=\"og:description\" content=\"El pasado 23 de marzo nos reunimos con los equipos de Atenci\u00f3n Primaria de los Servicios de Salud de la Cuadrilla de Laguardia- Rioja Alavesa para exponerles qu\u00e9 es la Asociaci\u00f3n y datos sobre \u00a0los perfiles, problemas \u00a0m\u00e1s frecuentes de salud \u00a0y caracter\u00edsticas colectivo al que representamos. Tambi\u00e9n \u00a0presentaron el Programa Municipios Activos con el &hellip; Continuar leyendo &quot;Equipos de Atenci\u00f3n Primaria de los Servicios de Salud de la Cuadrilla de Laguardia- Rioja Alavesa&quot;\" \/>\n<meta property=\"og:url\" content=\"http:\/\/www.afaraba.org\/blog\/index.php\/2022\/03\/25\/equipos-de-atencion-primaria-de-los-servicios-de-salud-de-la-cuadrilla-de-laguardia-rioja-alavesa\/\" \/>\n<meta property=\"og:site_name\" content=\"AFARABA\" \/>\n<meta property=\"article:published_time\" content=\"2022-03-25T10:33:00+00:00\" \/>\n<meta property=\"article:modified_time\" content=\"2022-03-28T10:34:32+00:00\" \/>\n<meta name=\"author\" content=\"admin\" \/>\n<meta name=\"twitter:card\" content=\"summary_large_image\" \/>\n<meta name=\"twitter:label1\" content=\"Escrito por\" \/>\n\t<meta name=\"twitter:data1\" content=\"admin\" \/>\n\t<meta name=\"twitter:label2\" content=\"Tiempo de lectura\" \/>\n\t<meta name=\"twitter:data2\" content=\"1 minuto\" \/>\n<script type=\"application\/ld+json\" class=\"yoast-schema-graph\">{\"@context\":\"https:\/\/schema.org\",\"@graph\":[{\"@type\":\"Article\",\"@id\":\"http:\/\/www.afaraba.org\/blog\/index.php\/2022\/03\/25\/equipos-de-atencion-primaria-de-los-servicios-de-salud-de-la-cuadrilla-de-laguardia-rioja-alavesa\/#article\",\"isPartOf\":{\"@id\":\"http:\/\/www.afaraba.org\/blog\/index.php\/2022\/03\/25\/equipos-de-atencion-primaria-de-los-servicios-de-salud-de-la-cuadrilla-de-laguardia-rioja-alavesa\/\"},\"author\":{\"name\":\"admin\",\"@id\":\"https:\/\/www.afaraba.org\/blog\/#\/schema\/person\/4a0ab48b67420072f420109f30843c71\"},\"headline\":\"Equipos de Atenci\u00f3n Primaria de los Servicios de Salud de la Cuadrilla de Laguardia- Rioja Alavesa\",\"datePublished\":\"2022-03-25T10:33:00+00:00\",\"dateModified\":\"2022-03-28T10:34:32+00:00\",\"mainEntityOfPage\":{\"@id\":\"http:\/\/www.afaraba.org\/blog\/index.php\/2022\/03\/25\/equipos-de-atencion-primaria-de-los-servicios-de-salud-de-la-cuadrilla-de-laguardia-rioja-alavesa\/\"},\"wordCount\":125,\"commentCount\":0,\"publisher\":{\"@id\":\"https:\/\/www.afaraba.org\/blog\/#organization\"},\"articleSection\":[\"COLABORACI\u00d3N\"],\"inLanguage\":\"es\",\"potentialAction\":[{\"@type\":\"CommentAction\",\"name\":\"Comment\",\"target\":[\"http:\/\/www.afaraba.org\/blog\/index.php\/2022\/03\/25\/equipos-de-atencion-primaria-de-los-servicios-de-salud-de-la-cuadrilla-de-laguardia-rioja-alavesa\/#respond\"]}]},{\"@type\":\"WebPage\",\"@id\":\"http:\/\/www.afaraba.org\/blog\/index.php\/2022\/03\/25\/equipos-de-atencion-primaria-de-los-servicios-de-salud-de-la-cuadrilla-de-laguardia-rioja-alavesa\/\",\"url\":\"http:\/\/www.afaraba.org\/blog\/index.php\/2022\/03\/25\/equipos-de-atencion-primaria-de-los-servicios-de-salud-de-la-cuadrilla-de-laguardia-rioja-alavesa\/\",\"name\":\"Equipos de Atenci\u00f3n Primaria de los Servicios de Salud de la Cuadrilla de Laguardia- Rioja Alavesa - AFARABA\",\"isPartOf\":{\"@id\":\"https:\/\/www.afaraba.org\/blog\/#website\"},\"datePublished\":\"2022-03-25T10:33:00+00:00\",\"dateModified\":\"2022-03-28T10:34:32+00:00\",\"breadcrumb\":{\"@id\":\"http:\/\/www.afaraba.org\/blog\/index.php\/2022\/03\/25\/equipos-de-atencion-primaria-de-los-servicios-de-salud-de-la-cuadrilla-de-laguardia-rioja-alavesa\/#breadcrumb\"},\"inLanguage\":\"es\",\"potentialAction\":[{\"@type\":\"ReadAction\",\"target\":[\"http:\/\/www.afaraba.org\/blog\/index.php\/2022\/03\/25\/equipos-de-atencion-primaria-de-los-servicios-de-salud-de-la-cuadrilla-de-laguardia-rioja-alavesa\/\"]}]},{\"@type\":\"BreadcrumbList\",\"@id\":\"http:\/\/www.afaraba.org\/blog\/index.php\/2022\/03\/25\/equipos-de-atencion-primaria-de-los-servicios-de-salud-de-la-cuadrilla-de-laguardia-rioja-alavesa\/#breadcrumb\",\"itemListElement\":[{\"@type\":\"ListItem\",\"position\":1,\"name\":\"Portada\",\"item\":\"https:\/\/www.afaraba.org\/blog\/\"},{\"@type\":\"ListItem\",\"position\":2,\"name\":\"Equipos de Atenci\u00f3n Primaria de los Servicios de Salud de la Cuadrilla de Laguardia- Rioja Alavesa\"}]},{\"@type\":\"WebSite\",\"@id\":\"https:\/\/www.afaraba.org\/blog\/#website\",\"url\":\"https:\/\/www.afaraba.org\/blog\/\",\"name\":\"AFARABA\",\"description\":\"BLOG AFARABA\",\"publisher\":{\"@id\":\"https:\/\/www.afaraba.org\/blog\/#organization\"},\"potentialAction\":[{\"@type\":\"SearchAction\",\"target\":{\"@type\":\"EntryPoint\",\"urlTemplate\":\"https:\/\/www.afaraba.org\/blog\/?s={search_term_string}\"},\"query-input\":\"required name=search_term_string\"}],\"inLanguage\":\"es\"},{\"@type\":\"Organization\",\"@id\":\"https:\/\/www.afaraba.org\/blog\/#organization\",\"name\":\"AFARABA\",\"url\":\"https:\/\/www.afaraba.org\/blog\/\",\"logo\":{\"@type\":\"ImageObject\",\"inLanguage\":\"es\",\"@id\":\"https:\/\/www.afaraba.org\/blog\/#\/schema\/logo\/image\/\",\"url\":\"http:\/\/www.afaraba.org\/blog\/wp-content\/uploads\/2020\/11\/cropped-AFA_HC-BLOG2.jpg\",\"contentUrl\":\"http:\/\/www.afaraba.org\/blog\/wp-content\/uploads\/2020\/11\/cropped-AFA_HC-BLOG2.jpg\",\"width\":240,\"height\":89,\"caption\":\"AFARABA\"},\"image\":{\"@id\":\"https:\/\/www.afaraba.org\/blog\/#\/schema\/logo\/image\/\"}},{\"@type\":\"Person\",\"@id\":\"https:\/\/www.afaraba.org\/blog\/#\/schema\/person\/4a0ab48b67420072f420109f30843c71\",\"name\":\"admin\",\"image\":{\"@type\":\"ImageObject\",\"inLanguage\":\"es\",\"@id\":\"https:\/\/www.afaraba.org\/blog\/#\/schema\/person\/image\/\",\"url\":\"http:\/\/0.gravatar.com\/avatar\/c2318eff2fb6ce04ef6dca732184cc5b?s=96&d=mm&r=g\",\"contentUrl\":\"http:\/\/0.gravatar.com\/avatar\/c2318eff2fb6ce04ef6dca732184cc5b?s=96&d=mm&r=g\",\"caption\":\"admin\"},\"url\":\"http:\/\/www.afaraba.org\/blog\/index.php\/author\/admin\/\"}]}<\/script>\n<!-- \/ Yoast SEO plugin. -->","yoast_head_json":{"title":"Equipos de Atenci\u00f3n Primaria de los Servicios de Salud de la Cuadrilla de Laguardia- Rioja Alavesa - AFARABA","robots":{"index":"index","follow":"follow","max-snippet":"max-snippet:-1","max-image-preview":"max-image-preview:large","max-video-preview":"max-video-preview:-1"},"canonical":"http:\/\/www.afaraba.org\/blog\/index.php\/2022\/03\/25\/equipos-de-atencion-primaria-de-los-servicios-de-salud-de-la-cuadrilla-de-laguardia-rioja-alavesa\/","og_locale":"es_ES","og_type":"article","og_title":"Equipos de Atenci\u00f3n Primaria de los Servicios de Salud de la Cuadrilla de Laguardia- Rioja Alavesa - AFARABA","og_description":"El pasado 23 de marzo nos reunimos con los equipos de Atenci\u00f3n Primaria de los Servicios de Salud de la Cuadrilla de Laguardia- Rioja Alavesa para exponerles qu\u00e9 es la Asociaci\u00f3n y datos sobre \u00a0los perfiles, problemas \u00a0m\u00e1s frecuentes de salud \u00a0y caracter\u00edsticas colectivo al que representamos. Tambi\u00e9n \u00a0presentaron el Programa Municipios Activos con el &hellip; Continuar leyendo \"Equipos de Atenci\u00f3n Primaria de los Servicios de Salud de la Cuadrilla de Laguardia- Rioja Alavesa\"","og_url":"http:\/\/www.afaraba.org\/blog\/index.php\/2022\/03\/25\/equipos-de-atencion-primaria-de-los-servicios-de-salud-de-la-cuadrilla-de-laguardia-rioja-alavesa\/","og_site_name":"AFARABA","article_published_time":"2022-03-25T10:33:00+00:00","article_modified_time":"2022-03-28T10:34:32+00:00","author":"admin","twitter_card":"summary_large_image","twitter_misc":{"Escrito por":"admin","Tiempo de lectura":"1 minuto"},"schema":{"@context":"https:\/\/schema.org","@graph":[{"@type":"Article","@id":"http:\/\/www.afaraba.org\/blog\/index.php\/2022\/03\/25\/equipos-de-atencion-primaria-de-los-servicios-de-salud-de-la-cuadrilla-de-laguardia-rioja-alavesa\/#article","isPartOf":{"@id":"http:\/\/www.afaraba.org\/blog\/index.php\/2022\/03\/25\/equipos-de-atencion-primaria-de-los-servicios-de-salud-de-la-cuadrilla-de-laguardia-rioja-alavesa\/"},"author":{"name":"admin","@id":"https:\/\/www.afaraba.org\/blog\/#\/schema\/person\/4a0ab48b67420072f420109f30843c71"},"headline":"Equipos de Atenci\u00f3n Primaria de los Servicios de Salud de la Cuadrilla de Laguardia- Rioja Alavesa","datePublished":"2022-03-25T10:33:00+00:00","dateModified":"2022-03-28T10:34:32+00:00","mainEntityOfPage":{"@id":"http:\/\/www.afaraba.org\/blog\/index.php\/2022\/03\/25\/equipos-de-atencion-primaria-de-los-servicios-de-salud-de-la-cuadrilla-de-laguardia-rioja-alavesa\/"},"wordCount":125,"commentCount":0,"publisher":{"@id":"https:\/\/www.afaraba.org\/blog\/#organization"},"articleSection":["COLABORACI\u00d3N"],"inLanguage":"es","potentialAction":[{"@type":"CommentAction","name":"Comment","target":["http:\/\/www.afaraba.org\/blog\/index.php\/2022\/03\/25\/equipos-de-atencion-primaria-de-los-servicios-de-salud-de-la-cuadrilla-de-laguardia-rioja-alavesa\/#respond"]}]},{"@type":"WebPage","@id":"http:\/\/www.afaraba.org\/blog\/index.php\/2022\/03\/25\/equipos-de-atencion-primaria-de-los-servicios-de-salud-de-la-cuadrilla-de-laguardia-rioja-alavesa\/","url":"http:\/\/www.afaraba.org\/blog\/index.php\/2022\/03\/25\/equipos-de-atencion-primaria-de-los-servicios-de-salud-de-la-cuadrilla-de-laguardia-rioja-alavesa\/","name":"Equipos de Atenci\u00f3n Primaria de los Servicios de Salud de la Cuadrilla de Laguardia- Rioja Alavesa - AFARABA","isPartOf":{"@id":"https:\/\/www.afaraba.org\/blog\/#website"},"datePublished":"2022-03-25T10:33:00+00:00","dateModified":"2022-03-28T10:34:32+00:00","breadcrumb":{"@id":"http:\/\/www.afaraba.org\/blog\/index.php\/2022\/03\/25\/equipos-de-atencion-primaria-de-los-servicios-de-salud-de-la-cuadrilla-de-laguardia-rioja-alavesa\/#breadcrumb"},"inLanguage":"es","potentialAction":[{"@type":"ReadAction","target":["http:\/\/www.afaraba.org\/blog\/index.php\/2022\/03\/25\/equipos-de-atencion-primaria-de-los-servicios-de-salud-de-la-cuadrilla-de-laguardia-rioja-alavesa\/"]}]},{"@type":"BreadcrumbList","@id":"http:\/\/www.afaraba.org\/blog\/index.php\/2022\/03\/25\/equipos-de-atencion-primaria-de-los-servicios-de-salud-de-la-cuadrilla-de-laguardia-rioja-alavesa\/#breadcrumb","itemListElement":[{"@type":"ListItem","position":1,"name":"Portada","item":"https:\/\/www.afaraba.org\/blog\/"},{"@type":"ListItem","position":2,"name":"Equipos de Atenci\u00f3n Primaria de los Servicios de Salud de la Cuadrilla de Laguardia- Rioja Alavesa"}]},{"@type":"WebSite","@id":"https:\/\/www.afaraba.org\/blog\/#website","url":"https:\/\/www.afaraba.org\/blog\/","name":"AFARABA","description":"BLOG AFARABA","publisher":{"@id":"https:\/\/www.afaraba.org\/blog\/#organization"},"potentialAction":[{"@type":"SearchAction","target":{"@type":"EntryPoint","urlTemplate":"https:\/\/www.afaraba.org\/blog\/?s={search_term_string}"},"query-input":"required name=search_term_string"}],"inLanguage":"es"},{"@type":"Organization","@id":"https:\/\/www.afaraba.org\/blog\/#organization","name":"AFARABA","url":"https:\/\/www.afaraba.org\/blog\/","logo":{"@type":"ImageObject","inLanguage":"es","@id":"https:\/\/www.afaraba.org\/blog\/#\/schema\/logo\/image\/","url":"http:\/\/www.afaraba.org\/blog\/wp-content\/uploads\/2020\/11\/cropped-AFA_HC-BLOG2.jpg","contentUrl":"http:\/\/www.afaraba.org\/blog\/wp-content\/uploads\/2020\/11\/cropped-AFA_HC-BLOG2.jpg","width":240,"height":89,"caption":"AFARABA"},"image":{"@id":"https:\/\/www.afaraba.org\/blog\/#\/schema\/logo\/image\/"}},{"@type":"Person","@id":"https:\/\/www.afaraba.org\/blog\/#\/schema\/person\/4a0ab48b67420072f420109f30843c71","name":"admin","image":{"@type":"ImageObject","inLanguage":"es","@id":"https:\/\/www.afaraba.org\/blog\/#\/schema\/person\/image\/","url":"http:\/\/0.gravatar.com\/avatar\/c2318eff2fb6ce04ef6dca732184cc5b?s=96&d=mm&r=g","contentUrl":"http:\/\/0.gravatar.com\/avatar\/c2318eff2fb6ce04ef6dca732184cc5b?s=96&d=mm&r=g","caption":"admin"},"url":"http:\/\/www.afaraba.org\/blog\/index.php\/author\/admin\/"}]}},"_links":{"self":[{"href":"http:\/\/www.afaraba.org\/blog\/index.php\/wp-json\/wp\/v2\/posts\/661"}],"collection":[{"href":"http:\/\/www.afaraba.org\/blog\/index.php\/wp-json\/wp\/v2\/posts"}],"about":[{"href":"http:\/\/www.afaraba.org\/blog\/index.php\/wp-json\/wp\/v2\/types\/post"}],"author":[{"embeddable":true,"href":"http:\/\/www.afaraba.org\/blog\/index.php\/wp-json\/wp\/v2\/users\/1"}],"replies":[{"embeddable":true,"href":"http:\/\/www.afaraba.org\/blog\/index.php\/wp-json\/wp\/v2\/comments?post=661"}],"version-history":[{"count":1,"href":"http:\/\/www.afaraba.org\/blog\/index.php\/wp-json\/wp\/v2\/posts\/661\/revisions"}],"predecessor-version":[{"id":662,"href":"http:\/\/www.afaraba.org\/blog\/index.php\/wp-json\/wp\/v2\/posts\/661\/revisions\/662"}],"wp:attachment":[{"href":"http:\/\/www.afaraba.org\/blog\/index.php\/wp-json\/wp\/v2\/media?parent=661"}],"wp:term":[{"taxonomy":"category","embeddable":true,"href":"http:\/\/www.afaraba.org\/blog\/index.php\/wp-json\/wp\/v2\/categories?post=661"},{"taxonomy":"post_tag","embeddable":true,"href":"http:\/\/www.afaraba.org\/blog\/index.php\/wp-json\/wp\/v2\/tags?post=661"}],"curies":[{"name":"wp","href":"https:\/\/api.w.org\/{rel}","templated":true}]}}