{"id":666,"date":"2022-04-06T14:57:54","date_gmt":"2022-04-06T13:57:54","guid":{"rendered":"http:\/\/www.afaraba.org\/blog\/?p=666"},"modified":"2022-05-20T12:27:09","modified_gmt":"2022-05-20T11:27:09","slug":"musicoterapia","status":"publish","type":"post","link":"http:\/\/www.afaraba.org\/blog\/index.php\/2022\/04\/06\/musicoterapia\/","title":{"rendered":"MUSICOTERAPIA"},"content":{"rendered":"\n<p>El lunes d\u00eda 4 de abril tuvimos el gran placer de recibir a Patxi, Musicoterapeuta en la sede de AFARABA. <\/p>\n\n\n\n<figure class=\"wp-block-image size-large\"><img loading=\"lazy\" width=\"1024\" height=\"768\" src=\"https:\/\/www.afaraba.org\/blog\/wp-content\/uploads\/2022\/04\/IMG-20220405-WA0006-1024x768.jpg\" alt=\"\" class=\"wp-image-669\" srcset=\"http:\/\/www.afaraba.org\/blog\/wp-content\/uploads\/2022\/04\/IMG-20220405-WA0006-1024x768.jpg 1024w, http:\/\/www.afaraba.org\/blog\/wp-content\/uploads\/2022\/04\/IMG-20220405-WA0006-300x225.jpg 300w, http:\/\/www.afaraba.org\/blog\/wp-content\/uploads\/2022\/04\/IMG-20220405-WA0006-768x576.jpg 768w, http:\/\/www.afaraba.org\/blog\/wp-content\/uploads\/2022\/04\/IMG-20220405-WA0006-1536x1152.jpg 1536w, http:\/\/www.afaraba.org\/blog\/wp-content\/uploads\/2022\/04\/IMG-20220405-WA0006-1200x900.jpg 1200w, http:\/\/www.afaraba.org\/blog\/wp-content\/uploads\/2022\/04\/IMG-20220405-WA0006.jpg 2048w\" sizes=\"(max-width: 709px) 85vw, (max-width: 909px) 67vw, (max-width: 1362px) 62vw, 840px\" \/><\/figure>\n\n\n\n<p><\/p>\n\n\n\n<p>El taller vivencial en el que participamos fue muy enriquecedor.&nbsp; <\/p>\n\n\n\n<p>F\u00edsica y sensorialmente, nos trasladamos a los a\u00f1os 60 con el baile de una pareja que por costumbre sol\u00eda bailar,&nbsp; con las vivencias y nociones musicales de otra de ellas, y con el gesto de emoci\u00f3n de todos\/as ellos\/as al escuchar en alg\u00fan momento de la sesi\u00f3n una canci\u00f3n que les hac\u00eda recordar una situaci\u00f3n pasada vivida.<\/p>\n\n\n\n<figure class=\"wp-block-image size-large\"><img loading=\"lazy\" width=\"1024\" height=\"644\" src=\"https:\/\/www.afaraba.org\/blog\/wp-content\/uploads\/2022\/04\/IMG_20220406_155155-1024x644.jpg\" alt=\"\" class=\"wp-image-667\" srcset=\"http:\/\/www.afaraba.org\/blog\/wp-content\/uploads\/2022\/04\/IMG_20220406_155155-1024x644.jpg 1024w, http:\/\/www.afaraba.org\/blog\/wp-content\/uploads\/2022\/04\/IMG_20220406_155155-300x189.jpg 300w, http:\/\/www.afaraba.org\/blog\/wp-content\/uploads\/2022\/04\/IMG_20220406_155155-768x483.jpg 768w, http:\/\/www.afaraba.org\/blog\/wp-content\/uploads\/2022\/04\/IMG_20220406_155155-1536x966.jpg 1536w, http:\/\/www.afaraba.org\/blog\/wp-content\/uploads\/2022\/04\/IMG_20220406_155155-1200x755.jpg 1200w, http:\/\/www.afaraba.org\/blog\/wp-content\/uploads\/2022\/04\/IMG_20220406_155155.jpg 2048w\" sizes=\"(max-width: 709px) 85vw, (max-width: 909px) 67vw, (max-width: 1362px) 62vw, 840px\" \/><\/figure>\n\n\n\n<p>Agradecer a Patxi la profesionalidad, humanidad y cercan\u00eda con todxs nosotrxs; y la inmersi\u00f3n y expresi\u00f3n al mundo vivencial -emocional que gracias al lenguaje de la m\u00fasica pudimos experimentar.&nbsp;<\/p>\n","protected":false},"excerpt":{"rendered":"<p>El lunes d\u00eda 4 de abril tuvimos el gran placer de recibir a Patxi, Musicoterapeuta en la sede de AFARABA. El taller vivencial en el que participamos fue muy enriquecedor.&nbsp; F\u00edsica y sensorialmente, nos trasladamos a los a\u00f1os 60 con el baile de una pareja que por costumbre sol\u00eda bailar,&nbsp; con las vivencias y nociones &hellip; <a href=\"http:\/\/www.afaraba.org\/blog\/index.php\/2022\/04\/06\/musicoterapia\/\" class=\"more-link\">Continuar leyendo<span class=\"screen-reader-text\"> \u00abMUSICOTERAPIA\u00bb<\/span><\/a><\/p>\n","protected":false},"author":1,"featured_media":0,"comment_status":"open","ping_status":"open","sticky":false,"template":"","format":"standard","meta":{"om_disable_all_campaigns":false,"_monsterinsights_skip_tracking":false,"_monsterinsights_sitenote_active":false,"_monsterinsights_sitenote_note":"","_monsterinsights_sitenote_category":0,"_uf_show_specific_survey":0,"_uf_disable_surveys":false},"categories":[59],"tags":[8,228,227,58],"aioseo_notices":[],"yoast_head":"<!-- This site is optimized with the Yoast SEO plugin v20.4 - https:\/\/yoast.com\/wordpress\/plugins\/seo\/ -->\n<title>MUSICOTERAPIA - AFARABA<\/title>\n<meta name=\"robots\" content=\"index, follow, max-snippet:-1, max-image-preview:large, max-video-preview:-1\" \/>\n<link rel=\"canonical\" href=\"http:\/\/www.afaraba.org\/blog\/index.php\/2022\/04\/06\/musicoterapia\/\" \/>\n<meta property=\"og:locale\" content=\"es_ES\" \/>\n<meta property=\"og:type\" content=\"article\" \/>\n<meta property=\"og:title\" content=\"MUSICOTERAPIA - AFARABA\" \/>\n<meta property=\"og:description\" content=\"El lunes d\u00eda 4 de abril tuvimos el gran placer de recibir a Patxi, Musicoterapeuta en la sede de AFARABA. El taller vivencial en el que participamos fue muy enriquecedor.&nbsp; F\u00edsica y sensorialmente, nos trasladamos a los a\u00f1os 60 con el baile de una pareja que por costumbre sol\u00eda bailar,&nbsp; con las vivencias y nociones &hellip; Continuar leyendo &quot;MUSICOTERAPIA&quot;\" \/>\n<meta property=\"og:url\" content=\"http:\/\/www.afaraba.org\/blog\/index.php\/2022\/04\/06\/musicoterapia\/\" \/>\n<meta property=\"og:site_name\" content=\"AFARABA\" \/>\n<meta property=\"article:published_time\" content=\"2022-04-06T13:57:54+00:00\" \/>\n<meta property=\"article:modified_time\" content=\"2022-05-20T11:27:09+00:00\" \/>\n<meta property=\"og:image\" content=\"https:\/\/www.afaraba.org\/blog\/wp-content\/uploads\/2022\/04\/IMG-20220405-WA0006-1024x768.jpg\" \/>\n<meta name=\"author\" content=\"admin\" \/>\n<meta name=\"twitter:card\" content=\"summary_large_image\" \/>\n<meta name=\"twitter:label1\" content=\"Escrito por\" \/>\n\t<meta name=\"twitter:data1\" content=\"admin\" \/>\n\t<meta name=\"twitter:label2\" content=\"Tiempo de lectura\" \/>\n\t<meta name=\"twitter:data2\" content=\"1 minuto\" \/>\n<script type=\"application\/ld+json\" class=\"yoast-schema-graph\">{\"@context\":\"https:\/\/schema.org\",\"@graph\":[{\"@type\":\"Article\",\"@id\":\"http:\/\/www.afaraba.org\/blog\/index.php\/2022\/04\/06\/musicoterapia\/#article\",\"isPartOf\":{\"@id\":\"http:\/\/www.afaraba.org\/blog\/index.php\/2022\/04\/06\/musicoterapia\/\"},\"author\":{\"name\":\"admin\",\"@id\":\"https:\/\/www.afaraba.org\/blog\/#\/schema\/person\/4a0ab48b67420072f420109f30843c71\"},\"headline\":\"MUSICOTERAPIA\",\"datePublished\":\"2022-04-06T13:57:54+00:00\",\"dateModified\":\"2022-05-20T11:27:09+00:00\",\"mainEntityOfPage\":{\"@id\":\"http:\/\/www.afaraba.org\/blog\/index.php\/2022\/04\/06\/musicoterapia\/\"},\"wordCount\":134,\"commentCount\":0,\"publisher\":{\"@id\":\"https:\/\/www.afaraba.org\/blog\/#organization\"},\"keywords\":[\"afaraba\",\"IMAP\",\"MUSICOTERAPIA\",\"VITORIA-GASTEIZ\"],\"articleSection\":[\"ACTIVIDADES\"],\"inLanguage\":\"es\",\"potentialAction\":[{\"@type\":\"CommentAction\",\"name\":\"Comment\",\"target\":[\"http:\/\/www.afaraba.org\/blog\/index.php\/2022\/04\/06\/musicoterapia\/#respond\"]}]},{\"@type\":\"WebPage\",\"@id\":\"http:\/\/www.afaraba.org\/blog\/index.php\/2022\/04\/06\/musicoterapia\/\",\"url\":\"http:\/\/www.afaraba.org\/blog\/index.php\/2022\/04\/06\/musicoterapia\/\",\"name\":\"MUSICOTERAPIA - AFARABA\",\"isPartOf\":{\"@id\":\"https:\/\/www.afaraba.org\/blog\/#website\"},\"datePublished\":\"2022-04-06T13:57:54+00:00\",\"dateModified\":\"2022-05-20T11:27:09+00:00\",\"breadcrumb\":{\"@id\":\"http:\/\/www.afaraba.org\/blog\/index.php\/2022\/04\/06\/musicoterapia\/#breadcrumb\"},\"inLanguage\":\"es\",\"potentialAction\":[{\"@type\":\"ReadAction\",\"target\":[\"http:\/\/www.afaraba.org\/blog\/index.php\/2022\/04\/06\/musicoterapia\/\"]}]},{\"@type\":\"BreadcrumbList\",\"@id\":\"http:\/\/www.afaraba.org\/blog\/index.php\/2022\/04\/06\/musicoterapia\/#breadcrumb\",\"itemListElement\":[{\"@type\":\"ListItem\",\"position\":1,\"name\":\"Portada\",\"item\":\"https:\/\/www.afaraba.org\/blog\/\"},{\"@type\":\"ListItem\",\"position\":2,\"name\":\"MUSICOTERAPIA\"}]},{\"@type\":\"WebSite\",\"@id\":\"https:\/\/www.afaraba.org\/blog\/#website\",\"url\":\"https:\/\/www.afaraba.org\/blog\/\",\"name\":\"AFARABA\",\"description\":\"BLOG AFARABA\",\"publisher\":{\"@id\":\"https:\/\/www.afaraba.org\/blog\/#organization\"},\"potentialAction\":[{\"@type\":\"SearchAction\",\"target\":{\"@type\":\"EntryPoint\",\"urlTemplate\":\"https:\/\/www.afaraba.org\/blog\/?s={search_term_string}\"},\"query-input\":\"required name=search_term_string\"}],\"inLanguage\":\"es\"},{\"@type\":\"Organization\",\"@id\":\"https:\/\/www.afaraba.org\/blog\/#organization\",\"name\":\"AFARABA\",\"url\":\"https:\/\/www.afaraba.org\/blog\/\",\"logo\":{\"@type\":\"ImageObject\",\"inLanguage\":\"es\",\"@id\":\"https:\/\/www.afaraba.org\/blog\/#\/schema\/logo\/image\/\",\"url\":\"http:\/\/www.afaraba.org\/blog\/wp-content\/uploads\/2020\/11\/cropped-AFA_HC-BLOG2.jpg\",\"contentUrl\":\"http:\/\/www.afaraba.org\/blog\/wp-content\/uploads\/2020\/11\/cropped-AFA_HC-BLOG2.jpg\",\"width\":240,\"height\":89,\"caption\":\"AFARABA\"},\"image\":{\"@id\":\"https:\/\/www.afaraba.org\/blog\/#\/schema\/logo\/image\/\"}},{\"@type\":\"Person\",\"@id\":\"https:\/\/www.afaraba.org\/blog\/#\/schema\/person\/4a0ab48b67420072f420109f30843c71\",\"name\":\"admin\",\"image\":{\"@type\":\"ImageObject\",\"inLanguage\":\"es\",\"@id\":\"https:\/\/www.afaraba.org\/blog\/#\/schema\/person\/image\/\",\"url\":\"http:\/\/0.gravatar.com\/avatar\/c2318eff2fb6ce04ef6dca732184cc5b?s=96&d=mm&r=g\",\"contentUrl\":\"http:\/\/0.gravatar.com\/avatar\/c2318eff2fb6ce04ef6dca732184cc5b?s=96&d=mm&r=g\",\"caption\":\"admin\"},\"url\":\"http:\/\/www.afaraba.org\/blog\/index.php\/author\/admin\/\"}]}<\/script>\n<!-- \/ Yoast SEO plugin. -->","yoast_head_json":{"title":"MUSICOTERAPIA - AFARABA","robots":{"index":"index","follow":"follow","max-snippet":"max-snippet:-1","max-image-preview":"max-image-preview:large","max-video-preview":"max-video-preview:-1"},"canonical":"http:\/\/www.afaraba.org\/blog\/index.php\/2022\/04\/06\/musicoterapia\/","og_locale":"es_ES","og_type":"article","og_title":"MUSICOTERAPIA - AFARABA","og_description":"El lunes d\u00eda 4 de abril tuvimos el gran placer de recibir a Patxi, Musicoterapeuta en la sede de AFARABA. El taller vivencial en el que participamos fue muy enriquecedor.&nbsp; F\u00edsica y sensorialmente, nos trasladamos a los a\u00f1os 60 con el baile de una pareja que por costumbre sol\u00eda bailar,&nbsp; con las vivencias y nociones &hellip; Continuar leyendo \"MUSICOTERAPIA\"","og_url":"http:\/\/www.afaraba.org\/blog\/index.php\/2022\/04\/06\/musicoterapia\/","og_site_name":"AFARABA","article_published_time":"2022-04-06T13:57:54+00:00","article_modified_time":"2022-05-20T11:27:09+00:00","og_image":[{"url":"https:\/\/www.afaraba.org\/blog\/wp-content\/uploads\/2022\/04\/IMG-20220405-WA0006-1024x768.jpg"}],"author":"admin","twitter_card":"summary_large_image","twitter_misc":{"Escrito por":"admin","Tiempo de lectura":"1 minuto"},"schema":{"@context":"https:\/\/schema.org","@graph":[{"@type":"Article","@id":"http:\/\/www.afaraba.org\/blog\/index.php\/2022\/04\/06\/musicoterapia\/#article","isPartOf":{"@id":"http:\/\/www.afaraba.org\/blog\/index.php\/2022\/04\/06\/musicoterapia\/"},"author":{"name":"admin","@id":"https:\/\/www.afaraba.org\/blog\/#\/schema\/person\/4a0ab48b67420072f420109f30843c71"},"headline":"MUSICOTERAPIA","datePublished":"2022-04-06T13:57:54+00:00","dateModified":"2022-05-20T11:27:09+00:00","mainEntityOfPage":{"@id":"http:\/\/www.afaraba.org\/blog\/index.php\/2022\/04\/06\/musicoterapia\/"},"wordCount":134,"commentCount":0,"publisher":{"@id":"https:\/\/www.afaraba.org\/blog\/#organization"},"keywords":["afaraba","IMAP","MUSICOTERAPIA","VITORIA-GASTEIZ"],"articleSection":["ACTIVIDADES"],"inLanguage":"es","potentialAction":[{"@type":"CommentAction","name":"Comment","target":["http:\/\/www.afaraba.org\/blog\/index.php\/2022\/04\/06\/musicoterapia\/#respond"]}]},{"@type":"WebPage","@id":"http:\/\/www.afaraba.org\/blog\/index.php\/2022\/04\/06\/musicoterapia\/","url":"http:\/\/www.afaraba.org\/blog\/index.php\/2022\/04\/06\/musicoterapia\/","name":"MUSICOTERAPIA - AFARABA","isPartOf":{"@id":"https:\/\/www.afaraba.org\/blog\/#website"},"datePublished":"2022-04-06T13:57:54+00:00","dateModified":"2022-05-20T11:27:09+00:00","breadcrumb":{"@id":"http:\/\/www.afaraba.org\/blog\/index.php\/2022\/04\/06\/musicoterapia\/#breadcrumb"},"inLanguage":"es","potentialAction":[{"@type":"ReadAction","target":["http:\/\/www.afaraba.org\/blog\/index.php\/2022\/04\/06\/musicoterapia\/"]}]},{"@type":"BreadcrumbList","@id":"http:\/\/www.afaraba.org\/blog\/index.php\/2022\/04\/06\/musicoterapia\/#breadcrumb","itemListElement":[{"@type":"ListItem","position":1,"name":"Portada","item":"https:\/\/www.afaraba.org\/blog\/"},{"@type":"ListItem","position":2,"name":"MUSICOTERAPIA"}]},{"@type":"WebSite","@id":"https:\/\/www.afaraba.org\/blog\/#website","url":"https:\/\/www.afaraba.org\/blog\/","name":"AFARABA","description":"BLOG AFARABA","publisher":{"@id":"https:\/\/www.afaraba.org\/blog\/#organization"},"potentialAction":[{"@type":"SearchAction","target":{"@type":"EntryPoint","urlTemplate":"https:\/\/www.afaraba.org\/blog\/?s={search_term_string}"},"query-input":"required name=search_term_string"}],"inLanguage":"es"},{"@type":"Organization","@id":"https:\/\/www.afaraba.org\/blog\/#organization","name":"AFARABA","url":"https:\/\/www.afaraba.org\/blog\/","logo":{"@type":"ImageObject","inLanguage":"es","@id":"https:\/\/www.afaraba.org\/blog\/#\/schema\/logo\/image\/","url":"http:\/\/www.afaraba.org\/blog\/wp-content\/uploads\/2020\/11\/cropped-AFA_HC-BLOG2.jpg","contentUrl":"http:\/\/www.afaraba.org\/blog\/wp-content\/uploads\/2020\/11\/cropped-AFA_HC-BLOG2.jpg","width":240,"height":89,"caption":"AFARABA"},"image":{"@id":"https:\/\/www.afaraba.org\/blog\/#\/schema\/logo\/image\/"}},{"@type":"Person","@id":"https:\/\/www.afaraba.org\/blog\/#\/schema\/person\/4a0ab48b67420072f420109f30843c71","name":"admin","image":{"@type":"ImageObject","inLanguage":"es","@id":"https:\/\/www.afaraba.org\/blog\/#\/schema\/person\/image\/","url":"http:\/\/0.gravatar.com\/avatar\/c2318eff2fb6ce04ef6dca732184cc5b?s=96&d=mm&r=g","contentUrl":"http:\/\/0.gravatar.com\/avatar\/c2318eff2fb6ce04ef6dca732184cc5b?s=96&d=mm&r=g","caption":"admin"},"url":"http:\/\/www.afaraba.org\/blog\/index.php\/author\/admin\/"}]}},"_links":{"self":[{"href":"http:\/\/www.afaraba.org\/blog\/index.php\/wp-json\/wp\/v2\/posts\/666"}],"collection":[{"href":"http:\/\/www.afaraba.org\/blog\/index.php\/wp-json\/wp\/v2\/posts"}],"about":[{"href":"http:\/\/www.afaraba.org\/blog\/index.php\/wp-json\/wp\/v2\/types\/post"}],"author":[{"embeddable":true,"href":"http:\/\/www.afaraba.org\/blog\/index.php\/wp-json\/wp\/v2\/users\/1"}],"replies":[{"embeddable":true,"href":"http:\/\/www.afaraba.org\/blog\/index.php\/wp-json\/wp\/v2\/comments?post=666"}],"version-history":[{"count":2,"href":"http:\/\/www.afaraba.org\/blog\/index.php\/wp-json\/wp\/v2\/posts\/666\/revisions"}],"predecessor-version":[{"id":716,"href":"http:\/\/www.afaraba.org\/blog\/index.php\/wp-json\/wp\/v2\/posts\/666\/revisions\/716"}],"wp:attachment":[{"href":"http:\/\/www.afaraba.org\/blog\/index.php\/wp-json\/wp\/v2\/media?parent=666"}],"wp:term":[{"taxonomy":"category","embeddable":true,"href":"http:\/\/www.afaraba.org\/blog\/index.php\/wp-json\/wp\/v2\/categories?post=666"},{"taxonomy":"post_tag","embeddable":true,"href":"http:\/\/www.afaraba.org\/blog\/index.php\/wp-json\/wp\/v2\/tags?post=666"}],"curies":[{"name":"wp","href":"https:\/\/api.w.org\/{rel}","templated":true}]}}