{"id":682,"date":"2022-03-28T09:31:00","date_gmt":"2022-03-28T08:31:00","guid":{"rendered":"http:\/\/www.afaraba.org\/blog\/?p=682"},"modified":"2022-05-20T09:34:41","modified_gmt":"2022-05-20T08:34:41","slug":"estrategia-2021-2024","status":"publish","type":"post","link":"http:\/\/www.afaraba.org\/blog\/index.php\/2022\/03\/28\/estrategia-2021-2024\/","title":{"rendered":"ESTRATEGIA 2021-2024"},"content":{"rendered":"\n<p><em>El 28 de marzo, una representante de AFARABA asisti\u00f3\u00a0 en el Museo Artium a la <\/em>\u00a0<em>presentaci\u00f3n de la Estrategia que define las directrices para los cuidados de larga duraci\u00f3n en \u00c1lava<\/em> durante los pr\u00f3ximos a\u00f1os (2021-2024). La presentaci\u00f3n del acto corri\u00f3 a cargo de Ramiro Gonz\u00e1lez, Diputado General de \u00c1lava \u00a0y Emilio Sola, Diputado del Dpto. de Pol\u00edticas Sociales. Desde esta estrategia est\u00e1n contemplados los siguientes planes:<\/p>\n\n\n\n<p><strong>1. Plan Foral Etxean Bai<\/strong>, <strong>que facilita la permanencia en el domicilio<\/strong>. <strong>Y que consta de varias medidas ya en marcha, como el<\/strong> <strong>incremento del 20% de la cuant\u00eda de la Prestaci\u00f3n Econ\u00f3mica de Asistencia Personal (PEAP)<\/strong>, <strong>deducciones fiscales para la contrataci\u00f3n de cuidador\/a profesional<\/strong>, <strong>o la<\/strong> <strong>formaci\u00f3n de asistentes profesionales y de las familias cuidadoras<\/strong>. As\u00ed mismo, est\u00e1 prevista la apertura en los pr\u00f3ximos meses del Centro Foral de Referencia en la Calle Manuel Iradier n\u00famero 27,&nbsp; que servir\u00e1 para que la persona con dependencia que est\u00e1 viviendo en su casa reciba seguimiento peri\u00f3dico profesional de su situaci\u00f3n a trav\u00e9s de APP, uso de tablets, sensores, y con la posibilidad de acudir tambi\u00e9n presencialmente a diferentes tipos de apoyos.<\/p>\n\n\n\n<p>2.<strong>&nbsp;Plan Araba a Punto<\/strong>, <strong>de construcci\u00f3n colectiva en torno al reto de combatir la soledad no deseada de las personas mayores&nbsp; que deseen permanecer en sus hogares<\/strong>. Busca desarrollar propuestas socio-educativas, de promoci\u00f3n de voluntariado y la creaci\u00f3n de un Foro de Municipios alaveses contra la Soledad y de Escuelas de Soledad, como la ya existente en Llodio, entre otras muchas acciones.<\/p>\n\n\n\n<p>3.&nbsp;<strong>Plan de innovaci\u00f3n y modernizaci\u00f3n de las residencias forales<\/strong><strong>, que incluye la restructuraci\u00f3n de algunos de estos equipamientos, la construcci\u00f3n de nuevos recursos y la aplicaci\u00f3n de nuevas tecnolog\u00edas<\/strong>. Contempla la restructuraci\u00f3n de las condiciones de las actuales residencias forales con el mismo tipo de comodidades que los propios domicilios de las personas mayores, y con una organizaci\u00f3n en unidades modulares de peque\u00f1o tama\u00f1o, de un m\u00e1ximo de 25 plazas Otra medida de este plan es la instalaci\u00f3n en todas las residencias de un sistema de realidad&nbsp; para la rehabilitaci\u00f3n y la funci\u00f3n f\u00edsica, incluida la marcha, el equilibrio, la prevenci\u00f3n de ca\u00eddas, el manejo del dolor y la cognici\u00f3n. Se introducir\u00e1 la econom\u00eda circular en la gesti\u00f3n de las residencias. <strong>Adem\u00e1s, se desarrollar\u00e1<\/strong> <strong>un proyecto con dos l\u00edneas de investigaci\u00f3n<\/strong>: una plataforma tecnol\u00f3gica de visi\u00f3n artificial, a trav\u00e9s de la cual se podr\u00e1 hacer una <strong>detecci\u00f3n de ca\u00eddas<\/strong>, y una <strong>soluci\u00f3n tecnol\u00f3gica de inteligencia artificial para identificar el dolor en personas con deterioro cognitivo.<\/strong><\/p>\n\n\n\n<p>4.&nbsp;<strong>Modelo de cuidados Gizarea<\/strong>, <strong>una manera de cuidar que va m\u00e1s all\u00e1 de la atenci\u00f3n centrada en la persona, porque trata de integrar las relaciones entre profesionales, familiares y residentes<\/strong>. Se busca la participaci\u00f3n&nbsp; de las familias en los cuidados y una mayor implicaci\u00f3n&nbsp; desde el trabajo de la gesti\u00f3n emocional de las y los profesionales.<\/p>\n","protected":false},"excerpt":{"rendered":"<p>El 28 de marzo, una representante de AFARABA asisti\u00f3\u00a0 en el Museo Artium a la \u00a0presentaci\u00f3n de la Estrategia que define las directrices para los cuidados de larga duraci\u00f3n en \u00c1lava durante los pr\u00f3ximos a\u00f1os (2021-2024). La presentaci\u00f3n del acto corri\u00f3 a cargo de Ramiro Gonz\u00e1lez, Diputado General de \u00c1lava \u00a0y Emilio Sola, Diputado del &hellip; <a href=\"http:\/\/www.afaraba.org\/blog\/index.php\/2022\/03\/28\/estrategia-2021-2024\/\" class=\"more-link\">Continuar leyendo<span class=\"screen-reader-text\"> \u00abESTRATEGIA 2021-2024\u00bb<\/span><\/a><\/p>\n","protected":false},"author":1,"featured_media":0,"comment_status":"open","ping_status":"open","sticky":false,"template":"","format":"standard","meta":{"om_disable_all_campaigns":false,"_monsterinsights_skip_tracking":false,"_monsterinsights_sitenote_active":false,"_monsterinsights_sitenote_note":"","_monsterinsights_sitenote_category":0,"_uf_show_specific_survey":0,"_uf_disable_surveys":false},"categories":[239],"tags":[],"aioseo_notices":[],"yoast_head":"<!-- This site is optimized with the Yoast SEO plugin v20.4 - https:\/\/yoast.com\/wordpress\/plugins\/seo\/ -->\n<title>ESTRATEGIA 2021-2024 - AFARABA<\/title>\n<meta name=\"robots\" content=\"index, follow, max-snippet:-1, max-image-preview:large, max-video-preview:-1\" \/>\n<link rel=\"canonical\" href=\"http:\/\/www.afaraba.org\/blog\/index.php\/2022\/03\/28\/estrategia-2021-2024\/\" \/>\n<meta property=\"og:locale\" content=\"es_ES\" \/>\n<meta property=\"og:type\" content=\"article\" \/>\n<meta property=\"og:title\" content=\"ESTRATEGIA 2021-2024 - AFARABA\" \/>\n<meta property=\"og:description\" content=\"El 28 de marzo, una representante de AFARABA asisti\u00f3\u00a0 en el Museo Artium a la \u00a0presentaci\u00f3n de la Estrategia que define las directrices para los cuidados de larga duraci\u00f3n en \u00c1lava durante los pr\u00f3ximos a\u00f1os (2021-2024). La presentaci\u00f3n del acto corri\u00f3 a cargo de Ramiro Gonz\u00e1lez, Diputado General de \u00c1lava \u00a0y Emilio Sola, Diputado del &hellip; Continuar leyendo &quot;ESTRATEGIA 2021-2024&quot;\" \/>\n<meta property=\"og:url\" content=\"http:\/\/www.afaraba.org\/blog\/index.php\/2022\/03\/28\/estrategia-2021-2024\/\" \/>\n<meta property=\"og:site_name\" content=\"AFARABA\" \/>\n<meta property=\"article:published_time\" content=\"2022-03-28T08:31:00+00:00\" \/>\n<meta property=\"article:modified_time\" content=\"2022-05-20T08:34:41+00:00\" \/>\n<meta name=\"author\" content=\"admin\" \/>\n<meta name=\"twitter:card\" content=\"summary_large_image\" \/>\n<meta name=\"twitter:label1\" content=\"Escrito por\" \/>\n\t<meta name=\"twitter:data1\" content=\"admin\" \/>\n\t<meta name=\"twitter:label2\" content=\"Tiempo de lectura\" \/>\n\t<meta name=\"twitter:data2\" content=\"3 minutos\" \/>\n<script type=\"application\/ld+json\" class=\"yoast-schema-graph\">{\"@context\":\"https:\/\/schema.org\",\"@graph\":[{\"@type\":\"Article\",\"@id\":\"http:\/\/www.afaraba.org\/blog\/index.php\/2022\/03\/28\/estrategia-2021-2024\/#article\",\"isPartOf\":{\"@id\":\"http:\/\/www.afaraba.org\/blog\/index.php\/2022\/03\/28\/estrategia-2021-2024\/\"},\"author\":{\"name\":\"admin\",\"@id\":\"https:\/\/www.afaraba.org\/blog\/#\/schema\/person\/4a0ab48b67420072f420109f30843c71\"},\"headline\":\"ESTRATEGIA 2021-2024\",\"datePublished\":\"2022-03-28T08:31:00+00:00\",\"dateModified\":\"2022-05-20T08:34:41+00:00\",\"mainEntityOfPage\":{\"@id\":\"http:\/\/www.afaraba.org\/blog\/index.php\/2022\/03\/28\/estrategia-2021-2024\/\"},\"wordCount\":533,\"commentCount\":0,\"publisher\":{\"@id\":\"https:\/\/www.afaraba.org\/blog\/#organization\"},\"articleSection\":[\"INFORMACI\u00d3N\"],\"inLanguage\":\"es\",\"potentialAction\":[{\"@type\":\"CommentAction\",\"name\":\"Comment\",\"target\":[\"http:\/\/www.afaraba.org\/blog\/index.php\/2022\/03\/28\/estrategia-2021-2024\/#respond\"]}]},{\"@type\":\"WebPage\",\"@id\":\"http:\/\/www.afaraba.org\/blog\/index.php\/2022\/03\/28\/estrategia-2021-2024\/\",\"url\":\"http:\/\/www.afaraba.org\/blog\/index.php\/2022\/03\/28\/estrategia-2021-2024\/\",\"name\":\"ESTRATEGIA 2021-2024 - AFARABA\",\"isPartOf\":{\"@id\":\"https:\/\/www.afaraba.org\/blog\/#website\"},\"datePublished\":\"2022-03-28T08:31:00+00:00\",\"dateModified\":\"2022-05-20T08:34:41+00:00\",\"breadcrumb\":{\"@id\":\"http:\/\/www.afaraba.org\/blog\/index.php\/2022\/03\/28\/estrategia-2021-2024\/#breadcrumb\"},\"inLanguage\":\"es\",\"potentialAction\":[{\"@type\":\"ReadAction\",\"target\":[\"http:\/\/www.afaraba.org\/blog\/index.php\/2022\/03\/28\/estrategia-2021-2024\/\"]}]},{\"@type\":\"BreadcrumbList\",\"@id\":\"http:\/\/www.afaraba.org\/blog\/index.php\/2022\/03\/28\/estrategia-2021-2024\/#breadcrumb\",\"itemListElement\":[{\"@type\":\"ListItem\",\"position\":1,\"name\":\"Portada\",\"item\":\"https:\/\/www.afaraba.org\/blog\/\"},{\"@type\":\"ListItem\",\"position\":2,\"name\":\"ESTRATEGIA 2021-2024\"}]},{\"@type\":\"WebSite\",\"@id\":\"https:\/\/www.afaraba.org\/blog\/#website\",\"url\":\"https:\/\/www.afaraba.org\/blog\/\",\"name\":\"AFARABA\",\"description\":\"BLOG AFARABA\",\"publisher\":{\"@id\":\"https:\/\/www.afaraba.org\/blog\/#organization\"},\"potentialAction\":[{\"@type\":\"SearchAction\",\"target\":{\"@type\":\"EntryPoint\",\"urlTemplate\":\"https:\/\/www.afaraba.org\/blog\/?s={search_term_string}\"},\"query-input\":\"required name=search_term_string\"}],\"inLanguage\":\"es\"},{\"@type\":\"Organization\",\"@id\":\"https:\/\/www.afaraba.org\/blog\/#organization\",\"name\":\"AFARABA\",\"url\":\"https:\/\/www.afaraba.org\/blog\/\",\"logo\":{\"@type\":\"ImageObject\",\"inLanguage\":\"es\",\"@id\":\"https:\/\/www.afaraba.org\/blog\/#\/schema\/logo\/image\/\",\"url\":\"http:\/\/www.afaraba.org\/blog\/wp-content\/uploads\/2020\/11\/cropped-AFA_HC-BLOG2.jpg\",\"contentUrl\":\"http:\/\/www.afaraba.org\/blog\/wp-content\/uploads\/2020\/11\/cropped-AFA_HC-BLOG2.jpg\",\"width\":240,\"height\":89,\"caption\":\"AFARABA\"},\"image\":{\"@id\":\"https:\/\/www.afaraba.org\/blog\/#\/schema\/logo\/image\/\"}},{\"@type\":\"Person\",\"@id\":\"https:\/\/www.afaraba.org\/blog\/#\/schema\/person\/4a0ab48b67420072f420109f30843c71\",\"name\":\"admin\",\"image\":{\"@type\":\"ImageObject\",\"inLanguage\":\"es\",\"@id\":\"https:\/\/www.afaraba.org\/blog\/#\/schema\/person\/image\/\",\"url\":\"http:\/\/0.gravatar.com\/avatar\/c2318eff2fb6ce04ef6dca732184cc5b?s=96&d=mm&r=g\",\"contentUrl\":\"http:\/\/0.gravatar.com\/avatar\/c2318eff2fb6ce04ef6dca732184cc5b?s=96&d=mm&r=g\",\"caption\":\"admin\"},\"url\":\"http:\/\/www.afaraba.org\/blog\/index.php\/author\/admin\/\"}]}<\/script>\n<!-- \/ Yoast SEO plugin. -->","yoast_head_json":{"title":"ESTRATEGIA 2021-2024 - AFARABA","robots":{"index":"index","follow":"follow","max-snippet":"max-snippet:-1","max-image-preview":"max-image-preview:large","max-video-preview":"max-video-preview:-1"},"canonical":"http:\/\/www.afaraba.org\/blog\/index.php\/2022\/03\/28\/estrategia-2021-2024\/","og_locale":"es_ES","og_type":"article","og_title":"ESTRATEGIA 2021-2024 - AFARABA","og_description":"El 28 de marzo, una representante de AFARABA asisti\u00f3\u00a0 en el Museo Artium a la \u00a0presentaci\u00f3n de la Estrategia que define las directrices para los cuidados de larga duraci\u00f3n en \u00c1lava durante los pr\u00f3ximos a\u00f1os (2021-2024). La presentaci\u00f3n del acto corri\u00f3 a cargo de Ramiro Gonz\u00e1lez, Diputado General de \u00c1lava \u00a0y Emilio Sola, Diputado del &hellip; Continuar leyendo \"ESTRATEGIA 2021-2024\"","og_url":"http:\/\/www.afaraba.org\/blog\/index.php\/2022\/03\/28\/estrategia-2021-2024\/","og_site_name":"AFARABA","article_published_time":"2022-03-28T08:31:00+00:00","article_modified_time":"2022-05-20T08:34:41+00:00","author":"admin","twitter_card":"summary_large_image","twitter_misc":{"Escrito por":"admin","Tiempo de lectura":"3 minutos"},"schema":{"@context":"https:\/\/schema.org","@graph":[{"@type":"Article","@id":"http:\/\/www.afaraba.org\/blog\/index.php\/2022\/03\/28\/estrategia-2021-2024\/#article","isPartOf":{"@id":"http:\/\/www.afaraba.org\/blog\/index.php\/2022\/03\/28\/estrategia-2021-2024\/"},"author":{"name":"admin","@id":"https:\/\/www.afaraba.org\/blog\/#\/schema\/person\/4a0ab48b67420072f420109f30843c71"},"headline":"ESTRATEGIA 2021-2024","datePublished":"2022-03-28T08:31:00+00:00","dateModified":"2022-05-20T08:34:41+00:00","mainEntityOfPage":{"@id":"http:\/\/www.afaraba.org\/blog\/index.php\/2022\/03\/28\/estrategia-2021-2024\/"},"wordCount":533,"commentCount":0,"publisher":{"@id":"https:\/\/www.afaraba.org\/blog\/#organization"},"articleSection":["INFORMACI\u00d3N"],"inLanguage":"es","potentialAction":[{"@type":"CommentAction","name":"Comment","target":["http:\/\/www.afaraba.org\/blog\/index.php\/2022\/03\/28\/estrategia-2021-2024\/#respond"]}]},{"@type":"WebPage","@id":"http:\/\/www.afaraba.org\/blog\/index.php\/2022\/03\/28\/estrategia-2021-2024\/","url":"http:\/\/www.afaraba.org\/blog\/index.php\/2022\/03\/28\/estrategia-2021-2024\/","name":"ESTRATEGIA 2021-2024 - AFARABA","isPartOf":{"@id":"https:\/\/www.afaraba.org\/blog\/#website"},"datePublished":"2022-03-28T08:31:00+00:00","dateModified":"2022-05-20T08:34:41+00:00","breadcrumb":{"@id":"http:\/\/www.afaraba.org\/blog\/index.php\/2022\/03\/28\/estrategia-2021-2024\/#breadcrumb"},"inLanguage":"es","potentialAction":[{"@type":"ReadAction","target":["http:\/\/www.afaraba.org\/blog\/index.php\/2022\/03\/28\/estrategia-2021-2024\/"]}]},{"@type":"BreadcrumbList","@id":"http:\/\/www.afaraba.org\/blog\/index.php\/2022\/03\/28\/estrategia-2021-2024\/#breadcrumb","itemListElement":[{"@type":"ListItem","position":1,"name":"Portada","item":"https:\/\/www.afaraba.org\/blog\/"},{"@type":"ListItem","position":2,"name":"ESTRATEGIA 2021-2024"}]},{"@type":"WebSite","@id":"https:\/\/www.afaraba.org\/blog\/#website","url":"https:\/\/www.afaraba.org\/blog\/","name":"AFARABA","description":"BLOG AFARABA","publisher":{"@id":"https:\/\/www.afaraba.org\/blog\/#organization"},"potentialAction":[{"@type":"SearchAction","target":{"@type":"EntryPoint","urlTemplate":"https:\/\/www.afaraba.org\/blog\/?s={search_term_string}"},"query-input":"required name=search_term_string"}],"inLanguage":"es"},{"@type":"Organization","@id":"https:\/\/www.afaraba.org\/blog\/#organization","name":"AFARABA","url":"https:\/\/www.afaraba.org\/blog\/","logo":{"@type":"ImageObject","inLanguage":"es","@id":"https:\/\/www.afaraba.org\/blog\/#\/schema\/logo\/image\/","url":"http:\/\/www.afaraba.org\/blog\/wp-content\/uploads\/2020\/11\/cropped-AFA_HC-BLOG2.jpg","contentUrl":"http:\/\/www.afaraba.org\/blog\/wp-content\/uploads\/2020\/11\/cropped-AFA_HC-BLOG2.jpg","width":240,"height":89,"caption":"AFARABA"},"image":{"@id":"https:\/\/www.afaraba.org\/blog\/#\/schema\/logo\/image\/"}},{"@type":"Person","@id":"https:\/\/www.afaraba.org\/blog\/#\/schema\/person\/4a0ab48b67420072f420109f30843c71","name":"admin","image":{"@type":"ImageObject","inLanguage":"es","@id":"https:\/\/www.afaraba.org\/blog\/#\/schema\/person\/image\/","url":"http:\/\/0.gravatar.com\/avatar\/c2318eff2fb6ce04ef6dca732184cc5b?s=96&d=mm&r=g","contentUrl":"http:\/\/0.gravatar.com\/avatar\/c2318eff2fb6ce04ef6dca732184cc5b?s=96&d=mm&r=g","caption":"admin"},"url":"http:\/\/www.afaraba.org\/blog\/index.php\/author\/admin\/"}]}},"_links":{"self":[{"href":"http:\/\/www.afaraba.org\/blog\/index.php\/wp-json\/wp\/v2\/posts\/682"}],"collection":[{"href":"http:\/\/www.afaraba.org\/blog\/index.php\/wp-json\/wp\/v2\/posts"}],"about":[{"href":"http:\/\/www.afaraba.org\/blog\/index.php\/wp-json\/wp\/v2\/types\/post"}],"author":[{"embeddable":true,"href":"http:\/\/www.afaraba.org\/blog\/index.php\/wp-json\/wp\/v2\/users\/1"}],"replies":[{"embeddable":true,"href":"http:\/\/www.afaraba.org\/blog\/index.php\/wp-json\/wp\/v2\/comments?post=682"}],"version-history":[{"count":1,"href":"http:\/\/www.afaraba.org\/blog\/index.php\/wp-json\/wp\/v2\/posts\/682\/revisions"}],"predecessor-version":[{"id":683,"href":"http:\/\/www.afaraba.org\/blog\/index.php\/wp-json\/wp\/v2\/posts\/682\/revisions\/683"}],"wp:attachment":[{"href":"http:\/\/www.afaraba.org\/blog\/index.php\/wp-json\/wp\/v2\/media?parent=682"}],"wp:term":[{"taxonomy":"category","embeddable":true,"href":"http:\/\/www.afaraba.org\/blog\/index.php\/wp-json\/wp\/v2\/categories?post=682"},{"taxonomy":"post_tag","embeddable":true,"href":"http:\/\/www.afaraba.org\/blog\/index.php\/wp-json\/wp\/v2\/tags?post=682"}],"curies":[{"name":"wp","href":"https:\/\/api.w.org\/{rel}","templated":true}]}}