{"id":684,"date":"2022-01-24T09:48:00","date_gmt":"2022-01-24T08:48:00","guid":{"rendered":"http:\/\/www.afaraba.org\/blog\/?p=684"},"modified":"2022-05-20T09:49:54","modified_gmt":"2022-05-20T08:49:54","slug":"convocatoria-publica-de-ayudas-economicas-individuales-dirigidas-a-personas-que-tengan-reconocida-la-situacion-de-discapacidad-y-a-menores-de-0-a-6-anos-con-trastornos-del-desarrollo","status":"publish","type":"post","link":"http:\/\/www.afaraba.org\/blog\/index.php\/2022\/01\/24\/convocatoria-publica-de-ayudas-economicas-individuales-dirigidas-a-personas-que-tengan-reconocida-la-situacion-de-discapacidad-y-a-menores-de-0-a-6-anos-con-trastornos-del-desarrollo\/","title":{"rendered":"Convocatoria p\u00fablica de ayudas econ\u00f3micas individuales dirigidas a personas que tengan reconocida la situaci\u00f3n de discapacidad y a menores de 0 a 6 a\u00f1os con trastornos del desarrollo"},"content":{"rendered":"\n<p><\/p>\n\n\n\n<p><\/p>\n\n\n\n<p><strong>Ejercicio 2022<\/strong><\/p>\n\n\n\n<p>Primera. Objeto de la convocatoria<\/p>\n\n\n\n<p>1. Se abre la convocatoria p\u00fablica de ayudas econ\u00f3micas individuales correspondiente al<\/p>\n\n\n\n<p>a\u00f1o 2022 y dirigida a personas que tengan reconocida la situaci\u00f3n de discapacidad<\/p>\n\n\n\n<p>2. Constituye el objeto de estas ayudas mejorar la calidad de vida de las personas a quienes<\/p>\n\n\n\n<p>se dirigen, atender a las necesidades surgidas de su situaci\u00f3n de discapacidad y favorecer su<\/p>\n\n\n\n<p>autonom\u00eda, mediante la concesi\u00f3n de una ayuda econ\u00f3mica que compense total o parcialmente los gastos que las personas destinatarias de estas ayudas tengan que efectuar para<\/p>\n\n\n\n<p>adquirir un producto de apoyo, realizar adaptaciones en la vivienda habitual o en el veh\u00edculo<\/p>\n\n\n\n<p>particular o recibir asistencia especializada.<\/p>\n\n\n\n<p>Requisitos<\/p>\n\n\n\n<p>a) Tener su residencia efectiva y encontrarse empadronadas en cualquiera de los municipios<\/p>\n\n\n\n<p>del Territorio Hist\u00f3rico de \u00c1lava durante un periodo m\u00ednimo ininterrumpido de un a\u00f1o, que habr\u00e1 de ser inmediatamente anterior a la fecha de solicitud y continuar empadronadas durante<\/p>\n\n\n\n<p>toda la tramitaci\u00f3n del expediente. Alternativamente, en virtud del convenio de colaboraci\u00f3n en<\/p>\n\n\n\n<p>desarrollo del Acuerdo-Marco , tambi\u00e9n las personas residentes en el Condado de Trevi\u00f1o, un a\u00f1o anterior a la fecha de solicitud,<\/p>\n\n\n\n<p>y continuar empadronadas durante toda la tramitaci\u00f3n del expediente.<\/p>\n\n\n\n<p>b) Cumplir los siguientes requisitos de discapacidad:<\/p>\n\n\n\n<p>\u2014 Con car\u00e1cter general, <strong>haber obtenido con anterioridad a los 65 a\u00f1os de edad el reconocimiento de un grado de discapacidad igual o superior al 33 por ciento en aquel d\u00e9ficit cuyos<\/strong><\/p>\n\n\n\n<p><strong>efectos se intentan paliar mediante la ayuda que se solicita.<\/strong><\/p>\n\n\n\n<p>El reconocimiento de la situaci\u00f3n de discapacidad deber\u00e1 haber sido obtenido por valoraci\u00f3n del \u00f3rgano competente mediante la aplicaci\u00f3n del baremo para el reconocimiento, declaraci\u00f3n y calificaci\u00f3n del grado de discapacidad vigente en el momento en el que se llev\u00f3 a cabo.<\/p>\n\n\n\n<p>c) En el caso de ayudas dirigidas a personas con discapacidad, haber obtenido el informe<\/p>\n\n\n\n<p>t\u00e9cnico de orientaci\u00f3n del Servicio de Informaci\u00f3n y Asesoramiento del Centro de Autonom\u00eda<\/p>\n\n\n\n<p>Personal, referido a la ayuda que se solicita.<\/p>\n\n\n\n<p>El informe no podr\u00e1 tener una antig\u00fcedad superior a 3 a\u00f1os y perder\u00e1 su validez cuando<\/p>\n\n\n\n<p>haya mediado revisi\u00f3n o modificaci\u00f3n del reconocimiento y calificaci\u00f3n de discapacidad o el<\/p>\n\n\n\n<p>certificado de discapacidad haya perdido su vigencia.<\/p>\n\n\n\n<p>d) En supuesto de ayudas para la accesibilidad en la vivienda habitual, \u00e9sta debe constituir<\/p>\n\n\n\n<p>el domicilio habitual de la persona beneficiaria de la ayuda y ser la sede de su unidad de convivencia. Adem\u00e1s, se deber\u00e1 cumplir uno de los siguientes requisitos:<\/p>\n\n\n\n<p>\u2014 La persona beneficiaria debe ser propietaria o usufructuaria de, al menos el 50 por ciento de dicha vivienda.<\/p>\n\n\n\n<p>Excepcionalmente, se podr\u00e1 conceder esta ayuda a quien no pudiendo demostrar dos a\u00f1os<\/p>\n\n\n\n<p>de empadronamiento, tenga un reconocimiento de discapacidad de al menos un 75 por ciento<\/p>\n\n\n\n<p>por causa sobrevenida o enfermedad neurodegenerativa.<\/p>\n\n\n\n<p>Existe una cuant\u00eda m\u00e1xima seg\u00fan ingresos econ\u00f3micos. M\u00e1s informaci\u00f3n <strong>BOTHA 21 de enero de 2022<\/strong><\/p>\n","protected":false},"excerpt":{"rendered":"<p>Ejercicio 2022 Primera. Objeto de la convocatoria 1. Se abre la convocatoria p\u00fablica de ayudas econ\u00f3micas individuales correspondiente al a\u00f1o 2022 y dirigida a personas que tengan reconocida la situaci\u00f3n de discapacidad 2. Constituye el objeto de estas ayudas mejorar la calidad de vida de las personas a quienes se dirigen, atender a las necesidades &hellip; <a href=\"http:\/\/www.afaraba.org\/blog\/index.php\/2022\/01\/24\/convocatoria-publica-de-ayudas-economicas-individuales-dirigidas-a-personas-que-tengan-reconocida-la-situacion-de-discapacidad-y-a-menores-de-0-a-6-anos-con-trastornos-del-desarrollo\/\" class=\"more-link\">Continuar leyendo<span class=\"screen-reader-text\"> \u00abConvocatoria p\u00fablica de ayudas econ\u00f3micas individuales dirigidas a personas que tengan reconocida la situaci\u00f3n de discapacidad y a menores de 0 a 6 a\u00f1os con trastornos del desarrollo\u00bb<\/span><\/a><\/p>\n","protected":false},"author":1,"featured_media":0,"comment_status":"open","ping_status":"open","sticky":false,"template":"","format":"standard","meta":{"om_disable_all_campaigns":false,"_monsterinsights_skip_tracking":false,"_monsterinsights_sitenote_active":false,"_monsterinsights_sitenote_note":"","_monsterinsights_sitenote_category":0,"_uf_show_specific_survey":0,"_uf_disable_surveys":false},"categories":[239],"tags":[],"aioseo_notices":[],"yoast_head":"<!-- This site is optimized with the Yoast SEO plugin v20.4 - https:\/\/yoast.com\/wordpress\/plugins\/seo\/ -->\n<title>Convocatoria p\u00fablica de ayudas econ\u00f3micas individuales dirigidas a personas que tengan reconocida la situaci\u00f3n de discapacidad y a menores de 0 a 6 a\u00f1os con trastornos del desarrollo - AFARABA<\/title>\n<meta name=\"robots\" content=\"index, follow, max-snippet:-1, max-image-preview:large, max-video-preview:-1\" \/>\n<link rel=\"canonical\" href=\"http:\/\/www.afaraba.org\/blog\/index.php\/2022\/01\/24\/convocatoria-publica-de-ayudas-economicas-individuales-dirigidas-a-personas-que-tengan-reconocida-la-situacion-de-discapacidad-y-a-menores-de-0-a-6-anos-con-trastornos-del-desarrollo\/\" \/>\n<meta property=\"og:locale\" content=\"es_ES\" \/>\n<meta property=\"og:type\" content=\"article\" \/>\n<meta property=\"og:title\" content=\"Convocatoria p\u00fablica de ayudas econ\u00f3micas individuales dirigidas a personas que tengan reconocida la situaci\u00f3n de discapacidad y a menores de 0 a 6 a\u00f1os con trastornos del desarrollo - AFARABA\" \/>\n<meta property=\"og:description\" content=\"Ejercicio 2022 Primera. Objeto de la convocatoria 1. Se abre la convocatoria p\u00fablica de ayudas econ\u00f3micas individuales correspondiente al a\u00f1o 2022 y dirigida a personas que tengan reconocida la situaci\u00f3n de discapacidad 2. Constituye el objeto de estas ayudas mejorar la calidad de vida de las personas a quienes se dirigen, atender a las necesidades &hellip; Continuar leyendo &quot;Convocatoria p\u00fablica de ayudas econ\u00f3micas individuales dirigidas a personas que tengan reconocida la situaci\u00f3n de discapacidad y a menores de 0 a 6 a\u00f1os con trastornos del desarrollo&quot;\" \/>\n<meta property=\"og:url\" content=\"http:\/\/www.afaraba.org\/blog\/index.php\/2022\/01\/24\/convocatoria-publica-de-ayudas-economicas-individuales-dirigidas-a-personas-que-tengan-reconocida-la-situacion-de-discapacidad-y-a-menores-de-0-a-6-anos-con-trastornos-del-desarrollo\/\" \/>\n<meta property=\"og:site_name\" content=\"AFARABA\" \/>\n<meta property=\"article:published_time\" content=\"2022-01-24T08:48:00+00:00\" \/>\n<meta property=\"article:modified_time\" content=\"2022-05-20T08:49:54+00:00\" \/>\n<meta name=\"author\" content=\"admin\" \/>\n<meta name=\"twitter:card\" content=\"summary_large_image\" \/>\n<meta name=\"twitter:label1\" content=\"Escrito por\" \/>\n\t<meta name=\"twitter:data1\" content=\"admin\" \/>\n\t<meta name=\"twitter:label2\" content=\"Tiempo de lectura\" \/>\n\t<meta name=\"twitter:data2\" content=\"3 minutos\" \/>\n<script type=\"application\/ld+json\" class=\"yoast-schema-graph\">{\"@context\":\"https:\/\/schema.org\",\"@graph\":[{\"@type\":\"Article\",\"@id\":\"http:\/\/www.afaraba.org\/blog\/index.php\/2022\/01\/24\/convocatoria-publica-de-ayudas-economicas-individuales-dirigidas-a-personas-que-tengan-reconocida-la-situacion-de-discapacidad-y-a-menores-de-0-a-6-anos-con-trastornos-del-desarrollo\/#article\",\"isPartOf\":{\"@id\":\"http:\/\/www.afaraba.org\/blog\/index.php\/2022\/01\/24\/convocatoria-publica-de-ayudas-economicas-individuales-dirigidas-a-personas-que-tengan-reconocida-la-situacion-de-discapacidad-y-a-menores-de-0-a-6-anos-con-trastornos-del-desarrollo\/\"},\"author\":{\"name\":\"admin\",\"@id\":\"https:\/\/www.afaraba.org\/blog\/#\/schema\/person\/4a0ab48b67420072f420109f30843c71\"},\"headline\":\"Convocatoria p\u00fablica de ayudas econ\u00f3micas individuales dirigidas a personas que tengan reconocida la situaci\u00f3n de discapacidad y a menores de 0 a 6 a\u00f1os con trastornos del desarrollo\",\"datePublished\":\"2022-01-24T08:48:00+00:00\",\"dateModified\":\"2022-05-20T08:49:54+00:00\",\"mainEntityOfPage\":{\"@id\":\"http:\/\/www.afaraba.org\/blog\/index.php\/2022\/01\/24\/convocatoria-publica-de-ayudas-economicas-individuales-dirigidas-a-personas-que-tengan-reconocida-la-situacion-de-discapacidad-y-a-menores-de-0-a-6-anos-con-trastornos-del-desarrollo\/\"},\"wordCount\":527,\"commentCount\":0,\"publisher\":{\"@id\":\"https:\/\/www.afaraba.org\/blog\/#organization\"},\"articleSection\":[\"INFORMACI\u00d3N\"],\"inLanguage\":\"es\",\"potentialAction\":[{\"@type\":\"CommentAction\",\"name\":\"Comment\",\"target\":[\"http:\/\/www.afaraba.org\/blog\/index.php\/2022\/01\/24\/convocatoria-publica-de-ayudas-economicas-individuales-dirigidas-a-personas-que-tengan-reconocida-la-situacion-de-discapacidad-y-a-menores-de-0-a-6-anos-con-trastornos-del-desarrollo\/#respond\"]}]},{\"@type\":\"WebPage\",\"@id\":\"http:\/\/www.afaraba.org\/blog\/index.php\/2022\/01\/24\/convocatoria-publica-de-ayudas-economicas-individuales-dirigidas-a-personas-que-tengan-reconocida-la-situacion-de-discapacidad-y-a-menores-de-0-a-6-anos-con-trastornos-del-desarrollo\/\",\"url\":\"http:\/\/www.afaraba.org\/blog\/index.php\/2022\/01\/24\/convocatoria-publica-de-ayudas-economicas-individuales-dirigidas-a-personas-que-tengan-reconocida-la-situacion-de-discapacidad-y-a-menores-de-0-a-6-anos-con-trastornos-del-desarrollo\/\",\"name\":\"Convocatoria p\u00fablica de ayudas econ\u00f3micas individuales dirigidas a personas que tengan reconocida la situaci\u00f3n de discapacidad y a menores de 0 a 6 a\u00f1os con trastornos del desarrollo - AFARABA\",\"isPartOf\":{\"@id\":\"https:\/\/www.afaraba.org\/blog\/#website\"},\"datePublished\":\"2022-01-24T08:48:00+00:00\",\"dateModified\":\"2022-05-20T08:49:54+00:00\",\"breadcrumb\":{\"@id\":\"http:\/\/www.afaraba.org\/blog\/index.php\/2022\/01\/24\/convocatoria-publica-de-ayudas-economicas-individuales-dirigidas-a-personas-que-tengan-reconocida-la-situacion-de-discapacidad-y-a-menores-de-0-a-6-anos-con-trastornos-del-desarrollo\/#breadcrumb\"},\"inLanguage\":\"es\",\"potentialAction\":[{\"@type\":\"ReadAction\",\"target\":[\"http:\/\/www.afaraba.org\/blog\/index.php\/2022\/01\/24\/convocatoria-publica-de-ayudas-economicas-individuales-dirigidas-a-personas-que-tengan-reconocida-la-situacion-de-discapacidad-y-a-menores-de-0-a-6-anos-con-trastornos-del-desarrollo\/\"]}]},{\"@type\":\"BreadcrumbList\",\"@id\":\"http:\/\/www.afaraba.org\/blog\/index.php\/2022\/01\/24\/convocatoria-publica-de-ayudas-economicas-individuales-dirigidas-a-personas-que-tengan-reconocida-la-situacion-de-discapacidad-y-a-menores-de-0-a-6-anos-con-trastornos-del-desarrollo\/#breadcrumb\",\"itemListElement\":[{\"@type\":\"ListItem\",\"position\":1,\"name\":\"Portada\",\"item\":\"https:\/\/www.afaraba.org\/blog\/\"},{\"@type\":\"ListItem\",\"position\":2,\"name\":\"Convocatoria p\u00fablica de ayudas econ\u00f3micas individuales dirigidas a personas que tengan reconocida la situaci\u00f3n de discapacidad y a menores de 0 a 6 a\u00f1os con trastornos del desarrollo\"}]},{\"@type\":\"WebSite\",\"@id\":\"https:\/\/www.afaraba.org\/blog\/#website\",\"url\":\"https:\/\/www.afaraba.org\/blog\/\",\"name\":\"AFARABA\",\"description\":\"BLOG AFARABA\",\"publisher\":{\"@id\":\"https:\/\/www.afaraba.org\/blog\/#organization\"},\"potentialAction\":[{\"@type\":\"SearchAction\",\"target\":{\"@type\":\"EntryPoint\",\"urlTemplate\":\"https:\/\/www.afaraba.org\/blog\/?s={search_term_string}\"},\"query-input\":\"required name=search_term_string\"}],\"inLanguage\":\"es\"},{\"@type\":\"Organization\",\"@id\":\"https:\/\/www.afaraba.org\/blog\/#organization\",\"name\":\"AFARABA\",\"url\":\"https:\/\/www.afaraba.org\/blog\/\",\"logo\":{\"@type\":\"ImageObject\",\"inLanguage\":\"es\",\"@id\":\"https:\/\/www.afaraba.org\/blog\/#\/schema\/logo\/image\/\",\"url\":\"http:\/\/www.afaraba.org\/blog\/wp-content\/uploads\/2020\/11\/cropped-AFA_HC-BLOG2.jpg\",\"contentUrl\":\"http:\/\/www.afaraba.org\/blog\/wp-content\/uploads\/2020\/11\/cropped-AFA_HC-BLOG2.jpg\",\"width\":240,\"height\":89,\"caption\":\"AFARABA\"},\"image\":{\"@id\":\"https:\/\/www.afaraba.org\/blog\/#\/schema\/logo\/image\/\"}},{\"@type\":\"Person\",\"@id\":\"https:\/\/www.afaraba.org\/blog\/#\/schema\/person\/4a0ab48b67420072f420109f30843c71\",\"name\":\"admin\",\"image\":{\"@type\":\"ImageObject\",\"inLanguage\":\"es\",\"@id\":\"https:\/\/www.afaraba.org\/blog\/#\/schema\/person\/image\/\",\"url\":\"http:\/\/0.gravatar.com\/avatar\/c2318eff2fb6ce04ef6dca732184cc5b?s=96&d=mm&r=g\",\"contentUrl\":\"http:\/\/0.gravatar.com\/avatar\/c2318eff2fb6ce04ef6dca732184cc5b?s=96&d=mm&r=g\",\"caption\":\"admin\"},\"url\":\"http:\/\/www.afaraba.org\/blog\/index.php\/author\/admin\/\"}]}<\/script>\n<!-- \/ Yoast SEO plugin. -->","yoast_head_json":{"title":"Convocatoria p\u00fablica de ayudas econ\u00f3micas individuales dirigidas a personas que tengan reconocida la situaci\u00f3n de discapacidad y a menores de 0 a 6 a\u00f1os con trastornos del desarrollo - AFARABA","robots":{"index":"index","follow":"follow","max-snippet":"max-snippet:-1","max-image-preview":"max-image-preview:large","max-video-preview":"max-video-preview:-1"},"canonical":"http:\/\/www.afaraba.org\/blog\/index.php\/2022\/01\/24\/convocatoria-publica-de-ayudas-economicas-individuales-dirigidas-a-personas-que-tengan-reconocida-la-situacion-de-discapacidad-y-a-menores-de-0-a-6-anos-con-trastornos-del-desarrollo\/","og_locale":"es_ES","og_type":"article","og_title":"Convocatoria p\u00fablica de ayudas econ\u00f3micas individuales dirigidas a personas que tengan reconocida la situaci\u00f3n de discapacidad y a menores de 0 a 6 a\u00f1os con trastornos del desarrollo - AFARABA","og_description":"Ejercicio 2022 Primera. Objeto de la convocatoria 1. Se abre la convocatoria p\u00fablica de ayudas econ\u00f3micas individuales correspondiente al a\u00f1o 2022 y dirigida a personas que tengan reconocida la situaci\u00f3n de discapacidad 2. Constituye el objeto de estas ayudas mejorar la calidad de vida de las personas a quienes se dirigen, atender a las necesidades &hellip; Continuar leyendo \"Convocatoria p\u00fablica de ayudas econ\u00f3micas individuales dirigidas a personas que tengan reconocida la situaci\u00f3n de discapacidad y a menores de 0 a 6 a\u00f1os con trastornos del desarrollo\"","og_url":"http:\/\/www.afaraba.org\/blog\/index.php\/2022\/01\/24\/convocatoria-publica-de-ayudas-economicas-individuales-dirigidas-a-personas-que-tengan-reconocida-la-situacion-de-discapacidad-y-a-menores-de-0-a-6-anos-con-trastornos-del-desarrollo\/","og_site_name":"AFARABA","article_published_time":"2022-01-24T08:48:00+00:00","article_modified_time":"2022-05-20T08:49:54+00:00","author":"admin","twitter_card":"summary_large_image","twitter_misc":{"Escrito por":"admin","Tiempo de lectura":"3 minutos"},"schema":{"@context":"https:\/\/schema.org","@graph":[{"@type":"Article","@id":"http:\/\/www.afaraba.org\/blog\/index.php\/2022\/01\/24\/convocatoria-publica-de-ayudas-economicas-individuales-dirigidas-a-personas-que-tengan-reconocida-la-situacion-de-discapacidad-y-a-menores-de-0-a-6-anos-con-trastornos-del-desarrollo\/#article","isPartOf":{"@id":"http:\/\/www.afaraba.org\/blog\/index.php\/2022\/01\/24\/convocatoria-publica-de-ayudas-economicas-individuales-dirigidas-a-personas-que-tengan-reconocida-la-situacion-de-discapacidad-y-a-menores-de-0-a-6-anos-con-trastornos-del-desarrollo\/"},"author":{"name":"admin","@id":"https:\/\/www.afaraba.org\/blog\/#\/schema\/person\/4a0ab48b67420072f420109f30843c71"},"headline":"Convocatoria p\u00fablica de ayudas econ\u00f3micas individuales dirigidas a personas que tengan reconocida la situaci\u00f3n de discapacidad y a menores de 0 a 6 a\u00f1os con trastornos del desarrollo","datePublished":"2022-01-24T08:48:00+00:00","dateModified":"2022-05-20T08:49:54+00:00","mainEntityOfPage":{"@id":"http:\/\/www.afaraba.org\/blog\/index.php\/2022\/01\/24\/convocatoria-publica-de-ayudas-economicas-individuales-dirigidas-a-personas-que-tengan-reconocida-la-situacion-de-discapacidad-y-a-menores-de-0-a-6-anos-con-trastornos-del-desarrollo\/"},"wordCount":527,"commentCount":0,"publisher":{"@id":"https:\/\/www.afaraba.org\/blog\/#organization"},"articleSection":["INFORMACI\u00d3N"],"inLanguage":"es","potentialAction":[{"@type":"CommentAction","name":"Comment","target":["http:\/\/www.afaraba.org\/blog\/index.php\/2022\/01\/24\/convocatoria-publica-de-ayudas-economicas-individuales-dirigidas-a-personas-que-tengan-reconocida-la-situacion-de-discapacidad-y-a-menores-de-0-a-6-anos-con-trastornos-del-desarrollo\/#respond"]}]},{"@type":"WebPage","@id":"http:\/\/www.afaraba.org\/blog\/index.php\/2022\/01\/24\/convocatoria-publica-de-ayudas-economicas-individuales-dirigidas-a-personas-que-tengan-reconocida-la-situacion-de-discapacidad-y-a-menores-de-0-a-6-anos-con-trastornos-del-desarrollo\/","url":"http:\/\/www.afaraba.org\/blog\/index.php\/2022\/01\/24\/convocatoria-publica-de-ayudas-economicas-individuales-dirigidas-a-personas-que-tengan-reconocida-la-situacion-de-discapacidad-y-a-menores-de-0-a-6-anos-con-trastornos-del-desarrollo\/","name":"Convocatoria p\u00fablica de ayudas econ\u00f3micas individuales dirigidas a personas que tengan reconocida la situaci\u00f3n de discapacidad y a menores de 0 a 6 a\u00f1os con trastornos del desarrollo - AFARABA","isPartOf":{"@id":"https:\/\/www.afaraba.org\/blog\/#website"},"datePublished":"2022-01-24T08:48:00+00:00","dateModified":"2022-05-20T08:49:54+00:00","breadcrumb":{"@id":"http:\/\/www.afaraba.org\/blog\/index.php\/2022\/01\/24\/convocatoria-publica-de-ayudas-economicas-individuales-dirigidas-a-personas-que-tengan-reconocida-la-situacion-de-discapacidad-y-a-menores-de-0-a-6-anos-con-trastornos-del-desarrollo\/#breadcrumb"},"inLanguage":"es","potentialAction":[{"@type":"ReadAction","target":["http:\/\/www.afaraba.org\/blog\/index.php\/2022\/01\/24\/convocatoria-publica-de-ayudas-economicas-individuales-dirigidas-a-personas-que-tengan-reconocida-la-situacion-de-discapacidad-y-a-menores-de-0-a-6-anos-con-trastornos-del-desarrollo\/"]}]},{"@type":"BreadcrumbList","@id":"http:\/\/www.afaraba.org\/blog\/index.php\/2022\/01\/24\/convocatoria-publica-de-ayudas-economicas-individuales-dirigidas-a-personas-que-tengan-reconocida-la-situacion-de-discapacidad-y-a-menores-de-0-a-6-anos-con-trastornos-del-desarrollo\/#breadcrumb","itemListElement":[{"@type":"ListItem","position":1,"name":"Portada","item":"https:\/\/www.afaraba.org\/blog\/"},{"@type":"ListItem","position":2,"name":"Convocatoria p\u00fablica de ayudas econ\u00f3micas individuales dirigidas a personas que tengan reconocida la situaci\u00f3n de discapacidad y a menores de 0 a 6 a\u00f1os con trastornos del desarrollo"}]},{"@type":"WebSite","@id":"https:\/\/www.afaraba.org\/blog\/#website","url":"https:\/\/www.afaraba.org\/blog\/","name":"AFARABA","description":"BLOG AFARABA","publisher":{"@id":"https:\/\/www.afaraba.org\/blog\/#organization"},"potentialAction":[{"@type":"SearchAction","target":{"@type":"EntryPoint","urlTemplate":"https:\/\/www.afaraba.org\/blog\/?s={search_term_string}"},"query-input":"required name=search_term_string"}],"inLanguage":"es"},{"@type":"Organization","@id":"https:\/\/www.afaraba.org\/blog\/#organization","name":"AFARABA","url":"https:\/\/www.afaraba.org\/blog\/","logo":{"@type":"ImageObject","inLanguage":"es","@id":"https:\/\/www.afaraba.org\/blog\/#\/schema\/logo\/image\/","url":"http:\/\/www.afaraba.org\/blog\/wp-content\/uploads\/2020\/11\/cropped-AFA_HC-BLOG2.jpg","contentUrl":"http:\/\/www.afaraba.org\/blog\/wp-content\/uploads\/2020\/11\/cropped-AFA_HC-BLOG2.jpg","width":240,"height":89,"caption":"AFARABA"},"image":{"@id":"https:\/\/www.afaraba.org\/blog\/#\/schema\/logo\/image\/"}},{"@type":"Person","@id":"https:\/\/www.afaraba.org\/blog\/#\/schema\/person\/4a0ab48b67420072f420109f30843c71","name":"admin","image":{"@type":"ImageObject","inLanguage":"es","@id":"https:\/\/www.afaraba.org\/blog\/#\/schema\/person\/image\/","url":"http:\/\/0.gravatar.com\/avatar\/c2318eff2fb6ce04ef6dca732184cc5b?s=96&d=mm&r=g","contentUrl":"http:\/\/0.gravatar.com\/avatar\/c2318eff2fb6ce04ef6dca732184cc5b?s=96&d=mm&r=g","caption":"admin"},"url":"http:\/\/www.afaraba.org\/blog\/index.php\/author\/admin\/"}]}},"_links":{"self":[{"href":"http:\/\/www.afaraba.org\/blog\/index.php\/wp-json\/wp\/v2\/posts\/684"}],"collection":[{"href":"http:\/\/www.afaraba.org\/blog\/index.php\/wp-json\/wp\/v2\/posts"}],"about":[{"href":"http:\/\/www.afaraba.org\/blog\/index.php\/wp-json\/wp\/v2\/types\/post"}],"author":[{"embeddable":true,"href":"http:\/\/www.afaraba.org\/blog\/index.php\/wp-json\/wp\/v2\/users\/1"}],"replies":[{"embeddable":true,"href":"http:\/\/www.afaraba.org\/blog\/index.php\/wp-json\/wp\/v2\/comments?post=684"}],"version-history":[{"count":1,"href":"http:\/\/www.afaraba.org\/blog\/index.php\/wp-json\/wp\/v2\/posts\/684\/revisions"}],"predecessor-version":[{"id":685,"href":"http:\/\/www.afaraba.org\/blog\/index.php\/wp-json\/wp\/v2\/posts\/684\/revisions\/685"}],"wp:attachment":[{"href":"http:\/\/www.afaraba.org\/blog\/index.php\/wp-json\/wp\/v2\/media?parent=684"}],"wp:term":[{"taxonomy":"category","embeddable":true,"href":"http:\/\/www.afaraba.org\/blog\/index.php\/wp-json\/wp\/v2\/categories?post=684"},{"taxonomy":"post_tag","embeddable":true,"href":"http:\/\/www.afaraba.org\/blog\/index.php\/wp-json\/wp\/v2\/tags?post=684"}],"curies":[{"name":"wp","href":"https:\/\/api.w.org\/{rel}","templated":true}]}}