{"id":728,"date":"2022-05-19T14:47:00","date_gmt":"2022-05-19T13:47:00","guid":{"rendered":"http:\/\/www.afaraba.org\/blog\/?p=728"},"modified":"2022-05-24T14:53:46","modified_gmt":"2022-05-24T13:53:46","slug":"servicio-de-ayuda-a-domicilio","status":"publish","type":"post","link":"http:\/\/www.afaraba.org\/blog\/index.php\/2022\/05\/19\/servicio-de-ayuda-a-domicilio\/","title":{"rendered":"SERVICIO DE AYUDA A DOMICILIO"},"content":{"rendered":"\n<p>El jueves 19 de mayo, dos de nuestras Trabajadoras Sociales, Lara Huertas e Iosune L\u00f3pez de Goicoechea , tuvieron el placer de dar una charla informativa sobre la Asociaci\u00f3n, quienes somos y qu\u00e9 hacemos, al nuevo equipo profesional encargado de gestionar y coordinar el <a href=\"https:\/\/www.vitoria-gasteiz.org\/wb021\/was\/contenidoAction.do?idioma=es&amp;uid=2dc965e_11d470e8efc__7fde\">Servicio de Ayuda a Domicili<\/a>o del Ayuntamiento de Vitoria-Gasteiz. <\/p>\n\n\n\n<figure class=\"wp-block-image size-large\"><img loading=\"lazy\" width=\"1024\" height=\"844\" src=\"https:\/\/www.afaraba.org\/blog\/wp-content\/uploads\/2022\/05\/Sin-titulo-1024x844.jpg\" alt=\"\" class=\"wp-image-729\" srcset=\"http:\/\/www.afaraba.org\/blog\/wp-content\/uploads\/2022\/05\/Sin-titulo-1024x844.jpg 1024w, http:\/\/www.afaraba.org\/blog\/wp-content\/uploads\/2022\/05\/Sin-titulo-300x247.jpg 300w, http:\/\/www.afaraba.org\/blog\/wp-content\/uploads\/2022\/05\/Sin-titulo-768x633.jpg 768w, http:\/\/www.afaraba.org\/blog\/wp-content\/uploads\/2022\/05\/Sin-titulo.jpg 1145w\" sizes=\"(max-width: 709px) 85vw, (max-width: 909px) 67vw, (max-width: 1362px) 62vw, 840px\" \/><\/figure>\n\n\n\n<p>Equipo formado tras el cambio de competencias, ya que desde enero de este a\u00f1o el Ayuntamiento de Vitoria-Gasteiz es el encargado de este Servicio en su totalidad, independientemente del Grado de Dependencia reconocido.<br><\/p>\n\n\n\n<p>Gracias Bego\u00f1a Bel\u00e9n De\u00e1n por la invitaci\u00f3n, y a todo el equipo, por preocuparos por conocernos, querer saber un poquito m\u00e1s sobre el deterioro cognitivo leve y demencias, por la acogida y la participaci\u00f3n.<\/p>\n","protected":false},"excerpt":{"rendered":"<p>El jueves 19 de mayo, dos de nuestras Trabajadoras Sociales, Lara Huertas e Iosune L\u00f3pez de Goicoechea , tuvieron el placer de dar una charla informativa sobre la Asociaci\u00f3n, quienes somos y qu\u00e9 hacemos, al nuevo equipo profesional encargado de gestionar y coordinar el Servicio de Ayuda a Domicilio del Ayuntamiento de Vitoria-Gasteiz. Equipo formado &hellip; <a href=\"http:\/\/www.afaraba.org\/blog\/index.php\/2022\/05\/19\/servicio-de-ayuda-a-domicilio\/\" class=\"more-link\">Continuar leyendo<span class=\"screen-reader-text\"> \u00abSERVICIO DE AYUDA A DOMICILIO\u00bb<\/span><\/a><\/p>\n","protected":false},"author":1,"featured_media":0,"comment_status":"open","ping_status":"open","sticky":false,"template":"","format":"standard","meta":{"om_disable_all_campaigns":false,"_monsterinsights_skip_tracking":false,"_monsterinsights_sitenote_active":false,"_monsterinsights_sitenote_note":"","_monsterinsights_sitenote_category":0,"_uf_show_specific_survey":0,"_uf_disable_surveys":false},"categories":[109],"tags":[8,240,241,242],"aioseo_notices":[],"yoast_head":"<!-- This site is optimized with the Yoast SEO plugin v20.4 - https:\/\/yoast.com\/wordpress\/plugins\/seo\/ -->\n<title>SERVICIO DE AYUDA A DOMICILIO - AFARABA<\/title>\n<meta name=\"robots\" content=\"index, follow, max-snippet:-1, max-image-preview:large, max-video-preview:-1\" \/>\n<link rel=\"canonical\" href=\"http:\/\/www.afaraba.org\/blog\/index.php\/2022\/05\/19\/servicio-de-ayuda-a-domicilio\/\" \/>\n<meta property=\"og:locale\" content=\"es_ES\" \/>\n<meta property=\"og:type\" content=\"article\" \/>\n<meta property=\"og:title\" content=\"SERVICIO DE AYUDA A DOMICILIO - AFARABA\" \/>\n<meta property=\"og:description\" content=\"El jueves 19 de mayo, dos de nuestras Trabajadoras Sociales, Lara Huertas e Iosune L\u00f3pez de Goicoechea , tuvieron el placer de dar una charla informativa sobre la Asociaci\u00f3n, quienes somos y qu\u00e9 hacemos, al nuevo equipo profesional encargado de gestionar y coordinar el Servicio de Ayuda a Domicilio del Ayuntamiento de Vitoria-Gasteiz. Equipo formado &hellip; Continuar leyendo &quot;SERVICIO DE AYUDA A DOMICILIO&quot;\" \/>\n<meta property=\"og:url\" content=\"http:\/\/www.afaraba.org\/blog\/index.php\/2022\/05\/19\/servicio-de-ayuda-a-domicilio\/\" \/>\n<meta property=\"og:site_name\" content=\"AFARABA\" \/>\n<meta property=\"article:published_time\" content=\"2022-05-19T13:47:00+00:00\" \/>\n<meta property=\"article:modified_time\" content=\"2022-05-24T13:53:46+00:00\" \/>\n<meta property=\"og:image\" content=\"https:\/\/www.afaraba.org\/blog\/wp-content\/uploads\/2022\/05\/Sin-titulo-1024x844.jpg\" \/>\n<meta name=\"author\" content=\"admin\" \/>\n<meta name=\"twitter:card\" content=\"summary_large_image\" \/>\n<meta name=\"twitter:label1\" content=\"Escrito por\" \/>\n\t<meta name=\"twitter:data1\" content=\"admin\" \/>\n\t<meta name=\"twitter:label2\" content=\"Tiempo de lectura\" \/>\n\t<meta name=\"twitter:data2\" content=\"1 minuto\" \/>\n<script type=\"application\/ld+json\" class=\"yoast-schema-graph\">{\"@context\":\"https:\/\/schema.org\",\"@graph\":[{\"@type\":\"Article\",\"@id\":\"http:\/\/www.afaraba.org\/blog\/index.php\/2022\/05\/19\/servicio-de-ayuda-a-domicilio\/#article\",\"isPartOf\":{\"@id\":\"http:\/\/www.afaraba.org\/blog\/index.php\/2022\/05\/19\/servicio-de-ayuda-a-domicilio\/\"},\"author\":{\"name\":\"admin\",\"@id\":\"https:\/\/www.afaraba.org\/blog\/#\/schema\/person\/4a0ab48b67420072f420109f30843c71\"},\"headline\":\"SERVICIO DE AYUDA A DOMICILIO\",\"datePublished\":\"2022-05-19T13:47:00+00:00\",\"dateModified\":\"2022-05-24T13:53:46+00:00\",\"mainEntityOfPage\":{\"@id\":\"http:\/\/www.afaraba.org\/blog\/index.php\/2022\/05\/19\/servicio-de-ayuda-a-domicilio\/\"},\"wordCount\":132,\"commentCount\":0,\"publisher\":{\"@id\":\"https:\/\/www.afaraba.org\/blog\/#organization\"},\"keywords\":[\"afaraba\",\"AYUDA A DOMICILIO\",\"AYUNTAMIENTO VITORIA GASTEIZ\",\"INFORMACION\"],\"articleSection\":[\"COLABORACI\u00d3N\"],\"inLanguage\":\"es\",\"potentialAction\":[{\"@type\":\"CommentAction\",\"name\":\"Comment\",\"target\":[\"http:\/\/www.afaraba.org\/blog\/index.php\/2022\/05\/19\/servicio-de-ayuda-a-domicilio\/#respond\"]}]},{\"@type\":\"WebPage\",\"@id\":\"http:\/\/www.afaraba.org\/blog\/index.php\/2022\/05\/19\/servicio-de-ayuda-a-domicilio\/\",\"url\":\"http:\/\/www.afaraba.org\/blog\/index.php\/2022\/05\/19\/servicio-de-ayuda-a-domicilio\/\",\"name\":\"SERVICIO DE AYUDA A DOMICILIO - AFARABA\",\"isPartOf\":{\"@id\":\"https:\/\/www.afaraba.org\/blog\/#website\"},\"datePublished\":\"2022-05-19T13:47:00+00:00\",\"dateModified\":\"2022-05-24T13:53:46+00:00\",\"breadcrumb\":{\"@id\":\"http:\/\/www.afaraba.org\/blog\/index.php\/2022\/05\/19\/servicio-de-ayuda-a-domicilio\/#breadcrumb\"},\"inLanguage\":\"es\",\"potentialAction\":[{\"@type\":\"ReadAction\",\"target\":[\"http:\/\/www.afaraba.org\/blog\/index.php\/2022\/05\/19\/servicio-de-ayuda-a-domicilio\/\"]}]},{\"@type\":\"BreadcrumbList\",\"@id\":\"http:\/\/www.afaraba.org\/blog\/index.php\/2022\/05\/19\/servicio-de-ayuda-a-domicilio\/#breadcrumb\",\"itemListElement\":[{\"@type\":\"ListItem\",\"position\":1,\"name\":\"Portada\",\"item\":\"https:\/\/www.afaraba.org\/blog\/\"},{\"@type\":\"ListItem\",\"position\":2,\"name\":\"SERVICIO DE AYUDA A DOMICILIO\"}]},{\"@type\":\"WebSite\",\"@id\":\"https:\/\/www.afaraba.org\/blog\/#website\",\"url\":\"https:\/\/www.afaraba.org\/blog\/\",\"name\":\"AFARABA\",\"description\":\"BLOG AFARABA\",\"publisher\":{\"@id\":\"https:\/\/www.afaraba.org\/blog\/#organization\"},\"potentialAction\":[{\"@type\":\"SearchAction\",\"target\":{\"@type\":\"EntryPoint\",\"urlTemplate\":\"https:\/\/www.afaraba.org\/blog\/?s={search_term_string}\"},\"query-input\":\"required name=search_term_string\"}],\"inLanguage\":\"es\"},{\"@type\":\"Organization\",\"@id\":\"https:\/\/www.afaraba.org\/blog\/#organization\",\"name\":\"AFARABA\",\"url\":\"https:\/\/www.afaraba.org\/blog\/\",\"logo\":{\"@type\":\"ImageObject\",\"inLanguage\":\"es\",\"@id\":\"https:\/\/www.afaraba.org\/blog\/#\/schema\/logo\/image\/\",\"url\":\"http:\/\/www.afaraba.org\/blog\/wp-content\/uploads\/2020\/11\/cropped-AFA_HC-BLOG2.jpg\",\"contentUrl\":\"http:\/\/www.afaraba.org\/blog\/wp-content\/uploads\/2020\/11\/cropped-AFA_HC-BLOG2.jpg\",\"width\":240,\"height\":89,\"caption\":\"AFARABA\"},\"image\":{\"@id\":\"https:\/\/www.afaraba.org\/blog\/#\/schema\/logo\/image\/\"}},{\"@type\":\"Person\",\"@id\":\"https:\/\/www.afaraba.org\/blog\/#\/schema\/person\/4a0ab48b67420072f420109f30843c71\",\"name\":\"admin\",\"image\":{\"@type\":\"ImageObject\",\"inLanguage\":\"es\",\"@id\":\"https:\/\/www.afaraba.org\/blog\/#\/schema\/person\/image\/\",\"url\":\"http:\/\/0.gravatar.com\/avatar\/c2318eff2fb6ce04ef6dca732184cc5b?s=96&d=mm&r=g\",\"contentUrl\":\"http:\/\/0.gravatar.com\/avatar\/c2318eff2fb6ce04ef6dca732184cc5b?s=96&d=mm&r=g\",\"caption\":\"admin\"},\"url\":\"http:\/\/www.afaraba.org\/blog\/index.php\/author\/admin\/\"}]}<\/script>\n<!-- \/ Yoast SEO plugin. -->","yoast_head_json":{"title":"SERVICIO DE AYUDA A DOMICILIO - AFARABA","robots":{"index":"index","follow":"follow","max-snippet":"max-snippet:-1","max-image-preview":"max-image-preview:large","max-video-preview":"max-video-preview:-1"},"canonical":"http:\/\/www.afaraba.org\/blog\/index.php\/2022\/05\/19\/servicio-de-ayuda-a-domicilio\/","og_locale":"es_ES","og_type":"article","og_title":"SERVICIO DE AYUDA A DOMICILIO - AFARABA","og_description":"El jueves 19 de mayo, dos de nuestras Trabajadoras Sociales, Lara Huertas e Iosune L\u00f3pez de Goicoechea , tuvieron el placer de dar una charla informativa sobre la Asociaci\u00f3n, quienes somos y qu\u00e9 hacemos, al nuevo equipo profesional encargado de gestionar y coordinar el Servicio de Ayuda a Domicilio del Ayuntamiento de Vitoria-Gasteiz. Equipo formado &hellip; Continuar leyendo \"SERVICIO DE AYUDA A DOMICILIO\"","og_url":"http:\/\/www.afaraba.org\/blog\/index.php\/2022\/05\/19\/servicio-de-ayuda-a-domicilio\/","og_site_name":"AFARABA","article_published_time":"2022-05-19T13:47:00+00:00","article_modified_time":"2022-05-24T13:53:46+00:00","og_image":[{"url":"https:\/\/www.afaraba.org\/blog\/wp-content\/uploads\/2022\/05\/Sin-titulo-1024x844.jpg"}],"author":"admin","twitter_card":"summary_large_image","twitter_misc":{"Escrito por":"admin","Tiempo de lectura":"1 minuto"},"schema":{"@context":"https:\/\/schema.org","@graph":[{"@type":"Article","@id":"http:\/\/www.afaraba.org\/blog\/index.php\/2022\/05\/19\/servicio-de-ayuda-a-domicilio\/#article","isPartOf":{"@id":"http:\/\/www.afaraba.org\/blog\/index.php\/2022\/05\/19\/servicio-de-ayuda-a-domicilio\/"},"author":{"name":"admin","@id":"https:\/\/www.afaraba.org\/blog\/#\/schema\/person\/4a0ab48b67420072f420109f30843c71"},"headline":"SERVICIO DE AYUDA A DOMICILIO","datePublished":"2022-05-19T13:47:00+00:00","dateModified":"2022-05-24T13:53:46+00:00","mainEntityOfPage":{"@id":"http:\/\/www.afaraba.org\/blog\/index.php\/2022\/05\/19\/servicio-de-ayuda-a-domicilio\/"},"wordCount":132,"commentCount":0,"publisher":{"@id":"https:\/\/www.afaraba.org\/blog\/#organization"},"keywords":["afaraba","AYUDA A DOMICILIO","AYUNTAMIENTO VITORIA GASTEIZ","INFORMACION"],"articleSection":["COLABORACI\u00d3N"],"inLanguage":"es","potentialAction":[{"@type":"CommentAction","name":"Comment","target":["http:\/\/www.afaraba.org\/blog\/index.php\/2022\/05\/19\/servicio-de-ayuda-a-domicilio\/#respond"]}]},{"@type":"WebPage","@id":"http:\/\/www.afaraba.org\/blog\/index.php\/2022\/05\/19\/servicio-de-ayuda-a-domicilio\/","url":"http:\/\/www.afaraba.org\/blog\/index.php\/2022\/05\/19\/servicio-de-ayuda-a-domicilio\/","name":"SERVICIO DE AYUDA A DOMICILIO - AFARABA","isPartOf":{"@id":"https:\/\/www.afaraba.org\/blog\/#website"},"datePublished":"2022-05-19T13:47:00+00:00","dateModified":"2022-05-24T13:53:46+00:00","breadcrumb":{"@id":"http:\/\/www.afaraba.org\/blog\/index.php\/2022\/05\/19\/servicio-de-ayuda-a-domicilio\/#breadcrumb"},"inLanguage":"es","potentialAction":[{"@type":"ReadAction","target":["http:\/\/www.afaraba.org\/blog\/index.php\/2022\/05\/19\/servicio-de-ayuda-a-domicilio\/"]}]},{"@type":"BreadcrumbList","@id":"http:\/\/www.afaraba.org\/blog\/index.php\/2022\/05\/19\/servicio-de-ayuda-a-domicilio\/#breadcrumb","itemListElement":[{"@type":"ListItem","position":1,"name":"Portada","item":"https:\/\/www.afaraba.org\/blog\/"},{"@type":"ListItem","position":2,"name":"SERVICIO DE AYUDA A DOMICILIO"}]},{"@type":"WebSite","@id":"https:\/\/www.afaraba.org\/blog\/#website","url":"https:\/\/www.afaraba.org\/blog\/","name":"AFARABA","description":"BLOG AFARABA","publisher":{"@id":"https:\/\/www.afaraba.org\/blog\/#organization"},"potentialAction":[{"@type":"SearchAction","target":{"@type":"EntryPoint","urlTemplate":"https:\/\/www.afaraba.org\/blog\/?s={search_term_string}"},"query-input":"required name=search_term_string"}],"inLanguage":"es"},{"@type":"Organization","@id":"https:\/\/www.afaraba.org\/blog\/#organization","name":"AFARABA","url":"https:\/\/www.afaraba.org\/blog\/","logo":{"@type":"ImageObject","inLanguage":"es","@id":"https:\/\/www.afaraba.org\/blog\/#\/schema\/logo\/image\/","url":"http:\/\/www.afaraba.org\/blog\/wp-content\/uploads\/2020\/11\/cropped-AFA_HC-BLOG2.jpg","contentUrl":"http:\/\/www.afaraba.org\/blog\/wp-content\/uploads\/2020\/11\/cropped-AFA_HC-BLOG2.jpg","width":240,"height":89,"caption":"AFARABA"},"image":{"@id":"https:\/\/www.afaraba.org\/blog\/#\/schema\/logo\/image\/"}},{"@type":"Person","@id":"https:\/\/www.afaraba.org\/blog\/#\/schema\/person\/4a0ab48b67420072f420109f30843c71","name":"admin","image":{"@type":"ImageObject","inLanguage":"es","@id":"https:\/\/www.afaraba.org\/blog\/#\/schema\/person\/image\/","url":"http:\/\/0.gravatar.com\/avatar\/c2318eff2fb6ce04ef6dca732184cc5b?s=96&d=mm&r=g","contentUrl":"http:\/\/0.gravatar.com\/avatar\/c2318eff2fb6ce04ef6dca732184cc5b?s=96&d=mm&r=g","caption":"admin"},"url":"http:\/\/www.afaraba.org\/blog\/index.php\/author\/admin\/"}]}},"_links":{"self":[{"href":"http:\/\/www.afaraba.org\/blog\/index.php\/wp-json\/wp\/v2\/posts\/728"}],"collection":[{"href":"http:\/\/www.afaraba.org\/blog\/index.php\/wp-json\/wp\/v2\/posts"}],"about":[{"href":"http:\/\/www.afaraba.org\/blog\/index.php\/wp-json\/wp\/v2\/types\/post"}],"author":[{"embeddable":true,"href":"http:\/\/www.afaraba.org\/blog\/index.php\/wp-json\/wp\/v2\/users\/1"}],"replies":[{"embeddable":true,"href":"http:\/\/www.afaraba.org\/blog\/index.php\/wp-json\/wp\/v2\/comments?post=728"}],"version-history":[{"count":2,"href":"http:\/\/www.afaraba.org\/blog\/index.php\/wp-json\/wp\/v2\/posts\/728\/revisions"}],"predecessor-version":[{"id":732,"href":"http:\/\/www.afaraba.org\/blog\/index.php\/wp-json\/wp\/v2\/posts\/728\/revisions\/732"}],"wp:attachment":[{"href":"http:\/\/www.afaraba.org\/blog\/index.php\/wp-json\/wp\/v2\/media?parent=728"}],"wp:term":[{"taxonomy":"category","embeddable":true,"href":"http:\/\/www.afaraba.org\/blog\/index.php\/wp-json\/wp\/v2\/categories?post=728"},{"taxonomy":"post_tag","embeddable":true,"href":"http:\/\/www.afaraba.org\/blog\/index.php\/wp-json\/wp\/v2\/tags?post=728"}],"curies":[{"name":"wp","href":"https:\/\/api.w.org\/{rel}","templated":true}]}}