{"id":733,"date":"2022-05-19T08:39:00","date_gmt":"2022-05-19T07:39:00","guid":{"rendered":"http:\/\/www.afaraba.org\/blog\/?p=733"},"modified":"2022-05-25T09:25:12","modified_gmt":"2022-05-25T08:25:12","slug":"municipios-activos-con-el-alzheimer-lapuebla-de-la-barca","status":"publish","type":"post","link":"http:\/\/www.afaraba.org\/blog\/index.php\/2022\/05\/19\/municipios-activos-con-el-alzheimer-lapuebla-de-la-barca\/","title":{"rendered":"MUNICIPIOS ACTIVOS CON EL ALZHEIMER LAPUEBLA DE LA BARCA"},"content":{"rendered":"\n<p>El d\u00eda 19 de mayo se llev\u00f3 a cabo una charla divulgativa en la Sala de Conferencias del Ayuntamiento de Lapuebla de Labarca, cerca de treinta personas, vecinos y familiares asistieron a ella.<\/p>\n\n\n\n<p>\u201cENFERMEDAD DE ALZHEIMER Y OTROS TIPOS DE DEMENCIA;<br>SIGNOS, S\u00cdNTOMAS Y ABORDAJE DESDE LA PSICOESTIMULACI\u00d3N\u201d, Zuri\u00f1e Majuelo<br>\u201cIMPACTO DE LA DEMENCIA A NIVEL FAMILIAR\u201d, Paula Casas<\/p>\n\n\n\n<figure class=\"wp-block-image size-large is-resized\"><img loading=\"lazy\" src=\"https:\/\/www.afaraba.org\/blog\/wp-content\/uploads\/2022\/05\/WhatsApp-Image-2022-05-20-at-9.03.20-AM-2-1024x768.jpeg\" alt=\"\" class=\"wp-image-736\" width=\"340\" height=\"254\" srcset=\"http:\/\/www.afaraba.org\/blog\/wp-content\/uploads\/2022\/05\/WhatsApp-Image-2022-05-20-at-9.03.20-AM-2-1024x768.jpeg 1024w, http:\/\/www.afaraba.org\/blog\/wp-content\/uploads\/2022\/05\/WhatsApp-Image-2022-05-20-at-9.03.20-AM-2-300x225.jpeg 300w, http:\/\/www.afaraba.org\/blog\/wp-content\/uploads\/2022\/05\/WhatsApp-Image-2022-05-20-at-9.03.20-AM-2-768x576.jpeg 768w, http:\/\/www.afaraba.org\/blog\/wp-content\/uploads\/2022\/05\/WhatsApp-Image-2022-05-20-at-9.03.20-AM-2-1536x1152.jpeg 1536w, http:\/\/www.afaraba.org\/blog\/wp-content\/uploads\/2022\/05\/WhatsApp-Image-2022-05-20-at-9.03.20-AM-2-1200x900.jpeg 1200w, http:\/\/www.afaraba.org\/blog\/wp-content\/uploads\/2022\/05\/WhatsApp-Image-2022-05-20-at-9.03.20-AM-2.jpeg 2048w\" sizes=\"(max-width: 340px) 85vw, 340px\" \/><\/figure>\n\n\n\n<p>En ella se abordaron diferentes temas, tales como; Sintomatolog\u00eda de los diferentes tipos de demencia, posibles trastornos conductuales que pudieran aparecer, la comunicaci\u00f3n con la persona con demencia y diferenciaci\u00f3n entre el olvido benigno vs demencia, entre otros.<\/p>\n\n\n\n<figure class=\"wp-block-image size-large is-resized\"><img loading=\"lazy\" src=\"https:\/\/www.afaraba.org\/blog\/wp-content\/uploads\/2022\/05\/WhatsApp-Image-2022-05-20-at-9.03.20-AM-1024x768.jpeg\" alt=\"\" class=\"wp-image-735\" width=\"474\" height=\"355\" srcset=\"http:\/\/www.afaraba.org\/blog\/wp-content\/uploads\/2022\/05\/WhatsApp-Image-2022-05-20-at-9.03.20-AM-1024x768.jpeg 1024w, http:\/\/www.afaraba.org\/blog\/wp-content\/uploads\/2022\/05\/WhatsApp-Image-2022-05-20-at-9.03.20-AM-300x225.jpeg 300w, http:\/\/www.afaraba.org\/blog\/wp-content\/uploads\/2022\/05\/WhatsApp-Image-2022-05-20-at-9.03.20-AM-768x576.jpeg 768w, http:\/\/www.afaraba.org\/blog\/wp-content\/uploads\/2022\/05\/WhatsApp-Image-2022-05-20-at-9.03.20-AM-1536x1152.jpeg 1536w, http:\/\/www.afaraba.org\/blog\/wp-content\/uploads\/2022\/05\/WhatsApp-Image-2022-05-20-at-9.03.20-AM-1200x900.jpeg 1200w, http:\/\/www.afaraba.org\/blog\/wp-content\/uploads\/2022\/05\/WhatsApp-Image-2022-05-20-at-9.03.20-AM.jpeg 2048w\" sizes=\"(max-width: 474px) 85vw, 474px\" \/><\/figure>\n\n\n\n<p><br>Alrededor de 30 personas acudieron a las que se les inform\u00f3 de los nuevos programas que se est\u00e1n llevando a cabo en el medio rural alav\u00e9s.<\/p>\n\n\n\n<p>Damos las gracias de forma especial a Maite C\u00f3rdoba Fern\u00e1ndez, alcaldesa de Lapuebla de Labarca, por sus atenciones y gran inter\u00e9s.<\/p>\n\n\n\n<figure class=\"wp-block-image size-large is-resized\"><img loading=\"lazy\" src=\"http:\/\/www.afaraba.org\/blog\/wp-content\/uploads\/2022\/05\/fundacion-vital-2.jpg\" alt=\"\" class=\"wp-image-719\" width=\"252\" height=\"115\" srcset=\"http:\/\/www.afaraba.org\/blog\/wp-content\/uploads\/2022\/05\/fundacion-vital-2.jpg 424w, http:\/\/www.afaraba.org\/blog\/wp-content\/uploads\/2022\/05\/fundacion-vital-2-300x137.jpg 300w\" sizes=\"(max-width: 252px) 85vw, 252px\" \/><figcaption>En colaboraci\u00f3n<\/figcaption><\/figure>\n","protected":false},"excerpt":{"rendered":"<p>El d\u00eda 19 de mayo se llev\u00f3 a cabo una charla divulgativa en la Sala de Conferencias del Ayuntamiento de Lapuebla de Labarca, cerca de treinta personas, vecinos y familiares asistieron a ella. \u201cENFERMEDAD DE ALZHEIMER Y OTROS TIPOS DE DEMENCIA;SIGNOS, S\u00cdNTOMAS Y ABORDAJE DESDE LA PSICOESTIMULACI\u00d3N\u201d, Zuri\u00f1e Majuelo\u201cIMPACTO DE LA DEMENCIA A NIVEL FAMILIAR\u201d, &hellip; <a href=\"http:\/\/www.afaraba.org\/blog\/index.php\/2022\/05\/19\/municipios-activos-con-el-alzheimer-lapuebla-de-la-barca\/\" class=\"more-link\">Continuar leyendo<span class=\"screen-reader-text\"> \u00abMUNICIPIOS ACTIVOS CON EL ALZHEIMER LAPUEBLA DE LA BARCA\u00bb<\/span><\/a><\/p>\n","protected":false},"author":1,"featured_media":0,"comment_status":"open","ping_status":"open","sticky":false,"template":"","format":"standard","meta":{"om_disable_all_campaigns":false,"_monsterinsights_skip_tracking":false,"_monsterinsights_sitenote_active":false,"_monsterinsights_sitenote_note":"","_monsterinsights_sitenote_category":0,"_uf_show_specific_survey":0,"_uf_disable_surveys":false},"categories":[1],"tags":[],"aioseo_notices":[],"yoast_head":"<!-- This site is optimized with the Yoast SEO plugin v20.4 - https:\/\/yoast.com\/wordpress\/plugins\/seo\/ -->\n<title>MUNICIPIOS ACTIVOS CON EL ALZHEIMER LAPUEBLA DE LA BARCA - AFARABA<\/title>\n<meta name=\"robots\" content=\"index, follow, max-snippet:-1, max-image-preview:large, max-video-preview:-1\" \/>\n<link rel=\"canonical\" href=\"http:\/\/www.afaraba.org\/blog\/index.php\/2022\/05\/19\/municipios-activos-con-el-alzheimer-lapuebla-de-la-barca\/\" \/>\n<meta property=\"og:locale\" content=\"es_ES\" \/>\n<meta property=\"og:type\" content=\"article\" \/>\n<meta property=\"og:title\" content=\"MUNICIPIOS ACTIVOS CON EL ALZHEIMER LAPUEBLA DE LA BARCA - AFARABA\" \/>\n<meta property=\"og:description\" content=\"El d\u00eda 19 de mayo se llev\u00f3 a cabo una charla divulgativa en la Sala de Conferencias del Ayuntamiento de Lapuebla de Labarca, cerca de treinta personas, vecinos y familiares asistieron a ella. \u201cENFERMEDAD DE ALZHEIMER Y OTROS TIPOS DE DEMENCIA;SIGNOS, S\u00cdNTOMAS Y ABORDAJE DESDE LA PSICOESTIMULACI\u00d3N\u201d, Zuri\u00f1e Majuelo\u201cIMPACTO DE LA DEMENCIA A NIVEL FAMILIAR\u201d, &hellip; Continuar leyendo &quot;MUNICIPIOS ACTIVOS CON EL ALZHEIMER LAPUEBLA DE LA BARCA&quot;\" \/>\n<meta property=\"og:url\" content=\"http:\/\/www.afaraba.org\/blog\/index.php\/2022\/05\/19\/municipios-activos-con-el-alzheimer-lapuebla-de-la-barca\/\" \/>\n<meta property=\"og:site_name\" content=\"AFARABA\" \/>\n<meta property=\"article:published_time\" content=\"2022-05-19T07:39:00+00:00\" \/>\n<meta property=\"article:modified_time\" content=\"2022-05-25T08:25:12+00:00\" \/>\n<meta property=\"og:image\" content=\"https:\/\/www.afaraba.org\/blog\/wp-content\/uploads\/2022\/05\/WhatsApp-Image-2022-05-20-at-9.03.20-AM-2-1024x768.jpeg\" \/>\n<meta name=\"author\" content=\"admin\" \/>\n<meta name=\"twitter:card\" content=\"summary_large_image\" \/>\n<meta name=\"twitter:label1\" content=\"Escrito por\" \/>\n\t<meta name=\"twitter:data1\" content=\"admin\" \/>\n\t<meta name=\"twitter:label2\" content=\"Tiempo de lectura\" \/>\n\t<meta name=\"twitter:data2\" content=\"2 minutos\" \/>\n<script type=\"application\/ld+json\" class=\"yoast-schema-graph\">{\"@context\":\"https:\/\/schema.org\",\"@graph\":[{\"@type\":\"Article\",\"@id\":\"http:\/\/www.afaraba.org\/blog\/index.php\/2022\/05\/19\/municipios-activos-con-el-alzheimer-lapuebla-de-la-barca\/#article\",\"isPartOf\":{\"@id\":\"http:\/\/www.afaraba.org\/blog\/index.php\/2022\/05\/19\/municipios-activos-con-el-alzheimer-lapuebla-de-la-barca\/\"},\"author\":{\"name\":\"admin\",\"@id\":\"https:\/\/www.afaraba.org\/blog\/#\/schema\/person\/4a0ab48b67420072f420109f30843c71\"},\"headline\":\"MUNICIPIOS ACTIVOS CON EL ALZHEIMER LAPUEBLA DE LA BARCA\",\"datePublished\":\"2022-05-19T07:39:00+00:00\",\"dateModified\":\"2022-05-25T08:25:12+00:00\",\"mainEntityOfPage\":{\"@id\":\"http:\/\/www.afaraba.org\/blog\/index.php\/2022\/05\/19\/municipios-activos-con-el-alzheimer-lapuebla-de-la-barca\/\"},\"wordCount\":166,\"commentCount\":0,\"publisher\":{\"@id\":\"https:\/\/www.afaraba.org\/blog\/#organization\"},\"articleSection\":[\"DIVULGACI\u00d3N\"],\"inLanguage\":\"es\",\"potentialAction\":[{\"@type\":\"CommentAction\",\"name\":\"Comment\",\"target\":[\"http:\/\/www.afaraba.org\/blog\/index.php\/2022\/05\/19\/municipios-activos-con-el-alzheimer-lapuebla-de-la-barca\/#respond\"]}]},{\"@type\":\"WebPage\",\"@id\":\"http:\/\/www.afaraba.org\/blog\/index.php\/2022\/05\/19\/municipios-activos-con-el-alzheimer-lapuebla-de-la-barca\/\",\"url\":\"http:\/\/www.afaraba.org\/blog\/index.php\/2022\/05\/19\/municipios-activos-con-el-alzheimer-lapuebla-de-la-barca\/\",\"name\":\"MUNICIPIOS ACTIVOS CON EL ALZHEIMER LAPUEBLA DE LA BARCA - AFARABA\",\"isPartOf\":{\"@id\":\"https:\/\/www.afaraba.org\/blog\/#website\"},\"datePublished\":\"2022-05-19T07:39:00+00:00\",\"dateModified\":\"2022-05-25T08:25:12+00:00\",\"breadcrumb\":{\"@id\":\"http:\/\/www.afaraba.org\/blog\/index.php\/2022\/05\/19\/municipios-activos-con-el-alzheimer-lapuebla-de-la-barca\/#breadcrumb\"},\"inLanguage\":\"es\",\"potentialAction\":[{\"@type\":\"ReadAction\",\"target\":[\"http:\/\/www.afaraba.org\/blog\/index.php\/2022\/05\/19\/municipios-activos-con-el-alzheimer-lapuebla-de-la-barca\/\"]}]},{\"@type\":\"BreadcrumbList\",\"@id\":\"http:\/\/www.afaraba.org\/blog\/index.php\/2022\/05\/19\/municipios-activos-con-el-alzheimer-lapuebla-de-la-barca\/#breadcrumb\",\"itemListElement\":[{\"@type\":\"ListItem\",\"position\":1,\"name\":\"Portada\",\"item\":\"https:\/\/www.afaraba.org\/blog\/\"},{\"@type\":\"ListItem\",\"position\":2,\"name\":\"MUNICIPIOS ACTIVOS CON EL ALZHEIMER LAPUEBLA DE LA BARCA\"}]},{\"@type\":\"WebSite\",\"@id\":\"https:\/\/www.afaraba.org\/blog\/#website\",\"url\":\"https:\/\/www.afaraba.org\/blog\/\",\"name\":\"AFARABA\",\"description\":\"BLOG AFARABA\",\"publisher\":{\"@id\":\"https:\/\/www.afaraba.org\/blog\/#organization\"},\"potentialAction\":[{\"@type\":\"SearchAction\",\"target\":{\"@type\":\"EntryPoint\",\"urlTemplate\":\"https:\/\/www.afaraba.org\/blog\/?s={search_term_string}\"},\"query-input\":\"required name=search_term_string\"}],\"inLanguage\":\"es\"},{\"@type\":\"Organization\",\"@id\":\"https:\/\/www.afaraba.org\/blog\/#organization\",\"name\":\"AFARABA\",\"url\":\"https:\/\/www.afaraba.org\/blog\/\",\"logo\":{\"@type\":\"ImageObject\",\"inLanguage\":\"es\",\"@id\":\"https:\/\/www.afaraba.org\/blog\/#\/schema\/logo\/image\/\",\"url\":\"http:\/\/www.afaraba.org\/blog\/wp-content\/uploads\/2020\/11\/cropped-AFA_HC-BLOG2.jpg\",\"contentUrl\":\"http:\/\/www.afaraba.org\/blog\/wp-content\/uploads\/2020\/11\/cropped-AFA_HC-BLOG2.jpg\",\"width\":240,\"height\":89,\"caption\":\"AFARABA\"},\"image\":{\"@id\":\"https:\/\/www.afaraba.org\/blog\/#\/schema\/logo\/image\/\"}},{\"@type\":\"Person\",\"@id\":\"https:\/\/www.afaraba.org\/blog\/#\/schema\/person\/4a0ab48b67420072f420109f30843c71\",\"name\":\"admin\",\"image\":{\"@type\":\"ImageObject\",\"inLanguage\":\"es\",\"@id\":\"https:\/\/www.afaraba.org\/blog\/#\/schema\/person\/image\/\",\"url\":\"http:\/\/0.gravatar.com\/avatar\/c2318eff2fb6ce04ef6dca732184cc5b?s=96&d=mm&r=g\",\"contentUrl\":\"http:\/\/0.gravatar.com\/avatar\/c2318eff2fb6ce04ef6dca732184cc5b?s=96&d=mm&r=g\",\"caption\":\"admin\"},\"url\":\"http:\/\/www.afaraba.org\/blog\/index.php\/author\/admin\/\"}]}<\/script>\n<!-- \/ Yoast SEO plugin. -->","yoast_head_json":{"title":"MUNICIPIOS ACTIVOS CON EL ALZHEIMER LAPUEBLA DE LA BARCA - AFARABA","robots":{"index":"index","follow":"follow","max-snippet":"max-snippet:-1","max-image-preview":"max-image-preview:large","max-video-preview":"max-video-preview:-1"},"canonical":"http:\/\/www.afaraba.org\/blog\/index.php\/2022\/05\/19\/municipios-activos-con-el-alzheimer-lapuebla-de-la-barca\/","og_locale":"es_ES","og_type":"article","og_title":"MUNICIPIOS ACTIVOS CON EL ALZHEIMER LAPUEBLA DE LA BARCA - AFARABA","og_description":"El d\u00eda 19 de mayo se llev\u00f3 a cabo una charla divulgativa en la Sala de Conferencias del Ayuntamiento de Lapuebla de Labarca, cerca de treinta personas, vecinos y familiares asistieron a ella. \u201cENFERMEDAD DE ALZHEIMER Y OTROS TIPOS DE DEMENCIA;SIGNOS, S\u00cdNTOMAS Y ABORDAJE DESDE LA PSICOESTIMULACI\u00d3N\u201d, Zuri\u00f1e Majuelo\u201cIMPACTO DE LA DEMENCIA A NIVEL FAMILIAR\u201d, &hellip; Continuar leyendo \"MUNICIPIOS ACTIVOS CON EL ALZHEIMER LAPUEBLA DE LA BARCA\"","og_url":"http:\/\/www.afaraba.org\/blog\/index.php\/2022\/05\/19\/municipios-activos-con-el-alzheimer-lapuebla-de-la-barca\/","og_site_name":"AFARABA","article_published_time":"2022-05-19T07:39:00+00:00","article_modified_time":"2022-05-25T08:25:12+00:00","og_image":[{"url":"https:\/\/www.afaraba.org\/blog\/wp-content\/uploads\/2022\/05\/WhatsApp-Image-2022-05-20-at-9.03.20-AM-2-1024x768.jpeg"}],"author":"admin","twitter_card":"summary_large_image","twitter_misc":{"Escrito por":"admin","Tiempo de lectura":"2 minutos"},"schema":{"@context":"https:\/\/schema.org","@graph":[{"@type":"Article","@id":"http:\/\/www.afaraba.org\/blog\/index.php\/2022\/05\/19\/municipios-activos-con-el-alzheimer-lapuebla-de-la-barca\/#article","isPartOf":{"@id":"http:\/\/www.afaraba.org\/blog\/index.php\/2022\/05\/19\/municipios-activos-con-el-alzheimer-lapuebla-de-la-barca\/"},"author":{"name":"admin","@id":"https:\/\/www.afaraba.org\/blog\/#\/schema\/person\/4a0ab48b67420072f420109f30843c71"},"headline":"MUNICIPIOS ACTIVOS CON EL ALZHEIMER LAPUEBLA DE LA BARCA","datePublished":"2022-05-19T07:39:00+00:00","dateModified":"2022-05-25T08:25:12+00:00","mainEntityOfPage":{"@id":"http:\/\/www.afaraba.org\/blog\/index.php\/2022\/05\/19\/municipios-activos-con-el-alzheimer-lapuebla-de-la-barca\/"},"wordCount":166,"commentCount":0,"publisher":{"@id":"https:\/\/www.afaraba.org\/blog\/#organization"},"articleSection":["DIVULGACI\u00d3N"],"inLanguage":"es","potentialAction":[{"@type":"CommentAction","name":"Comment","target":["http:\/\/www.afaraba.org\/blog\/index.php\/2022\/05\/19\/municipios-activos-con-el-alzheimer-lapuebla-de-la-barca\/#respond"]}]},{"@type":"WebPage","@id":"http:\/\/www.afaraba.org\/blog\/index.php\/2022\/05\/19\/municipios-activos-con-el-alzheimer-lapuebla-de-la-barca\/","url":"http:\/\/www.afaraba.org\/blog\/index.php\/2022\/05\/19\/municipios-activos-con-el-alzheimer-lapuebla-de-la-barca\/","name":"MUNICIPIOS ACTIVOS CON EL ALZHEIMER LAPUEBLA DE LA BARCA - AFARABA","isPartOf":{"@id":"https:\/\/www.afaraba.org\/blog\/#website"},"datePublished":"2022-05-19T07:39:00+00:00","dateModified":"2022-05-25T08:25:12+00:00","breadcrumb":{"@id":"http:\/\/www.afaraba.org\/blog\/index.php\/2022\/05\/19\/municipios-activos-con-el-alzheimer-lapuebla-de-la-barca\/#breadcrumb"},"inLanguage":"es","potentialAction":[{"@type":"ReadAction","target":["http:\/\/www.afaraba.org\/blog\/index.php\/2022\/05\/19\/municipios-activos-con-el-alzheimer-lapuebla-de-la-barca\/"]}]},{"@type":"BreadcrumbList","@id":"http:\/\/www.afaraba.org\/blog\/index.php\/2022\/05\/19\/municipios-activos-con-el-alzheimer-lapuebla-de-la-barca\/#breadcrumb","itemListElement":[{"@type":"ListItem","position":1,"name":"Portada","item":"https:\/\/www.afaraba.org\/blog\/"},{"@type":"ListItem","position":2,"name":"MUNICIPIOS ACTIVOS CON EL ALZHEIMER LAPUEBLA DE LA BARCA"}]},{"@type":"WebSite","@id":"https:\/\/www.afaraba.org\/blog\/#website","url":"https:\/\/www.afaraba.org\/blog\/","name":"AFARABA","description":"BLOG AFARABA","publisher":{"@id":"https:\/\/www.afaraba.org\/blog\/#organization"},"potentialAction":[{"@type":"SearchAction","target":{"@type":"EntryPoint","urlTemplate":"https:\/\/www.afaraba.org\/blog\/?s={search_term_string}"},"query-input":"required name=search_term_string"}],"inLanguage":"es"},{"@type":"Organization","@id":"https:\/\/www.afaraba.org\/blog\/#organization","name":"AFARABA","url":"https:\/\/www.afaraba.org\/blog\/","logo":{"@type":"ImageObject","inLanguage":"es","@id":"https:\/\/www.afaraba.org\/blog\/#\/schema\/logo\/image\/","url":"http:\/\/www.afaraba.org\/blog\/wp-content\/uploads\/2020\/11\/cropped-AFA_HC-BLOG2.jpg","contentUrl":"http:\/\/www.afaraba.org\/blog\/wp-content\/uploads\/2020\/11\/cropped-AFA_HC-BLOG2.jpg","width":240,"height":89,"caption":"AFARABA"},"image":{"@id":"https:\/\/www.afaraba.org\/blog\/#\/schema\/logo\/image\/"}},{"@type":"Person","@id":"https:\/\/www.afaraba.org\/blog\/#\/schema\/person\/4a0ab48b67420072f420109f30843c71","name":"admin","image":{"@type":"ImageObject","inLanguage":"es","@id":"https:\/\/www.afaraba.org\/blog\/#\/schema\/person\/image\/","url":"http:\/\/0.gravatar.com\/avatar\/c2318eff2fb6ce04ef6dca732184cc5b?s=96&d=mm&r=g","contentUrl":"http:\/\/0.gravatar.com\/avatar\/c2318eff2fb6ce04ef6dca732184cc5b?s=96&d=mm&r=g","caption":"admin"},"url":"http:\/\/www.afaraba.org\/blog\/index.php\/author\/admin\/"}]}},"_links":{"self":[{"href":"http:\/\/www.afaraba.org\/blog\/index.php\/wp-json\/wp\/v2\/posts\/733"}],"collection":[{"href":"http:\/\/www.afaraba.org\/blog\/index.php\/wp-json\/wp\/v2\/posts"}],"about":[{"href":"http:\/\/www.afaraba.org\/blog\/index.php\/wp-json\/wp\/v2\/types\/post"}],"author":[{"embeddable":true,"href":"http:\/\/www.afaraba.org\/blog\/index.php\/wp-json\/wp\/v2\/users\/1"}],"replies":[{"embeddable":true,"href":"http:\/\/www.afaraba.org\/blog\/index.php\/wp-json\/wp\/v2\/comments?post=733"}],"version-history":[{"count":1,"href":"http:\/\/www.afaraba.org\/blog\/index.php\/wp-json\/wp\/v2\/posts\/733\/revisions"}],"predecessor-version":[{"id":737,"href":"http:\/\/www.afaraba.org\/blog\/index.php\/wp-json\/wp\/v2\/posts\/733\/revisions\/737"}],"wp:attachment":[{"href":"http:\/\/www.afaraba.org\/blog\/index.php\/wp-json\/wp\/v2\/media?parent=733"}],"wp:term":[{"taxonomy":"category","embeddable":true,"href":"http:\/\/www.afaraba.org\/blog\/index.php\/wp-json\/wp\/v2\/categories?post=733"},{"taxonomy":"post_tag","embeddable":true,"href":"http:\/\/www.afaraba.org\/blog\/index.php\/wp-json\/wp\/v2\/tags?post=733"}],"curies":[{"name":"wp","href":"https:\/\/api.w.org\/{rel}","templated":true}]}}