{"id":75,"date":"2019-04-25T10:38:04","date_gmt":"2019-04-25T09:38:04","guid":{"rendered":"http:\/\/www.afaraba.org\/blog\/?p=75"},"modified":"2020-11-20T10:25:57","modified_gmt":"2020-11-20T09:25:57","slug":"ii-edicion-de-la-campana-solidaria-esta-en-tu-mano-de-la-fundacion-michelin","status":"publish","type":"post","link":"http:\/\/www.afaraba.org\/blog\/index.php\/2019\/04\/25\/ii-edicion-de-la-campana-solidaria-esta-en-tu-mano-de-la-fundacion-michelin\/","title":{"rendered":"II EDICION DE LA CAMPA\u00d1A SOLIDARIA \u201d Est\u00e1 en tu mano\u201d de la FUNDACI\u00d3N MICHELIN"},"content":{"rendered":"\n<h3>\u00bfSab\u00edas que 1 de cada 2 personas est\u00e1n tocadas por el Alzheimer? Est\u00e1 en tu mano aportar tu granito de arena, \u00bfnos ayudas?<\/h3>\n\n\n\n<div class=\"wp-block-image\"><figure class=\"alignleft\"><img loading=\"lazy\" width=\"212\" height=\"300\" src=\"http:\/\/www.afaraba.org\/blog\/wp-content\/uploads\/2019\/05\/MAGO-DE-ALZH_mix-212x300-1.jpg\" alt=\"\" class=\"wp-image-80\"\/><\/figure><\/div>\n\n\n\n<p>Unas amigas y colaboradoras han presentado al colectivo Alzheimer Araba como candidato a la campa\u00f1a solidaria de la Fundaci\u00f3n Michelin  \u201cEst\u00e1 en tu mano\u201d.  Si trabajas o has trabajado en Michelin puedes ayudarnos a conseguir 5000\u20ac para nuestro proyecto Necesitamos tu voto es muy sencillo!! <\/p>\n\n\n\n<p>1. Entra con tu usuario  en tu ZONABIB <a href=\"http:\/\/zonabib.michelin.es\/ \"><strong>http:\/\/zonabib.michelin.es\/ <\/strong><\/a><\/p>\n\n\n\n<p>2. En el apartado \u201cNOVEDADES\u201d selecciona la imagen \u201d Est\u00e1 en tu mano \u00a1VOTA!<\/p>\n\n\n\n<div class=\"wp-block-image\"><figure class=\"aligncenter\"><img loading=\"lazy\" width=\"221\" height=\"169\" src=\"http:\/\/www.afaraba.org\/blog\/wp-content\/uploads\/2019\/05\/IMG-20180312-WA0004.jpg\" alt=\"\" class=\"wp-image-84\"\/><\/figure><\/div>\n\n\n\n<p>3. Pincha en el bot\u00f3n  situado al final de la p\u00e1gina \u201cVOTAR\u201d para acceder a todas las candidaturas <\/p>\n\n\n\n<figure class=\"wp-block-image\"><img loading=\"lazy\" width=\"144\" height=\"49\" src=\"http:\/\/www.afaraba.org\/blog\/wp-content\/uploads\/2019\/05\/votar.jpg\" alt=\"\" class=\"wp-image-82\"\/><\/figure>\n\n\n\n<p>4. Busca nuestra candidatura en la p\u00e1gina 6 y accede a la informaci\u00f3n de nuestro proyecto mediante nuestro logo<\/p>\n\n\n\n<div class=\"wp-block-image\"><figure class=\"aligncenter\"><img loading=\"lazy\" width=\"300\" height=\"93\" src=\"http:\/\/www.afaraba.org\/blog\/wp-content\/uploads\/2019\/05\/AFA_HC-300x93.jpg\" alt=\"\" class=\"wp-image-78\"\/><\/figure><\/div>\n\n\n\n<p>5. Y por \u00faltimo haz clic en \u201cVota esta candidatura\u201d <\/p>\n\n\n\n<div class=\"wp-block-image\"><figure class=\"aligncenter\"><img loading=\"lazy\" width=\"300\" height=\"34\" src=\"http:\/\/www.afaraba.org\/blog\/wp-content\/uploads\/2019\/05\/can-300x34.jpg\" alt=\"\" class=\"wp-image-79\"\/><\/figure><\/div>\n\n\n\n<p> Os agradecemos mucho vuestra colaboraci\u00f3n, cada voto cuenta y juntos podremos conseguirlo<\/p>\n\n\n\n<p><\/p>\n","protected":false},"excerpt":{"rendered":"<p>\u00bfSab\u00edas que 1 de cada 2 personas est\u00e1n tocadas por el Alzheimer? Est\u00e1 en tu mano aportar tu granito de arena, \u00bfnos ayudas? Unas amigas y colaboradoras han presentado al colectivo Alzheimer Araba como candidato a la campa\u00f1a solidaria de la Fundaci\u00f3n Michelin \u201cEst\u00e1 en tu mano\u201d. Si trabajas o has trabajado en Michelin puedes &hellip; <a href=\"http:\/\/www.afaraba.org\/blog\/index.php\/2019\/04\/25\/ii-edicion-de-la-campana-solidaria-esta-en-tu-mano-de-la-fundacion-michelin\/\" class=\"more-link\">Continuar leyendo<span class=\"screen-reader-text\"> \u00abII EDICION DE LA CAMPA\u00d1A SOLIDARIA \u201d Est\u00e1 en tu mano\u201d de la FUNDACI\u00d3N MICHELIN\u00bb<\/span><\/a><\/p>\n","protected":false},"author":1,"featured_media":0,"comment_status":"open","ping_status":"open","sticky":false,"template":"","format":"standard","meta":{"om_disable_all_campaigns":false,"_monsterinsights_skip_tracking":false,"_monsterinsights_sitenote_active":false,"_monsterinsights_sitenote_note":"","_monsterinsights_sitenote_category":0,"_uf_show_specific_survey":0,"_uf_disable_surveys":false},"categories":[6],"tags":[8,39,37,38],"aioseo_notices":[],"yoast_head":"<!-- This site is optimized with the Yoast SEO plugin v20.4 - https:\/\/yoast.com\/wordpress\/plugins\/seo\/ -->\n<title>II EDICION DE LA CAMPA\u00d1A SOLIDARIA \u201d Est\u00e1 en tu mano\u201d de la FUNDACI\u00d3N MICHELIN - AFARABA<\/title>\n<meta name=\"robots\" content=\"index, follow, max-snippet:-1, max-image-preview:large, max-video-preview:-1\" \/>\n<link rel=\"canonical\" href=\"http:\/\/www.afaraba.org\/blog\/index.php\/2019\/04\/25\/ii-edicion-de-la-campana-solidaria-esta-en-tu-mano-de-la-fundacion-michelin\/\" \/>\n<meta property=\"og:locale\" content=\"es_ES\" \/>\n<meta property=\"og:type\" content=\"article\" \/>\n<meta property=\"og:title\" content=\"II EDICION DE LA CAMPA\u00d1A SOLIDARIA \u201d Est\u00e1 en tu mano\u201d de la FUNDACI\u00d3N MICHELIN - AFARABA\" \/>\n<meta property=\"og:description\" content=\"\u00bfSab\u00edas que 1 de cada 2 personas est\u00e1n tocadas por el Alzheimer? Est\u00e1 en tu mano aportar tu granito de arena, \u00bfnos ayudas? Unas amigas y colaboradoras han presentado al colectivo Alzheimer Araba como candidato a la campa\u00f1a solidaria de la Fundaci\u00f3n Michelin \u201cEst\u00e1 en tu mano\u201d. Si trabajas o has trabajado en Michelin puedes &hellip; Continuar leyendo &quot;II EDICION DE LA CAMPA\u00d1A SOLIDARIA \u201d Est\u00e1 en tu mano\u201d de la FUNDACI\u00d3N MICHELIN&quot;\" \/>\n<meta property=\"og:url\" content=\"http:\/\/www.afaraba.org\/blog\/index.php\/2019\/04\/25\/ii-edicion-de-la-campana-solidaria-esta-en-tu-mano-de-la-fundacion-michelin\/\" \/>\n<meta property=\"og:site_name\" content=\"AFARABA\" \/>\n<meta property=\"article:published_time\" content=\"2019-04-25T09:38:04+00:00\" \/>\n<meta property=\"article:modified_time\" content=\"2020-11-20T09:25:57+00:00\" \/>\n<meta property=\"og:image\" content=\"http:\/\/www.afaraba.org\/blog\/wp-content\/uploads\/2019\/05\/MAGO-DE-ALZH_mix-212x300-1.jpg\" \/>\n<meta name=\"author\" content=\"admin\" \/>\n<meta name=\"twitter:card\" content=\"summary_large_image\" \/>\n<meta name=\"twitter:label1\" content=\"Escrito por\" \/>\n\t<meta name=\"twitter:data1\" content=\"admin\" \/>\n\t<meta name=\"twitter:label2\" content=\"Tiempo de lectura\" \/>\n\t<meta name=\"twitter:data2\" content=\"1 minuto\" \/>\n<script type=\"application\/ld+json\" class=\"yoast-schema-graph\">{\"@context\":\"https:\/\/schema.org\",\"@graph\":[{\"@type\":\"Article\",\"@id\":\"http:\/\/www.afaraba.org\/blog\/index.php\/2019\/04\/25\/ii-edicion-de-la-campana-solidaria-esta-en-tu-mano-de-la-fundacion-michelin\/#article\",\"isPartOf\":{\"@id\":\"http:\/\/www.afaraba.org\/blog\/index.php\/2019\/04\/25\/ii-edicion-de-la-campana-solidaria-esta-en-tu-mano-de-la-fundacion-michelin\/\"},\"author\":{\"name\":\"admin\",\"@id\":\"https:\/\/www.afaraba.org\/blog\/#\/schema\/person\/4a0ab48b67420072f420109f30843c71\"},\"headline\":\"II EDICION DE LA CAMPA\u00d1A SOLIDARIA \u201d Est\u00e1 en tu mano\u201d de la FUNDACI\u00d3N MICHELIN\",\"datePublished\":\"2019-04-25T09:38:04+00:00\",\"dateModified\":\"2020-11-20T09:25:57+00:00\",\"mainEntityOfPage\":{\"@id\":\"http:\/\/www.afaraba.org\/blog\/index.php\/2019\/04\/25\/ii-edicion-de-la-campana-solidaria-esta-en-tu-mano-de-la-fundacion-michelin\/\"},\"wordCount\":168,\"commentCount\":0,\"publisher\":{\"@id\":\"https:\/\/www.afaraba.org\/blog\/#organization\"},\"keywords\":[\"afaraba\",\"CANDIDATURA\",\"MICHELIN\",\"VOTA\"],\"articleSection\":[\"SOLIDARIOS\"],\"inLanguage\":\"es\",\"potentialAction\":[{\"@type\":\"CommentAction\",\"name\":\"Comment\",\"target\":[\"http:\/\/www.afaraba.org\/blog\/index.php\/2019\/04\/25\/ii-edicion-de-la-campana-solidaria-esta-en-tu-mano-de-la-fundacion-michelin\/#respond\"]}]},{\"@type\":\"WebPage\",\"@id\":\"http:\/\/www.afaraba.org\/blog\/index.php\/2019\/04\/25\/ii-edicion-de-la-campana-solidaria-esta-en-tu-mano-de-la-fundacion-michelin\/\",\"url\":\"http:\/\/www.afaraba.org\/blog\/index.php\/2019\/04\/25\/ii-edicion-de-la-campana-solidaria-esta-en-tu-mano-de-la-fundacion-michelin\/\",\"name\":\"II EDICION DE LA CAMPA\u00d1A SOLIDARIA \u201d Est\u00e1 en tu mano\u201d de la FUNDACI\u00d3N MICHELIN - AFARABA\",\"isPartOf\":{\"@id\":\"https:\/\/www.afaraba.org\/blog\/#website\"},\"datePublished\":\"2019-04-25T09:38:04+00:00\",\"dateModified\":\"2020-11-20T09:25:57+00:00\",\"breadcrumb\":{\"@id\":\"http:\/\/www.afaraba.org\/blog\/index.php\/2019\/04\/25\/ii-edicion-de-la-campana-solidaria-esta-en-tu-mano-de-la-fundacion-michelin\/#breadcrumb\"},\"inLanguage\":\"es\",\"potentialAction\":[{\"@type\":\"ReadAction\",\"target\":[\"http:\/\/www.afaraba.org\/blog\/index.php\/2019\/04\/25\/ii-edicion-de-la-campana-solidaria-esta-en-tu-mano-de-la-fundacion-michelin\/\"]}]},{\"@type\":\"BreadcrumbList\",\"@id\":\"http:\/\/www.afaraba.org\/blog\/index.php\/2019\/04\/25\/ii-edicion-de-la-campana-solidaria-esta-en-tu-mano-de-la-fundacion-michelin\/#breadcrumb\",\"itemListElement\":[{\"@type\":\"ListItem\",\"position\":1,\"name\":\"Portada\",\"item\":\"https:\/\/www.afaraba.org\/blog\/\"},{\"@type\":\"ListItem\",\"position\":2,\"name\":\"II EDICION DE LA CAMPA\u00d1A SOLIDARIA \u201d Est\u00e1 en tu mano\u201d de la FUNDACI\u00d3N MICHELIN\"}]},{\"@type\":\"WebSite\",\"@id\":\"https:\/\/www.afaraba.org\/blog\/#website\",\"url\":\"https:\/\/www.afaraba.org\/blog\/\",\"name\":\"AFARABA\",\"description\":\"BLOG AFARABA\",\"publisher\":{\"@id\":\"https:\/\/www.afaraba.org\/blog\/#organization\"},\"potentialAction\":[{\"@type\":\"SearchAction\",\"target\":{\"@type\":\"EntryPoint\",\"urlTemplate\":\"https:\/\/www.afaraba.org\/blog\/?s={search_term_string}\"},\"query-input\":\"required name=search_term_string\"}],\"inLanguage\":\"es\"},{\"@type\":\"Organization\",\"@id\":\"https:\/\/www.afaraba.org\/blog\/#organization\",\"name\":\"AFARABA\",\"url\":\"https:\/\/www.afaraba.org\/blog\/\",\"logo\":{\"@type\":\"ImageObject\",\"inLanguage\":\"es\",\"@id\":\"https:\/\/www.afaraba.org\/blog\/#\/schema\/logo\/image\/\",\"url\":\"http:\/\/www.afaraba.org\/blog\/wp-content\/uploads\/2020\/11\/cropped-AFA_HC-BLOG2.jpg\",\"contentUrl\":\"http:\/\/www.afaraba.org\/blog\/wp-content\/uploads\/2020\/11\/cropped-AFA_HC-BLOG2.jpg\",\"width\":240,\"height\":89,\"caption\":\"AFARABA\"},\"image\":{\"@id\":\"https:\/\/www.afaraba.org\/blog\/#\/schema\/logo\/image\/\"}},{\"@type\":\"Person\",\"@id\":\"https:\/\/www.afaraba.org\/blog\/#\/schema\/person\/4a0ab48b67420072f420109f30843c71\",\"name\":\"admin\",\"image\":{\"@type\":\"ImageObject\",\"inLanguage\":\"es\",\"@id\":\"https:\/\/www.afaraba.org\/blog\/#\/schema\/person\/image\/\",\"url\":\"http:\/\/0.gravatar.com\/avatar\/c2318eff2fb6ce04ef6dca732184cc5b?s=96&d=mm&r=g\",\"contentUrl\":\"http:\/\/0.gravatar.com\/avatar\/c2318eff2fb6ce04ef6dca732184cc5b?s=96&d=mm&r=g\",\"caption\":\"admin\"},\"url\":\"http:\/\/www.afaraba.org\/blog\/index.php\/author\/admin\/\"}]}<\/script>\n<!-- \/ Yoast SEO plugin. -->","yoast_head_json":{"title":"II EDICION DE LA CAMPA\u00d1A SOLIDARIA \u201d Est\u00e1 en tu mano\u201d de la FUNDACI\u00d3N MICHELIN - AFARABA","robots":{"index":"index","follow":"follow","max-snippet":"max-snippet:-1","max-image-preview":"max-image-preview:large","max-video-preview":"max-video-preview:-1"},"canonical":"http:\/\/www.afaraba.org\/blog\/index.php\/2019\/04\/25\/ii-edicion-de-la-campana-solidaria-esta-en-tu-mano-de-la-fundacion-michelin\/","og_locale":"es_ES","og_type":"article","og_title":"II EDICION DE LA CAMPA\u00d1A SOLIDARIA \u201d Est\u00e1 en tu mano\u201d de la FUNDACI\u00d3N MICHELIN - AFARABA","og_description":"\u00bfSab\u00edas que 1 de cada 2 personas est\u00e1n tocadas por el Alzheimer? Est\u00e1 en tu mano aportar tu granito de arena, \u00bfnos ayudas? Unas amigas y colaboradoras han presentado al colectivo Alzheimer Araba como candidato a la campa\u00f1a solidaria de la Fundaci\u00f3n Michelin \u201cEst\u00e1 en tu mano\u201d. Si trabajas o has trabajado en Michelin puedes &hellip; Continuar leyendo \"II EDICION DE LA CAMPA\u00d1A SOLIDARIA \u201d Est\u00e1 en tu mano\u201d de la FUNDACI\u00d3N MICHELIN\"","og_url":"http:\/\/www.afaraba.org\/blog\/index.php\/2019\/04\/25\/ii-edicion-de-la-campana-solidaria-esta-en-tu-mano-de-la-fundacion-michelin\/","og_site_name":"AFARABA","article_published_time":"2019-04-25T09:38:04+00:00","article_modified_time":"2020-11-20T09:25:57+00:00","og_image":[{"url":"http:\/\/www.afaraba.org\/blog\/wp-content\/uploads\/2019\/05\/MAGO-DE-ALZH_mix-212x300-1.jpg"}],"author":"admin","twitter_card":"summary_large_image","twitter_misc":{"Escrito por":"admin","Tiempo de lectura":"1 minuto"},"schema":{"@context":"https:\/\/schema.org","@graph":[{"@type":"Article","@id":"http:\/\/www.afaraba.org\/blog\/index.php\/2019\/04\/25\/ii-edicion-de-la-campana-solidaria-esta-en-tu-mano-de-la-fundacion-michelin\/#article","isPartOf":{"@id":"http:\/\/www.afaraba.org\/blog\/index.php\/2019\/04\/25\/ii-edicion-de-la-campana-solidaria-esta-en-tu-mano-de-la-fundacion-michelin\/"},"author":{"name":"admin","@id":"https:\/\/www.afaraba.org\/blog\/#\/schema\/person\/4a0ab48b67420072f420109f30843c71"},"headline":"II EDICION DE LA CAMPA\u00d1A SOLIDARIA \u201d Est\u00e1 en tu mano\u201d de la FUNDACI\u00d3N MICHELIN","datePublished":"2019-04-25T09:38:04+00:00","dateModified":"2020-11-20T09:25:57+00:00","mainEntityOfPage":{"@id":"http:\/\/www.afaraba.org\/blog\/index.php\/2019\/04\/25\/ii-edicion-de-la-campana-solidaria-esta-en-tu-mano-de-la-fundacion-michelin\/"},"wordCount":168,"commentCount":0,"publisher":{"@id":"https:\/\/www.afaraba.org\/blog\/#organization"},"keywords":["afaraba","CANDIDATURA","MICHELIN","VOTA"],"articleSection":["SOLIDARIOS"],"inLanguage":"es","potentialAction":[{"@type":"CommentAction","name":"Comment","target":["http:\/\/www.afaraba.org\/blog\/index.php\/2019\/04\/25\/ii-edicion-de-la-campana-solidaria-esta-en-tu-mano-de-la-fundacion-michelin\/#respond"]}]},{"@type":"WebPage","@id":"http:\/\/www.afaraba.org\/blog\/index.php\/2019\/04\/25\/ii-edicion-de-la-campana-solidaria-esta-en-tu-mano-de-la-fundacion-michelin\/","url":"http:\/\/www.afaraba.org\/blog\/index.php\/2019\/04\/25\/ii-edicion-de-la-campana-solidaria-esta-en-tu-mano-de-la-fundacion-michelin\/","name":"II EDICION DE LA CAMPA\u00d1A SOLIDARIA \u201d Est\u00e1 en tu mano\u201d de la FUNDACI\u00d3N MICHELIN - AFARABA","isPartOf":{"@id":"https:\/\/www.afaraba.org\/blog\/#website"},"datePublished":"2019-04-25T09:38:04+00:00","dateModified":"2020-11-20T09:25:57+00:00","breadcrumb":{"@id":"http:\/\/www.afaraba.org\/blog\/index.php\/2019\/04\/25\/ii-edicion-de-la-campana-solidaria-esta-en-tu-mano-de-la-fundacion-michelin\/#breadcrumb"},"inLanguage":"es","potentialAction":[{"@type":"ReadAction","target":["http:\/\/www.afaraba.org\/blog\/index.php\/2019\/04\/25\/ii-edicion-de-la-campana-solidaria-esta-en-tu-mano-de-la-fundacion-michelin\/"]}]},{"@type":"BreadcrumbList","@id":"http:\/\/www.afaraba.org\/blog\/index.php\/2019\/04\/25\/ii-edicion-de-la-campana-solidaria-esta-en-tu-mano-de-la-fundacion-michelin\/#breadcrumb","itemListElement":[{"@type":"ListItem","position":1,"name":"Portada","item":"https:\/\/www.afaraba.org\/blog\/"},{"@type":"ListItem","position":2,"name":"II EDICION DE LA CAMPA\u00d1A SOLIDARIA \u201d Est\u00e1 en tu mano\u201d de la FUNDACI\u00d3N MICHELIN"}]},{"@type":"WebSite","@id":"https:\/\/www.afaraba.org\/blog\/#website","url":"https:\/\/www.afaraba.org\/blog\/","name":"AFARABA","description":"BLOG AFARABA","publisher":{"@id":"https:\/\/www.afaraba.org\/blog\/#organization"},"potentialAction":[{"@type":"SearchAction","target":{"@type":"EntryPoint","urlTemplate":"https:\/\/www.afaraba.org\/blog\/?s={search_term_string}"},"query-input":"required name=search_term_string"}],"inLanguage":"es"},{"@type":"Organization","@id":"https:\/\/www.afaraba.org\/blog\/#organization","name":"AFARABA","url":"https:\/\/www.afaraba.org\/blog\/","logo":{"@type":"ImageObject","inLanguage":"es","@id":"https:\/\/www.afaraba.org\/blog\/#\/schema\/logo\/image\/","url":"http:\/\/www.afaraba.org\/blog\/wp-content\/uploads\/2020\/11\/cropped-AFA_HC-BLOG2.jpg","contentUrl":"http:\/\/www.afaraba.org\/blog\/wp-content\/uploads\/2020\/11\/cropped-AFA_HC-BLOG2.jpg","width":240,"height":89,"caption":"AFARABA"},"image":{"@id":"https:\/\/www.afaraba.org\/blog\/#\/schema\/logo\/image\/"}},{"@type":"Person","@id":"https:\/\/www.afaraba.org\/blog\/#\/schema\/person\/4a0ab48b67420072f420109f30843c71","name":"admin","image":{"@type":"ImageObject","inLanguage":"es","@id":"https:\/\/www.afaraba.org\/blog\/#\/schema\/person\/image\/","url":"http:\/\/0.gravatar.com\/avatar\/c2318eff2fb6ce04ef6dca732184cc5b?s=96&d=mm&r=g","contentUrl":"http:\/\/0.gravatar.com\/avatar\/c2318eff2fb6ce04ef6dca732184cc5b?s=96&d=mm&r=g","caption":"admin"},"url":"http:\/\/www.afaraba.org\/blog\/index.php\/author\/admin\/"}]}},"_links":{"self":[{"href":"http:\/\/www.afaraba.org\/blog\/index.php\/wp-json\/wp\/v2\/posts\/75"}],"collection":[{"href":"http:\/\/www.afaraba.org\/blog\/index.php\/wp-json\/wp\/v2\/posts"}],"about":[{"href":"http:\/\/www.afaraba.org\/blog\/index.php\/wp-json\/wp\/v2\/types\/post"}],"author":[{"embeddable":true,"href":"http:\/\/www.afaraba.org\/blog\/index.php\/wp-json\/wp\/v2\/users\/1"}],"replies":[{"embeddable":true,"href":"http:\/\/www.afaraba.org\/blog\/index.php\/wp-json\/wp\/v2\/comments?post=75"}],"version-history":[{"count":7,"href":"http:\/\/www.afaraba.org\/blog\/index.php\/wp-json\/wp\/v2\/posts\/75\/revisions"}],"predecessor-version":[{"id":176,"href":"http:\/\/www.afaraba.org\/blog\/index.php\/wp-json\/wp\/v2\/posts\/75\/revisions\/176"}],"wp:attachment":[{"href":"http:\/\/www.afaraba.org\/blog\/index.php\/wp-json\/wp\/v2\/media?parent=75"}],"wp:term":[{"taxonomy":"category","embeddable":true,"href":"http:\/\/www.afaraba.org\/blog\/index.php\/wp-json\/wp\/v2\/categories?post=75"},{"taxonomy":"post_tag","embeddable":true,"href":"http:\/\/www.afaraba.org\/blog\/index.php\/wp-json\/wp\/v2\/tags?post=75"}],"curies":[{"name":"wp","href":"https:\/\/api.w.org\/{rel}","templated":true}]}}