{"id":757,"date":"2022-06-04T13:39:00","date_gmt":"2022-06-04T12:39:00","guid":{"rendered":"http:\/\/www.afaraba.org\/blog\/?p=757"},"modified":"2022-06-06T13:39:40","modified_gmt":"2022-06-06T12:39:40","slug":"concierto-benefico","status":"publish","type":"post","link":"http:\/\/www.afaraba.org\/blog\/index.php\/2022\/06\/04\/concierto-benefico\/","title":{"rendered":"CONCIERTO BEN\u00c9FICO"},"content":{"rendered":"\n<figure class=\"wp-block-image size-large is-resized\"><img loading=\"lazy\" src=\"https:\/\/www.afaraba.org\/blog\/wp-content\/uploads\/2022\/06\/WhatsApp-Image-2022-06-05-at-9.11.59-AM-768x1024.jpeg\" alt=\"\" class=\"wp-image-759\" width=\"312\" height=\"416\" srcset=\"http:\/\/www.afaraba.org\/blog\/wp-content\/uploads\/2022\/06\/WhatsApp-Image-2022-06-05-at-9.11.59-AM-768x1024.jpeg 768w, http:\/\/www.afaraba.org\/blog\/wp-content\/uploads\/2022\/06\/WhatsApp-Image-2022-06-05-at-9.11.59-AM-225x300.jpeg 225w, http:\/\/www.afaraba.org\/blog\/wp-content\/uploads\/2022\/06\/WhatsApp-Image-2022-06-05-at-9.11.59-AM-1152x1536.jpeg 1152w, http:\/\/www.afaraba.org\/blog\/wp-content\/uploads\/2022\/06\/WhatsApp-Image-2022-06-05-at-9.11.59-AM.jpeg 1200w\" sizes=\"(max-width: 312px) 85vw, 312px\" \/><\/figure>\n\n\n\n<p>Muchas Gracias por la asistencia al concierto Ben\u00e9fico realizado en la decimosexta edici\u00f3n del programa\u00a0Ondas de Jazz a favor de ADELA y AFARABA con una recaudaci\u00f3n de 2800\u20ac!!<\/p>\n\n\n\n<figure class=\"wp-block-image size-large is-resized\"><img loading=\"lazy\" src=\"https:\/\/www.afaraba.org\/blog\/wp-content\/uploads\/2022\/06\/WhatsApp-Image-2022-06-04-at-9.58.14-PM-1024x768.jpeg\" alt=\"\" class=\"wp-image-758\" width=\"268\" height=\"200\" srcset=\"http:\/\/www.afaraba.org\/blog\/wp-content\/uploads\/2022\/06\/WhatsApp-Image-2022-06-04-at-9.58.14-PM-1024x768.jpeg 1024w, http:\/\/www.afaraba.org\/blog\/wp-content\/uploads\/2022\/06\/WhatsApp-Image-2022-06-04-at-9.58.14-PM-300x225.jpeg 300w, http:\/\/www.afaraba.org\/blog\/wp-content\/uploads\/2022\/06\/WhatsApp-Image-2022-06-04-at-9.58.14-PM-768x576.jpeg 768w, http:\/\/www.afaraba.org\/blog\/wp-content\/uploads\/2022\/06\/WhatsApp-Image-2022-06-04-at-9.58.14-PM-1536x1152.jpeg 1536w, http:\/\/www.afaraba.org\/blog\/wp-content\/uploads\/2022\/06\/WhatsApp-Image-2022-06-04-at-9.58.14-PM-1200x900.jpeg 1200w, http:\/\/www.afaraba.org\/blog\/wp-content\/uploads\/2022\/06\/WhatsApp-Image-2022-06-04-at-9.58.14-PM.jpeg 1600w\" sizes=\"(max-width: 268px) 85vw, 268px\" \/><\/figure>\n\n\n\n<p><br>Maravilloso el violonchelista franc\u00e9s\u00a0Matthieu Saglio, considerado como uno de los mejores violonchelistas del mundo<\/p>\n\n\n\n<p>Gracias&nbsp;<a href=\"https:\/\/www.instagram.com\/ondasdjazz\/\">@ondasdjazz<\/a>&nbsp;por la organizaci\u00f3n e implicaci\u00f3n!<\/p>\n\n\n\n<figure class=\"wp-block-video\"><video controls src=\"https:\/\/www.afaraba.org\/blog\/wp-content\/uploads\/2022\/06\/WhatsApp-Video-2022-06-05-at-9.14.38-AM.mp4\"><\/video><\/figure>\n","protected":false},"excerpt":{"rendered":"<p>Muchas Gracias por la asistencia al concierto Ben\u00e9fico realizado en la decimosexta edici\u00f3n del programa\u00a0Ondas de Jazz a favor de ADELA y AFARABA con una recaudaci\u00f3n de 2800\u20ac!! Maravilloso el violonchelista franc\u00e9s\u00a0Matthieu Saglio, considerado como uno de los mejores violonchelistas del mundo Gracias&nbsp;@ondasdjazz&nbsp;por la organizaci\u00f3n e implicaci\u00f3n!<\/p>\n","protected":false},"author":1,"featured_media":0,"comment_status":"open","ping_status":"open","sticky":false,"template":"","format":"standard","meta":{"om_disable_all_campaigns":false,"_monsterinsights_skip_tracking":false,"_monsterinsights_sitenote_active":false,"_monsterinsights_sitenote_note":"","_monsterinsights_sitenote_category":0,"_uf_show_specific_survey":0,"_uf_disable_surveys":false},"categories":[3],"tags":[],"aioseo_notices":[],"yoast_head":"<!-- This site is optimized with the Yoast SEO plugin v20.4 - https:\/\/yoast.com\/wordpress\/plugins\/seo\/ -->\n<title>CONCIERTO BEN\u00c9FICO - AFARABA<\/title>\n<meta name=\"robots\" content=\"index, follow, max-snippet:-1, max-image-preview:large, max-video-preview:-1\" \/>\n<link rel=\"canonical\" href=\"http:\/\/www.afaraba.org\/blog\/index.php\/2022\/06\/04\/concierto-benefico\/\" \/>\n<meta property=\"og:locale\" content=\"es_ES\" \/>\n<meta property=\"og:type\" content=\"article\" \/>\n<meta property=\"og:title\" content=\"CONCIERTO BEN\u00c9FICO - AFARABA\" \/>\n<meta property=\"og:description\" content=\"Muchas Gracias por la asistencia al concierto Ben\u00e9fico realizado en la decimosexta edici\u00f3n del programa\u00a0Ondas de Jazz a favor de ADELA y AFARABA con una recaudaci\u00f3n de 2800\u20ac!! Maravilloso el violonchelista franc\u00e9s\u00a0Matthieu Saglio, considerado como uno de los mejores violonchelistas del mundo Gracias&nbsp;@ondasdjazz&nbsp;por la organizaci\u00f3n e implicaci\u00f3n!\" \/>\n<meta property=\"og:url\" content=\"http:\/\/www.afaraba.org\/blog\/index.php\/2022\/06\/04\/concierto-benefico\/\" \/>\n<meta property=\"og:site_name\" content=\"AFARABA\" \/>\n<meta property=\"article:published_time\" content=\"2022-06-04T12:39:00+00:00\" \/>\n<meta property=\"article:modified_time\" content=\"2022-06-06T12:39:40+00:00\" \/>\n<meta property=\"og:image\" content=\"https:\/\/www.afaraba.org\/blog\/wp-content\/uploads\/2022\/06\/WhatsApp-Image-2022-06-05-at-9.11.59-AM-768x1024.jpeg\" \/>\n<meta name=\"author\" content=\"admin\" \/>\n<meta name=\"twitter:card\" content=\"summary_large_image\" \/>\n<meta name=\"twitter:label1\" content=\"Escrito por\" \/>\n\t<meta name=\"twitter:data1\" content=\"admin\" \/>\n\t<meta name=\"twitter:label2\" content=\"Tiempo de lectura\" \/>\n\t<meta name=\"twitter:data2\" content=\"1 minuto\" \/>\n<script type=\"application\/ld+json\" class=\"yoast-schema-graph\">{\"@context\":\"https:\/\/schema.org\",\"@graph\":[{\"@type\":\"Article\",\"@id\":\"http:\/\/www.afaraba.org\/blog\/index.php\/2022\/06\/04\/concierto-benefico\/#article\",\"isPartOf\":{\"@id\":\"http:\/\/www.afaraba.org\/blog\/index.php\/2022\/06\/04\/concierto-benefico\/\"},\"author\":{\"name\":\"admin\",\"@id\":\"https:\/\/www.afaraba.org\/blog\/#\/schema\/person\/4a0ab48b67420072f420109f30843c71\"},\"headline\":\"CONCIERTO BEN\u00c9FICO\",\"datePublished\":\"2022-06-04T12:39:00+00:00\",\"dateModified\":\"2022-06-06T12:39:40+00:00\",\"mainEntityOfPage\":{\"@id\":\"http:\/\/www.afaraba.org\/blog\/index.php\/2022\/06\/04\/concierto-benefico\/\"},\"wordCount\":61,\"commentCount\":0,\"publisher\":{\"@id\":\"https:\/\/www.afaraba.org\/blog\/#organization\"},\"articleSection\":[\"PERSONAS CUIDADORAS\"],\"inLanguage\":\"es\",\"potentialAction\":[{\"@type\":\"CommentAction\",\"name\":\"Comment\",\"target\":[\"http:\/\/www.afaraba.org\/blog\/index.php\/2022\/06\/04\/concierto-benefico\/#respond\"]}]},{\"@type\":\"WebPage\",\"@id\":\"http:\/\/www.afaraba.org\/blog\/index.php\/2022\/06\/04\/concierto-benefico\/\",\"url\":\"http:\/\/www.afaraba.org\/blog\/index.php\/2022\/06\/04\/concierto-benefico\/\",\"name\":\"CONCIERTO BEN\u00c9FICO - AFARABA\",\"isPartOf\":{\"@id\":\"https:\/\/www.afaraba.org\/blog\/#website\"},\"datePublished\":\"2022-06-04T12:39:00+00:00\",\"dateModified\":\"2022-06-06T12:39:40+00:00\",\"breadcrumb\":{\"@id\":\"http:\/\/www.afaraba.org\/blog\/index.php\/2022\/06\/04\/concierto-benefico\/#breadcrumb\"},\"inLanguage\":\"es\",\"potentialAction\":[{\"@type\":\"ReadAction\",\"target\":[\"http:\/\/www.afaraba.org\/blog\/index.php\/2022\/06\/04\/concierto-benefico\/\"]}]},{\"@type\":\"BreadcrumbList\",\"@id\":\"http:\/\/www.afaraba.org\/blog\/index.php\/2022\/06\/04\/concierto-benefico\/#breadcrumb\",\"itemListElement\":[{\"@type\":\"ListItem\",\"position\":1,\"name\":\"Portada\",\"item\":\"https:\/\/www.afaraba.org\/blog\/\"},{\"@type\":\"ListItem\",\"position\":2,\"name\":\"CONCIERTO BEN\u00c9FICO\"}]},{\"@type\":\"WebSite\",\"@id\":\"https:\/\/www.afaraba.org\/blog\/#website\",\"url\":\"https:\/\/www.afaraba.org\/blog\/\",\"name\":\"AFARABA\",\"description\":\"BLOG AFARABA\",\"publisher\":{\"@id\":\"https:\/\/www.afaraba.org\/blog\/#organization\"},\"potentialAction\":[{\"@type\":\"SearchAction\",\"target\":{\"@type\":\"EntryPoint\",\"urlTemplate\":\"https:\/\/www.afaraba.org\/blog\/?s={search_term_string}\"},\"query-input\":\"required name=search_term_string\"}],\"inLanguage\":\"es\"},{\"@type\":\"Organization\",\"@id\":\"https:\/\/www.afaraba.org\/blog\/#organization\",\"name\":\"AFARABA\",\"url\":\"https:\/\/www.afaraba.org\/blog\/\",\"logo\":{\"@type\":\"ImageObject\",\"inLanguage\":\"es\",\"@id\":\"https:\/\/www.afaraba.org\/blog\/#\/schema\/logo\/image\/\",\"url\":\"http:\/\/www.afaraba.org\/blog\/wp-content\/uploads\/2020\/11\/cropped-AFA_HC-BLOG2.jpg\",\"contentUrl\":\"http:\/\/www.afaraba.org\/blog\/wp-content\/uploads\/2020\/11\/cropped-AFA_HC-BLOG2.jpg\",\"width\":240,\"height\":89,\"caption\":\"AFARABA\"},\"image\":{\"@id\":\"https:\/\/www.afaraba.org\/blog\/#\/schema\/logo\/image\/\"}},{\"@type\":\"Person\",\"@id\":\"https:\/\/www.afaraba.org\/blog\/#\/schema\/person\/4a0ab48b67420072f420109f30843c71\",\"name\":\"admin\",\"image\":{\"@type\":\"ImageObject\",\"inLanguage\":\"es\",\"@id\":\"https:\/\/www.afaraba.org\/blog\/#\/schema\/person\/image\/\",\"url\":\"http:\/\/0.gravatar.com\/avatar\/c2318eff2fb6ce04ef6dca732184cc5b?s=96&d=mm&r=g\",\"contentUrl\":\"http:\/\/0.gravatar.com\/avatar\/c2318eff2fb6ce04ef6dca732184cc5b?s=96&d=mm&r=g\",\"caption\":\"admin\"},\"url\":\"http:\/\/www.afaraba.org\/blog\/index.php\/author\/admin\/\"}]}<\/script>\n<!-- \/ Yoast SEO plugin. -->","yoast_head_json":{"title":"CONCIERTO BEN\u00c9FICO - AFARABA","robots":{"index":"index","follow":"follow","max-snippet":"max-snippet:-1","max-image-preview":"max-image-preview:large","max-video-preview":"max-video-preview:-1"},"canonical":"http:\/\/www.afaraba.org\/blog\/index.php\/2022\/06\/04\/concierto-benefico\/","og_locale":"es_ES","og_type":"article","og_title":"CONCIERTO BEN\u00c9FICO - AFARABA","og_description":"Muchas Gracias por la asistencia al concierto Ben\u00e9fico realizado en la decimosexta edici\u00f3n del programa\u00a0Ondas de Jazz a favor de ADELA y AFARABA con una recaudaci\u00f3n de 2800\u20ac!! Maravilloso el violonchelista franc\u00e9s\u00a0Matthieu Saglio, considerado como uno de los mejores violonchelistas del mundo Gracias&nbsp;@ondasdjazz&nbsp;por la organizaci\u00f3n e implicaci\u00f3n!","og_url":"http:\/\/www.afaraba.org\/blog\/index.php\/2022\/06\/04\/concierto-benefico\/","og_site_name":"AFARABA","article_published_time":"2022-06-04T12:39:00+00:00","article_modified_time":"2022-06-06T12:39:40+00:00","og_image":[{"url":"https:\/\/www.afaraba.org\/blog\/wp-content\/uploads\/2022\/06\/WhatsApp-Image-2022-06-05-at-9.11.59-AM-768x1024.jpeg"}],"author":"admin","twitter_card":"summary_large_image","twitter_misc":{"Escrito por":"admin","Tiempo de lectura":"1 minuto"},"schema":{"@context":"https:\/\/schema.org","@graph":[{"@type":"Article","@id":"http:\/\/www.afaraba.org\/blog\/index.php\/2022\/06\/04\/concierto-benefico\/#article","isPartOf":{"@id":"http:\/\/www.afaraba.org\/blog\/index.php\/2022\/06\/04\/concierto-benefico\/"},"author":{"name":"admin","@id":"https:\/\/www.afaraba.org\/blog\/#\/schema\/person\/4a0ab48b67420072f420109f30843c71"},"headline":"CONCIERTO BEN\u00c9FICO","datePublished":"2022-06-04T12:39:00+00:00","dateModified":"2022-06-06T12:39:40+00:00","mainEntityOfPage":{"@id":"http:\/\/www.afaraba.org\/blog\/index.php\/2022\/06\/04\/concierto-benefico\/"},"wordCount":61,"commentCount":0,"publisher":{"@id":"https:\/\/www.afaraba.org\/blog\/#organization"},"articleSection":["PERSONAS CUIDADORAS"],"inLanguage":"es","potentialAction":[{"@type":"CommentAction","name":"Comment","target":["http:\/\/www.afaraba.org\/blog\/index.php\/2022\/06\/04\/concierto-benefico\/#respond"]}]},{"@type":"WebPage","@id":"http:\/\/www.afaraba.org\/blog\/index.php\/2022\/06\/04\/concierto-benefico\/","url":"http:\/\/www.afaraba.org\/blog\/index.php\/2022\/06\/04\/concierto-benefico\/","name":"CONCIERTO BEN\u00c9FICO - AFARABA","isPartOf":{"@id":"https:\/\/www.afaraba.org\/blog\/#website"},"datePublished":"2022-06-04T12:39:00+00:00","dateModified":"2022-06-06T12:39:40+00:00","breadcrumb":{"@id":"http:\/\/www.afaraba.org\/blog\/index.php\/2022\/06\/04\/concierto-benefico\/#breadcrumb"},"inLanguage":"es","potentialAction":[{"@type":"ReadAction","target":["http:\/\/www.afaraba.org\/blog\/index.php\/2022\/06\/04\/concierto-benefico\/"]}]},{"@type":"BreadcrumbList","@id":"http:\/\/www.afaraba.org\/blog\/index.php\/2022\/06\/04\/concierto-benefico\/#breadcrumb","itemListElement":[{"@type":"ListItem","position":1,"name":"Portada","item":"https:\/\/www.afaraba.org\/blog\/"},{"@type":"ListItem","position":2,"name":"CONCIERTO BEN\u00c9FICO"}]},{"@type":"WebSite","@id":"https:\/\/www.afaraba.org\/blog\/#website","url":"https:\/\/www.afaraba.org\/blog\/","name":"AFARABA","description":"BLOG AFARABA","publisher":{"@id":"https:\/\/www.afaraba.org\/blog\/#organization"},"potentialAction":[{"@type":"SearchAction","target":{"@type":"EntryPoint","urlTemplate":"https:\/\/www.afaraba.org\/blog\/?s={search_term_string}"},"query-input":"required name=search_term_string"}],"inLanguage":"es"},{"@type":"Organization","@id":"https:\/\/www.afaraba.org\/blog\/#organization","name":"AFARABA","url":"https:\/\/www.afaraba.org\/blog\/","logo":{"@type":"ImageObject","inLanguage":"es","@id":"https:\/\/www.afaraba.org\/blog\/#\/schema\/logo\/image\/","url":"http:\/\/www.afaraba.org\/blog\/wp-content\/uploads\/2020\/11\/cropped-AFA_HC-BLOG2.jpg","contentUrl":"http:\/\/www.afaraba.org\/blog\/wp-content\/uploads\/2020\/11\/cropped-AFA_HC-BLOG2.jpg","width":240,"height":89,"caption":"AFARABA"},"image":{"@id":"https:\/\/www.afaraba.org\/blog\/#\/schema\/logo\/image\/"}},{"@type":"Person","@id":"https:\/\/www.afaraba.org\/blog\/#\/schema\/person\/4a0ab48b67420072f420109f30843c71","name":"admin","image":{"@type":"ImageObject","inLanguage":"es","@id":"https:\/\/www.afaraba.org\/blog\/#\/schema\/person\/image\/","url":"http:\/\/0.gravatar.com\/avatar\/c2318eff2fb6ce04ef6dca732184cc5b?s=96&d=mm&r=g","contentUrl":"http:\/\/0.gravatar.com\/avatar\/c2318eff2fb6ce04ef6dca732184cc5b?s=96&d=mm&r=g","caption":"admin"},"url":"http:\/\/www.afaraba.org\/blog\/index.php\/author\/admin\/"}]}},"_links":{"self":[{"href":"http:\/\/www.afaraba.org\/blog\/index.php\/wp-json\/wp\/v2\/posts\/757"}],"collection":[{"href":"http:\/\/www.afaraba.org\/blog\/index.php\/wp-json\/wp\/v2\/posts"}],"about":[{"href":"http:\/\/www.afaraba.org\/blog\/index.php\/wp-json\/wp\/v2\/types\/post"}],"author":[{"embeddable":true,"href":"http:\/\/www.afaraba.org\/blog\/index.php\/wp-json\/wp\/v2\/users\/1"}],"replies":[{"embeddable":true,"href":"http:\/\/www.afaraba.org\/blog\/index.php\/wp-json\/wp\/v2\/comments?post=757"}],"version-history":[{"count":1,"href":"http:\/\/www.afaraba.org\/blog\/index.php\/wp-json\/wp\/v2\/posts\/757\/revisions"}],"predecessor-version":[{"id":761,"href":"http:\/\/www.afaraba.org\/blog\/index.php\/wp-json\/wp\/v2\/posts\/757\/revisions\/761"}],"wp:attachment":[{"href":"http:\/\/www.afaraba.org\/blog\/index.php\/wp-json\/wp\/v2\/media?parent=757"}],"wp:term":[{"taxonomy":"category","embeddable":true,"href":"http:\/\/www.afaraba.org\/blog\/index.php\/wp-json\/wp\/v2\/categories?post=757"},{"taxonomy":"post_tag","embeddable":true,"href":"http:\/\/www.afaraba.org\/blog\/index.php\/wp-json\/wp\/v2\/tags?post=757"}],"curies":[{"name":"wp","href":"https:\/\/api.w.org\/{rel}","templated":true}]}}