{"id":95,"date":"2019-06-03T19:50:20","date_gmt":"2019-06-03T18:50:20","guid":{"rendered":"http:\/\/www.afaraba.org\/blog\/?p=95"},"modified":"2020-11-20T10:24:47","modified_gmt":"2020-11-20T09:24:47","slug":"agenda-nagusi","status":"publish","type":"post","link":"http:\/\/www.afaraba.org\/blog\/index.php\/2019\/06\/03\/agenda-nagusi\/","title":{"rendered":"AGENDA NAGUSI"},"content":{"rendered":"\n<h3>Compromiso colectivo para la creaci\u00f3n de valor p\u00fablico<\/h3>\n\n\n\n<div class=\"wp-block-image\"><figure class=\"alignleft is-resized\"><img loading=\"lazy\" src=\"http:\/\/www.afaraba.org\/blog\/wp-content\/uploads\/2019\/06\/WhatsApp-Image-2019-06-03-at-10.18.13-614x1024.jpeg\" alt=\"\" class=\"wp-image-97\" width=\"134\" height=\"224\" srcset=\"http:\/\/www.afaraba.org\/blog\/wp-content\/uploads\/2019\/06\/WhatsApp-Image-2019-06-03-at-10.18.13-614x1024.jpeg 614w, http:\/\/www.afaraba.org\/blog\/wp-content\/uploads\/2019\/06\/WhatsApp-Image-2019-06-03-at-10.18.13-180x300.jpeg 180w, http:\/\/www.afaraba.org\/blog\/wp-content\/uploads\/2019\/06\/WhatsApp-Image-2019-06-03-at-10.18.13.jpeg 768w\" sizes=\"(max-width: 134px) 85vw, 134px\" \/><\/figure><\/div>\n\n\n\n<p>Desde el a\u00f1o 2016, el Departamento de Empleo y Pol\u00edticas Sociales del Gobierno Vasco, a trav\u00e9s de la Direcci\u00f3n de Servicios Sociales viene desarrollando una Estrategia Vasca de Gobernanza con las Personas Mayores, basada en el dise\u00f1o de un modelo de gobernanza colaborativa&nbsp;denominada AGENDA NAGUSI.&nbsp;<\/p>\n\n\n\n<p><\/p>\n\n\n\n<p>En el marco de dicha iniciativa Paula Casas en representaci\u00f3n de AFARABA, acudi\u00f3 al AGE CAF\u00c9 con el objeto de generar conversaciones y reflexi\u00f3n en torno a la situaci\u00f3n de todas aquellas personas que d\u00eda a d\u00eda desarrollan labores de cuidados no profesionales a personas dependientes pertenecientes a su red familiar.<\/p>\n\n\n\n<div class=\"wp-block-image\"><figure class=\"aligncenter is-resized\"><img loading=\"lazy\" src=\"http:\/\/www.afaraba.org\/blog\/wp-content\/uploads\/2019\/06\/WhatsApp-Image-2019-06-03-at-14.52.15-1024x614.jpeg\" alt=\"\" class=\"wp-image-101\" width=\"565\" height=\"337\"\/><\/figure><\/div>\n","protected":false},"excerpt":{"rendered":"<p>Compromiso colectivo para la creaci\u00f3n de valor p\u00fablico Desde el a\u00f1o 2016, el Departamento de Empleo y Pol\u00edticas Sociales del Gobierno Vasco, a trav\u00e9s de la Direcci\u00f3n de Servicios Sociales viene desarrollando una Estrategia Vasca de Gobernanza con las Personas Mayores, basada en el dise\u00f1o de un modelo de gobernanza colaborativa&nbsp;denominada AGENDA NAGUSI.&nbsp; En el &hellip; <a href=\"http:\/\/www.afaraba.org\/blog\/index.php\/2019\/06\/03\/agenda-nagusi\/\" class=\"more-link\">Continuar leyendo<span class=\"screen-reader-text\"> \u00abAGENDA NAGUSI\u00bb<\/span><\/a><\/p>\n","protected":false},"author":1,"featured_media":0,"comment_status":"open","ping_status":"open","sticky":false,"template":"","format":"standard","meta":{"om_disable_all_campaigns":false,"_monsterinsights_skip_tracking":false,"_monsterinsights_sitenote_active":false,"_monsterinsights_sitenote_note":"","_monsterinsights_sitenote_category":0,"_uf_show_specific_survey":0,"_uf_disable_surveys":false},"categories":[109],"tags":[8,40,43,42,41],"aioseo_notices":[],"yoast_head":"<!-- This site is optimized with the Yoast SEO plugin v20.4 - https:\/\/yoast.com\/wordpress\/plugins\/seo\/ -->\n<title>AGENDA NAGUSI - AFARABA<\/title>\n<meta name=\"robots\" content=\"index, follow, max-snippet:-1, max-image-preview:large, max-video-preview:-1\" \/>\n<link rel=\"canonical\" href=\"http:\/\/www.afaraba.org\/blog\/index.php\/2019\/06\/03\/agenda-nagusi\/\" \/>\n<meta property=\"og:locale\" content=\"es_ES\" \/>\n<meta property=\"og:type\" content=\"article\" \/>\n<meta property=\"og:title\" content=\"AGENDA NAGUSI - AFARABA\" \/>\n<meta property=\"og:description\" content=\"Compromiso colectivo para la creaci\u00f3n de valor p\u00fablico Desde el a\u00f1o 2016, el Departamento de Empleo y Pol\u00edticas Sociales del Gobierno Vasco, a trav\u00e9s de la Direcci\u00f3n de Servicios Sociales viene desarrollando una Estrategia Vasca de Gobernanza con las Personas Mayores, basada en el dise\u00f1o de un modelo de gobernanza colaborativa&nbsp;denominada AGENDA NAGUSI.&nbsp; En el &hellip; Continuar leyendo &quot;AGENDA NAGUSI&quot;\" \/>\n<meta property=\"og:url\" content=\"http:\/\/www.afaraba.org\/blog\/index.php\/2019\/06\/03\/agenda-nagusi\/\" \/>\n<meta property=\"og:site_name\" content=\"AFARABA\" \/>\n<meta property=\"article:published_time\" content=\"2019-06-03T18:50:20+00:00\" \/>\n<meta property=\"article:modified_time\" content=\"2020-11-20T09:24:47+00:00\" \/>\n<meta property=\"og:image\" content=\"http:\/\/www.afaraba.org\/blog\/wp-content\/uploads\/2019\/06\/WhatsApp-Image-2019-06-03-at-10.18.13-614x1024.jpeg\" \/>\n<meta name=\"author\" content=\"admin\" \/>\n<meta name=\"twitter:card\" content=\"summary_large_image\" \/>\n<meta name=\"twitter:label1\" content=\"Escrito por\" \/>\n\t<meta name=\"twitter:data1\" content=\"admin\" \/>\n\t<meta name=\"twitter:label2\" content=\"Tiempo de lectura\" \/>\n\t<meta name=\"twitter:data2\" content=\"1 minuto\" \/>\n<script type=\"application\/ld+json\" class=\"yoast-schema-graph\">{\"@context\":\"https:\/\/schema.org\",\"@graph\":[{\"@type\":\"Article\",\"@id\":\"http:\/\/www.afaraba.org\/blog\/index.php\/2019\/06\/03\/agenda-nagusi\/#article\",\"isPartOf\":{\"@id\":\"http:\/\/www.afaraba.org\/blog\/index.php\/2019\/06\/03\/agenda-nagusi\/\"},\"author\":{\"name\":\"admin\",\"@id\":\"https:\/\/www.afaraba.org\/blog\/#\/schema\/person\/4a0ab48b67420072f420109f30843c71\"},\"headline\":\"AGENDA NAGUSI\",\"datePublished\":\"2019-06-03T18:50:20+00:00\",\"dateModified\":\"2020-11-20T09:24:47+00:00\",\"mainEntityOfPage\":{\"@id\":\"http:\/\/www.afaraba.org\/blog\/index.php\/2019\/06\/03\/agenda-nagusi\/\"},\"wordCount\":120,\"commentCount\":0,\"publisher\":{\"@id\":\"https:\/\/www.afaraba.org\/blog\/#organization\"},\"keywords\":[\"afaraba\",\"agenda nagusi\",\"estrategia vasca\",\"personas mayores\",\"politicas sociales\"],\"articleSection\":[\"COLABORACI\u00d3N\"],\"inLanguage\":\"es\",\"potentialAction\":[{\"@type\":\"CommentAction\",\"name\":\"Comment\",\"target\":[\"http:\/\/www.afaraba.org\/blog\/index.php\/2019\/06\/03\/agenda-nagusi\/#respond\"]}]},{\"@type\":\"WebPage\",\"@id\":\"http:\/\/www.afaraba.org\/blog\/index.php\/2019\/06\/03\/agenda-nagusi\/\",\"url\":\"http:\/\/www.afaraba.org\/blog\/index.php\/2019\/06\/03\/agenda-nagusi\/\",\"name\":\"AGENDA NAGUSI - AFARABA\",\"isPartOf\":{\"@id\":\"https:\/\/www.afaraba.org\/blog\/#website\"},\"datePublished\":\"2019-06-03T18:50:20+00:00\",\"dateModified\":\"2020-11-20T09:24:47+00:00\",\"breadcrumb\":{\"@id\":\"http:\/\/www.afaraba.org\/blog\/index.php\/2019\/06\/03\/agenda-nagusi\/#breadcrumb\"},\"inLanguage\":\"es\",\"potentialAction\":[{\"@type\":\"ReadAction\",\"target\":[\"http:\/\/www.afaraba.org\/blog\/index.php\/2019\/06\/03\/agenda-nagusi\/\"]}]},{\"@type\":\"BreadcrumbList\",\"@id\":\"http:\/\/www.afaraba.org\/blog\/index.php\/2019\/06\/03\/agenda-nagusi\/#breadcrumb\",\"itemListElement\":[{\"@type\":\"ListItem\",\"position\":1,\"name\":\"Portada\",\"item\":\"https:\/\/www.afaraba.org\/blog\/\"},{\"@type\":\"ListItem\",\"position\":2,\"name\":\"AGENDA NAGUSI\"}]},{\"@type\":\"WebSite\",\"@id\":\"https:\/\/www.afaraba.org\/blog\/#website\",\"url\":\"https:\/\/www.afaraba.org\/blog\/\",\"name\":\"AFARABA\",\"description\":\"BLOG AFARABA\",\"publisher\":{\"@id\":\"https:\/\/www.afaraba.org\/blog\/#organization\"},\"potentialAction\":[{\"@type\":\"SearchAction\",\"target\":{\"@type\":\"EntryPoint\",\"urlTemplate\":\"https:\/\/www.afaraba.org\/blog\/?s={search_term_string}\"},\"query-input\":\"required name=search_term_string\"}],\"inLanguage\":\"es\"},{\"@type\":\"Organization\",\"@id\":\"https:\/\/www.afaraba.org\/blog\/#organization\",\"name\":\"AFARABA\",\"url\":\"https:\/\/www.afaraba.org\/blog\/\",\"logo\":{\"@type\":\"ImageObject\",\"inLanguage\":\"es\",\"@id\":\"https:\/\/www.afaraba.org\/blog\/#\/schema\/logo\/image\/\",\"url\":\"http:\/\/www.afaraba.org\/blog\/wp-content\/uploads\/2020\/11\/cropped-AFA_HC-BLOG2.jpg\",\"contentUrl\":\"http:\/\/www.afaraba.org\/blog\/wp-content\/uploads\/2020\/11\/cropped-AFA_HC-BLOG2.jpg\",\"width\":240,\"height\":89,\"caption\":\"AFARABA\"},\"image\":{\"@id\":\"https:\/\/www.afaraba.org\/blog\/#\/schema\/logo\/image\/\"}},{\"@type\":\"Person\",\"@id\":\"https:\/\/www.afaraba.org\/blog\/#\/schema\/person\/4a0ab48b67420072f420109f30843c71\",\"name\":\"admin\",\"image\":{\"@type\":\"ImageObject\",\"inLanguage\":\"es\",\"@id\":\"https:\/\/www.afaraba.org\/blog\/#\/schema\/person\/image\/\",\"url\":\"http:\/\/0.gravatar.com\/avatar\/c2318eff2fb6ce04ef6dca732184cc5b?s=96&d=mm&r=g\",\"contentUrl\":\"http:\/\/0.gravatar.com\/avatar\/c2318eff2fb6ce04ef6dca732184cc5b?s=96&d=mm&r=g\",\"caption\":\"admin\"},\"url\":\"http:\/\/www.afaraba.org\/blog\/index.php\/author\/admin\/\"}]}<\/script>\n<!-- \/ Yoast SEO plugin. -->","yoast_head_json":{"title":"AGENDA NAGUSI - AFARABA","robots":{"index":"index","follow":"follow","max-snippet":"max-snippet:-1","max-image-preview":"max-image-preview:large","max-video-preview":"max-video-preview:-1"},"canonical":"http:\/\/www.afaraba.org\/blog\/index.php\/2019\/06\/03\/agenda-nagusi\/","og_locale":"es_ES","og_type":"article","og_title":"AGENDA NAGUSI - AFARABA","og_description":"Compromiso colectivo para la creaci\u00f3n de valor p\u00fablico Desde el a\u00f1o 2016, el Departamento de Empleo y Pol\u00edticas Sociales del Gobierno Vasco, a trav\u00e9s de la Direcci\u00f3n de Servicios Sociales viene desarrollando una Estrategia Vasca de Gobernanza con las Personas Mayores, basada en el dise\u00f1o de un modelo de gobernanza colaborativa&nbsp;denominada AGENDA NAGUSI.&nbsp; En el &hellip; Continuar leyendo \"AGENDA NAGUSI\"","og_url":"http:\/\/www.afaraba.org\/blog\/index.php\/2019\/06\/03\/agenda-nagusi\/","og_site_name":"AFARABA","article_published_time":"2019-06-03T18:50:20+00:00","article_modified_time":"2020-11-20T09:24:47+00:00","og_image":[{"url":"http:\/\/www.afaraba.org\/blog\/wp-content\/uploads\/2019\/06\/WhatsApp-Image-2019-06-03-at-10.18.13-614x1024.jpeg"}],"author":"admin","twitter_card":"summary_large_image","twitter_misc":{"Escrito por":"admin","Tiempo de lectura":"1 minuto"},"schema":{"@context":"https:\/\/schema.org","@graph":[{"@type":"Article","@id":"http:\/\/www.afaraba.org\/blog\/index.php\/2019\/06\/03\/agenda-nagusi\/#article","isPartOf":{"@id":"http:\/\/www.afaraba.org\/blog\/index.php\/2019\/06\/03\/agenda-nagusi\/"},"author":{"name":"admin","@id":"https:\/\/www.afaraba.org\/blog\/#\/schema\/person\/4a0ab48b67420072f420109f30843c71"},"headline":"AGENDA NAGUSI","datePublished":"2019-06-03T18:50:20+00:00","dateModified":"2020-11-20T09:24:47+00:00","mainEntityOfPage":{"@id":"http:\/\/www.afaraba.org\/blog\/index.php\/2019\/06\/03\/agenda-nagusi\/"},"wordCount":120,"commentCount":0,"publisher":{"@id":"https:\/\/www.afaraba.org\/blog\/#organization"},"keywords":["afaraba","agenda nagusi","estrategia vasca","personas mayores","politicas sociales"],"articleSection":["COLABORACI\u00d3N"],"inLanguage":"es","potentialAction":[{"@type":"CommentAction","name":"Comment","target":["http:\/\/www.afaraba.org\/blog\/index.php\/2019\/06\/03\/agenda-nagusi\/#respond"]}]},{"@type":"WebPage","@id":"http:\/\/www.afaraba.org\/blog\/index.php\/2019\/06\/03\/agenda-nagusi\/","url":"http:\/\/www.afaraba.org\/blog\/index.php\/2019\/06\/03\/agenda-nagusi\/","name":"AGENDA NAGUSI - AFARABA","isPartOf":{"@id":"https:\/\/www.afaraba.org\/blog\/#website"},"datePublished":"2019-06-03T18:50:20+00:00","dateModified":"2020-11-20T09:24:47+00:00","breadcrumb":{"@id":"http:\/\/www.afaraba.org\/blog\/index.php\/2019\/06\/03\/agenda-nagusi\/#breadcrumb"},"inLanguage":"es","potentialAction":[{"@type":"ReadAction","target":["http:\/\/www.afaraba.org\/blog\/index.php\/2019\/06\/03\/agenda-nagusi\/"]}]},{"@type":"BreadcrumbList","@id":"http:\/\/www.afaraba.org\/blog\/index.php\/2019\/06\/03\/agenda-nagusi\/#breadcrumb","itemListElement":[{"@type":"ListItem","position":1,"name":"Portada","item":"https:\/\/www.afaraba.org\/blog\/"},{"@type":"ListItem","position":2,"name":"AGENDA NAGUSI"}]},{"@type":"WebSite","@id":"https:\/\/www.afaraba.org\/blog\/#website","url":"https:\/\/www.afaraba.org\/blog\/","name":"AFARABA","description":"BLOG AFARABA","publisher":{"@id":"https:\/\/www.afaraba.org\/blog\/#organization"},"potentialAction":[{"@type":"SearchAction","target":{"@type":"EntryPoint","urlTemplate":"https:\/\/www.afaraba.org\/blog\/?s={search_term_string}"},"query-input":"required name=search_term_string"}],"inLanguage":"es"},{"@type":"Organization","@id":"https:\/\/www.afaraba.org\/blog\/#organization","name":"AFARABA","url":"https:\/\/www.afaraba.org\/blog\/","logo":{"@type":"ImageObject","inLanguage":"es","@id":"https:\/\/www.afaraba.org\/blog\/#\/schema\/logo\/image\/","url":"http:\/\/www.afaraba.org\/blog\/wp-content\/uploads\/2020\/11\/cropped-AFA_HC-BLOG2.jpg","contentUrl":"http:\/\/www.afaraba.org\/blog\/wp-content\/uploads\/2020\/11\/cropped-AFA_HC-BLOG2.jpg","width":240,"height":89,"caption":"AFARABA"},"image":{"@id":"https:\/\/www.afaraba.org\/blog\/#\/schema\/logo\/image\/"}},{"@type":"Person","@id":"https:\/\/www.afaraba.org\/blog\/#\/schema\/person\/4a0ab48b67420072f420109f30843c71","name":"admin","image":{"@type":"ImageObject","inLanguage":"es","@id":"https:\/\/www.afaraba.org\/blog\/#\/schema\/person\/image\/","url":"http:\/\/0.gravatar.com\/avatar\/c2318eff2fb6ce04ef6dca732184cc5b?s=96&d=mm&r=g","contentUrl":"http:\/\/0.gravatar.com\/avatar\/c2318eff2fb6ce04ef6dca732184cc5b?s=96&d=mm&r=g","caption":"admin"},"url":"http:\/\/www.afaraba.org\/blog\/index.php\/author\/admin\/"}]}},"_links":{"self":[{"href":"http:\/\/www.afaraba.org\/blog\/index.php\/wp-json\/wp\/v2\/posts\/95"}],"collection":[{"href":"http:\/\/www.afaraba.org\/blog\/index.php\/wp-json\/wp\/v2\/posts"}],"about":[{"href":"http:\/\/www.afaraba.org\/blog\/index.php\/wp-json\/wp\/v2\/types\/post"}],"author":[{"embeddable":true,"href":"http:\/\/www.afaraba.org\/blog\/index.php\/wp-json\/wp\/v2\/users\/1"}],"replies":[{"embeddable":true,"href":"http:\/\/www.afaraba.org\/blog\/index.php\/wp-json\/wp\/v2\/comments?post=95"}],"version-history":[{"count":6,"href":"http:\/\/www.afaraba.org\/blog\/index.php\/wp-json\/wp\/v2\/posts\/95\/revisions"}],"predecessor-version":[{"id":170,"href":"http:\/\/www.afaraba.org\/blog\/index.php\/wp-json\/wp\/v2\/posts\/95\/revisions\/170"}],"wp:attachment":[{"href":"http:\/\/www.afaraba.org\/blog\/index.php\/wp-json\/wp\/v2\/media?parent=95"}],"wp:term":[{"taxonomy":"category","embeddable":true,"href":"http:\/\/www.afaraba.org\/blog\/index.php\/wp-json\/wp\/v2\/categories?post=95"},{"taxonomy":"post_tag","embeddable":true,"href":"http:\/\/www.afaraba.org\/blog\/index.php\/wp-json\/wp\/v2\/tags?post=95"}],"curies":[{"name":"wp","href":"https:\/\/api.w.org\/{rel}","templated":true}]}}